{"id":8657,"date":"2017-05-22T03:55:54","date_gmt":"2017-05-22T01:55:54","guid":{"rendered":"https:\/\/www.artfilmfest.sk\/en\/?p=8657"},"modified":"2017-06-17T16:18:46","modified_gmt":"2017-06-17T14:18:46","slug":"first-glimpses-of-this-years-kosice-art-film-fest","status":"publish","type":"post","link":"https:\/\/iffartfilm.com\/en\/blog\/uncategorized\/2017\/05\/first-glimpses-of-this-years-kosice-art-film-fest\/","title":{"rendered":"First glimpses of this year\u2019s Ko\u0161ice Art Film Fest"},"content":{"rendered":"<p>18 programme sections, chances to meet respected figures of Slovak and world cinema, a varied programme of accompanying events \u2013 all this and more awaits in just a month\u2019s time at the 25th edition of Slovakia\u2019s oldest film festival: the Ko\u0161ice Art Film Fest.<\/p>\n<p>Running from 16 to 24 June, the festival will feature numerous exclusive Slovak premieres of internationally awarded films. In total, the programme includes roughly 160 feature-length and short films, divided among two competitions and 16 non-competition sections. \u201cWe do our best to curate a programme that is rich and varied, both in terms of genre and subject matter. Take, for example, the European Corner section, where you have a challenging film like Konchalovsky\u2019s Paradise [note: winner of Venice\u2019s Silver Lion for Best Director] alongside crowd-pleasers like the Belgian\/French satire King of the Belgians and the brilliant French comedy Lost in Paris,\u201d says Ko\u0161ice AFF artistic director Peter N\u00e1gel.<\/p>\n<p>\u201cOur programme this year is truly sweeping in scope, and I look forward to rounding it out with films from this year\u2019s Cannes Film Festival,\u201d adds N\u00e1gel.<\/p>\n<p>In the International Competition of Feature Films and the International Competition of Short Films, pictures will vie for Art Film Fest\u2019s grand prizes: the Blue Angels. \u201cIn addition to both international competitions, the festival will also continue in its tradition of recognizing esteemed figures. The laureates\u2019 names will be announced in early June,\u201d says N\u00e1gel, adding that this year, the festival\u2019s Actor\u2019s Mission Award and Golden Camera will be joined by a new prize: the Festival President\u2019s Award.<\/p>\n<p>Ko\u0161ice\u2019s magnificent Kunsthalle will remain the festival\u2019s main screening venue, now equipped with new cinema seating. And this June film marathon will also be \u201crunning\u201d at various other venues, such as Kulturpark, Taba\u010dka, Kino \u00dasmev, Kino Slovan and the Ko\u0161ice Amphitheatre.<\/p>\n<p>And of course, it wouldn\u2019t be a buzzing film festival without a diverse programme of accompanying events. Visitors will be able to enjoy musical, theatrical and recreational events in Kulturpark, Taba\u010dka and Hlavn\u00e1 ulica \u2013 Ko\u0161ice\u2019s high street.<\/p>\n<p>___________________________________________________________________<\/p>\n<p>&nbsp;<\/p>\n<p>Organizers: ART FILM FEST, s.r.o., Forza, a.s.<\/p>\n<p>Co-organizers: The City of Ko\u0161ice, K13, Ko\u0161ice Self-governing Region<\/p>\n<p>The festival is held under the auspices of Prime Minister of the Slovak Republic Robert Fico and Minister of Culture Marek Ma\u010fari\u010d.<\/p>\n<p>Financial support: The Audiovisual Fund<\/p>\n<p>Main partners: Tipos, Transpetrol, Slovensk\u00e1 po\u0161ta, V\u00fdchodoslovensk\u00e1 energetika \u2013 a member of Innogy, Slovnaft<\/p>\n<p>Official festival automobile: Hyundai<\/p>\n<p>Official festival hotel: Hotel Yasmin<\/p>\n<p>Official carrier: \u010cSA (Czech Airlines)<\/p>\n<p>Festival logistics partner: DHL Express Slovakia<\/p>\n<p>Sponsors: \u010cEZ Slovensko, Budi\u0161, Stella Artois, Keramon, Kino \u00dasmev, Sedasport, \u017delezni\u010dn\u00e1 spolo\u010dnos\u0165 Slovensko, Aupark, Pan-European University<\/p>\n<p>Official suppliers: Barzzuz, NOV s.r.o. Zebra, Tuli<\/p>\n<p>Main media partners: Radio and Television of Slovakia, R\u00e1dio Slovensko, R\u00e1dio FM, R\u00e1dio Regina, Nov\u00fd \u010cas, Aktuality.sk<\/p>\n<p>Media partners: R\u00e1dio Express, R\u00e1dio Ko\u0161ice, Film Europe Channel, \u010ceskoslovensko Channel, Festival Cinema, SME, Korz\u00e1r, Kam do mesta, webnoviny.sk, Refresher, Bigmedia, HOme media, Codes<\/p>\n<p>Partners: Autocont, Taba\u010dka Kulturfabrik, Student Lab, Ko\u0161ice City Guide, Horse Inn, Teledom, Carpano, KPK<\/p>\n<p>&nbsp;<\/p>\n<p>&nbsp;<\/p>\n<p>&nbsp;<\/p>\n<p>&nbsp;<\/p>\n<p>&nbsp;<\/p>\n","protected":false},"excerpt":{"rendered":"<p>18 programme sections, chances to meet respected figures of Slovak and world cinema, a varied programme of accompanying","protected":false},"author":2,"featured_media":8658,"comment_status":"closed","ping_status":"closed","sticky":false,"template":"","format":"standard","meta":{"_acf_changed":false,"footnotes":""},"categories":[14],"tags":[81],"class_list":["post-8657","post","type-post","status-publish","format-standard","has-post-thumbnail","hentry","category-uncategorized","tag-aff-2017"],"acf":[],"yoast_head":"<!-- This site is optimized with the Yoast SEO Premium plugin v27.2 (Yoast SEO v27.5) - https:\/\/yoast.com\/product\/yoast-seo-premium-wordpress\/ -->\n<title>First glimpses of this year\u2019s Ko\u0161ice Art Film Fest &#8226; IFF ART FILM<\/title>\n<meta name=\"robots\" content=\"index, follow, max-snippet:-1, max-image-preview:large, max-video-preview:-1\" \/>\n<link rel=\"canonical\" href=\"https:\/\/iffartfilm.com\/en\/blog\/uncategorized\/2017\/05\/first-glimpses-of-this-years-kosice-art-film-fest\/\" \/>\n<meta property=\"og:locale\" content=\"en_US\" \/>\n<meta property=\"og:type\" content=\"article\" \/>\n<meta property=\"og:title\" content=\"First glimpses of this year\u2019s Ko\u0161ice Art Film Fest\" \/>\n<meta property=\"og:description\" content=\"18 programme sections, chances to meet respected figures of Slovak and world cinema, a varied programme of accompanying events \u2013 all this and more awaits\" \/>\n<meta property=\"og:url\" content=\"https:\/\/iffartfilm.com\/en\/blog\/uncategorized\/2017\/05\/first-glimpses-of-this-years-kosice-art-film-fest\/\" \/>\n<meta property=\"og:site_name\" content=\"IFF ART FILM\" \/>\n<meta property=\"article:publisher\" content=\"https:\/\/www.facebook.com\/IFFArtFilmKosice\" \/>\n<meta property=\"article:published_time\" content=\"2017-05-22T01:55:54+00:00\" \/>\n<meta property=\"article:modified_time\" content=\"2017-06-17T14:18:46+00:00\" \/>\n<meta property=\"og:image\" content=\"https:\/\/iffartfilm.com\/wp-content\/uploads\/2017\/05\/kusturica-1.jpg\" \/>\n\t<meta property=\"og:image:width\" content=\"900\" \/>\n\t<meta property=\"og:image:height\" content=\"480\" \/>\n\t<meta property=\"og:image:type\" content=\"image\/jpeg\" \/>\n<meta name=\"author\" content=\"AFF Admin\" \/>\n<meta name=\"twitter:card\" content=\"summary_large_image\" \/>\n<meta name=\"twitter:creator\" content=\"@ArtFilmFestSVK\" \/>\n<meta name=\"twitter:site\" content=\"@ArtFilmFestSVK\" \/>\n<meta name=\"twitter:label1\" content=\"Written by\" \/>\n\t<meta name=\"twitter:data1\" content=\"AFF Admin\" \/>\n\t<meta name=\"twitter:label2\" content=\"Est. reading time\" \/>\n\t<meta name=\"twitter:data2\" content=\"3 minutes\" \/>\n<script type=\"application\/ld+json\" class=\"yoast-schema-graph\">{\"@context\":\"https:\\\/\\\/schema.org\",\"@graph\":[{\"@type\":\"Article\",\"@id\":\"https:\\\/\\\/iffartfilm.com\\\/en\\\/blog\\\/uncategorized\\\/2017\\\/05\\\/first-glimpses-of-this-years-kosice-art-film-fest\\\/#article\",\"isPartOf\":{\"@id\":\"https:\\\/\\\/iffartfilm.com\\\/en\\\/blog\\\/uncategorized\\\/2017\\\/05\\\/first-glimpses-of-this-years-kosice-art-film-fest\\\/\"},\"author\":{\"name\":\"AFF Admin\",\"@id\":\"https:\\\/\\\/iffartfilm.com\\\/en\\\/#\\\/schema\\\/person\\\/55a097b32d28a560cbcd295bffd8f266\"},\"headline\":\"First glimpses of this year\u2019s Ko\u0161ice Art Film Fest\",\"datePublished\":\"2017-05-22T01:55:54+00:00\",\"dateModified\":\"2017-06-17T14:18:46+00:00\",\"mainEntityOfPage\":{\"@id\":\"https:\\\/\\\/iffartfilm.com\\\/en\\\/blog\\\/uncategorized\\\/2017\\\/05\\\/first-glimpses-of-this-years-kosice-art-film-fest\\\/\"},\"wordCount\":547,\"publisher\":{\"@id\":\"https:\\\/\\\/iffartfilm.com\\\/en\\\/#organization\"},\"image\":{\"@id\":\"https:\\\/\\\/iffartfilm.com\\\/en\\\/blog\\\/uncategorized\\\/2017\\\/05\\\/first-glimpses-of-this-years-kosice-art-film-fest\\\/#primaryimage\"},\"thumbnailUrl\":\"https:\\\/\\\/iffartfilm.com\\\/wp-content\\\/uploads\\\/2017\\\/05\\\/kusturica-1.jpg\",\"keywords\":[\"AFF 2017\"],\"inLanguage\":\"en-US\"},{\"@type\":\"WebPage\",\"@id\":\"https:\\\/\\\/iffartfilm.com\\\/en\\\/blog\\\/uncategorized\\\/2017\\\/05\\\/first-glimpses-of-this-years-kosice-art-film-fest\\\/\",\"url\":\"https:\\\/\\\/iffartfilm.com\\\/en\\\/blog\\\/uncategorized\\\/2017\\\/05\\\/first-glimpses-of-this-years-kosice-art-film-fest\\\/\",\"name\":\"First glimpses of this year\u2019s Ko\u0161ice Art Film Fest &#8226; IFF ART FILM\",\"isPartOf\":{\"@id\":\"https:\\\/\\\/iffartfilm.com\\\/en\\\/#website\"},\"primaryImageOfPage\":{\"@id\":\"https:\\\/\\\/iffartfilm.com\\\/en\\\/blog\\\/uncategorized\\\/2017\\\/05\\\/first-glimpses-of-this-years-kosice-art-film-fest\\\/#primaryimage\"},\"image\":{\"@id\":\"https:\\\/\\\/iffartfilm.com\\\/en\\\/blog\\\/uncategorized\\\/2017\\\/05\\\/first-glimpses-of-this-years-kosice-art-film-fest\\\/#primaryimage\"},\"thumbnailUrl\":\"https:\\\/\\\/iffartfilm.com\\\/wp-content\\\/uploads\\\/2017\\\/05\\\/kusturica-1.jpg\",\"datePublished\":\"2017-05-22T01:55:54+00:00\",\"dateModified\":\"2017-06-17T14:18:46+00:00\",\"breadcrumb\":{\"@id\":\"https:\\\/\\\/iffartfilm.com\\\/en\\\/blog\\\/uncategorized\\\/2017\\\/05\\\/first-glimpses-of-this-years-kosice-art-film-fest\\\/#breadcrumb\"},\"inLanguage\":\"en-US\",\"potentialAction\":[{\"@type\":\"ReadAction\",\"target\":[\"https:\\\/\\\/iffartfilm.com\\\/en\\\/blog\\\/uncategorized\\\/2017\\\/05\\\/first-glimpses-of-this-years-kosice-art-film-fest\\\/\"]}]},{\"@type\":\"ImageObject\",\"inLanguage\":\"en-US\",\"@id\":\"https:\\\/\\\/iffartfilm.com\\\/en\\\/blog\\\/uncategorized\\\/2017\\\/05\\\/first-glimpses-of-this-years-kosice-art-film-fest\\\/#primaryimage\",\"url\":\"https:\\\/\\\/iffartfilm.com\\\/wp-content\\\/uploads\\\/2017\\\/05\\\/kusturica-1.jpg\",\"contentUrl\":\"https:\\\/\\\/iffartfilm.com\\\/wp-content\\\/uploads\\\/2017\\\/05\\\/kusturica-1.jpg\",\"width\":900,\"height\":480},{\"@type\":\"BreadcrumbList\",\"@id\":\"https:\\\/\\\/iffartfilm.com\\\/en\\\/blog\\\/uncategorized\\\/2017\\\/05\\\/first-glimpses-of-this-years-kosice-art-film-fest\\\/#breadcrumb\",\"itemListElement\":[{\"@type\":\"ListItem\",\"position\":1,\"name\":\"Dom\u00e1ca str\u00e1nka\",\"item\":\"https:\\\/\\\/iffartfilm.com\\\/en\\\/\"},{\"@type\":\"ListItem\",\"position\":2,\"name\":\"First glimpses of this year\u2019s Ko\u0161ice Art Film Fest\"}]},{\"@type\":\"WebSite\",\"@id\":\"https:\\\/\\\/iffartfilm.com\\\/en\\\/#website\",\"url\":\"https:\\\/\\\/iffartfilm.com\\\/en\\\/\",\"name\":\"IFF ART FILM\",\"description\":\"Medzin\u00e1rodn\u00fd filmov\u00fd festival\",\"publisher\":{\"@id\":\"https:\\\/\\\/iffartfilm.com\\\/en\\\/#organization\"},\"alternateName\":\"Art Film\",\"potentialAction\":[{\"@type\":\"SearchAction\",\"target\":{\"@type\":\"EntryPoint\",\"urlTemplate\":\"https:\\\/\\\/iffartfilm.com\\\/en\\\/?s={search_term_string}\"},\"query-input\":{\"@type\":\"PropertyValueSpecification\",\"valueRequired\":true,\"valueName\":\"search_term_string\"}}],\"inLanguage\":\"en-US\"},{\"@type\":\"Organization\",\"@id\":\"https:\\\/\\\/iffartfilm.com\\\/en\\\/#organization\",\"name\":\"ART FILM FEST, s.r.o.\",\"url\":\"https:\\\/\\\/iffartfilm.com\\\/en\\\/\",\"logo\":{\"@type\":\"ImageObject\",\"inLanguage\":\"en-US\",\"@id\":\"https:\\\/\\\/iffartfilm.com\\\/en\\\/#\\\/schema\\\/logo\\\/image\\\/\",\"url\":\"https:\\\/\\\/iffartfilm.com\\\/wp-content\\\/uploads\\\/2024\\\/11\\\/aff-cinepass-2025.png\",\"contentUrl\":\"https:\\\/\\\/iffartfilm.com\\\/wp-content\\\/uploads\\\/2024\\\/11\\\/aff-cinepass-2025.png\",\"width\":486,\"height\":215,\"caption\":\"ART FILM FEST, s.r.o.\"},\"image\":{\"@id\":\"https:\\\/\\\/iffartfilm.com\\\/en\\\/#\\\/schema\\\/logo\\\/image\\\/\"},\"sameAs\":[\"https:\\\/\\\/www.facebook.com\\\/IFFArtFilmKosice\",\"https:\\\/\\\/x.com\\\/ArtFilmFestSVK\",\"https:\\\/\\\/www.instagram.com\\\/iffartfilmkosice\\\/\",\"https:\\\/\\\/www.youtube.com\\\/user\\\/artfilmfest81\\\/\",\"https:\\\/\\\/www.linkedin.com\\\/company\\\/international-film-festival-art-film\"]},{\"@type\":\"Person\",\"@id\":\"https:\\\/\\\/iffartfilm.com\\\/en\\\/#\\\/schema\\\/person\\\/55a097b32d28a560cbcd295bffd8f266\",\"name\":\"AFF Admin\",\"image\":{\"@type\":\"ImageObject\",\"inLanguage\":\"en-US\",\"@id\":\"https:\\\/\\\/secure.gravatar.com\\\/avatar\\\/5db5d37617da01600ba354e911ea20846b0b249da42f7c6e2aa10bdd0adaa7dc?s=96&d=mm&r=g\",\"url\":\"https:\\\/\\\/secure.gravatar.com\\\/avatar\\\/5db5d37617da01600ba354e911ea20846b0b249da42f7c6e2aa10bdd0adaa7dc?s=96&d=mm&r=g\",\"contentUrl\":\"https:\\\/\\\/secure.gravatar.com\\\/avatar\\\/5db5d37617da01600ba354e911ea20846b0b249da42f7c6e2aa10bdd0adaa7dc?s=96&d=mm&r=g\",\"caption\":\"AFF Admin\"},\"url\":\"https:\\\/\\\/iffartfilm.com\\\/en\\\/blog\\\/author\\\/branor\\\/\"}]}<\/script>\n<!-- \/ Yoast SEO Premium plugin. -->","yoast_head_json":{"title":"First glimpses of this year\u2019s Ko\u0161ice Art Film Fest &#8226; IFF ART FILM","robots":{"index":"index","follow":"follow","max-snippet":"max-snippet:-1","max-image-preview":"max-image-preview:large","max-video-preview":"max-video-preview:-1"},"canonical":"https:\/\/iffartfilm.com\/en\/blog\/uncategorized\/2017\/05\/first-glimpses-of-this-years-kosice-art-film-fest\/","og_locale":"en_US","og_type":"article","og_title":"First glimpses of this year\u2019s Ko\u0161ice Art Film Fest","og_description":"18 programme sections, chances to meet respected figures of Slovak and world cinema, a varied programme of accompanying events \u2013 all this and more awaits","og_url":"https:\/\/iffartfilm.com\/en\/blog\/uncategorized\/2017\/05\/first-glimpses-of-this-years-kosice-art-film-fest\/","og_site_name":"IFF ART FILM","article_publisher":"https:\/\/www.facebook.com\/IFFArtFilmKosice","article_published_time":"2017-05-22T01:55:54+00:00","article_modified_time":"2017-06-17T14:18:46+00:00","og_image":[{"width":900,"height":480,"url":"https:\/\/iffartfilm.com\/wp-content\/uploads\/2017\/05\/kusturica-1.jpg","type":"image\/jpeg"}],"author":"AFF Admin","twitter_card":"summary_large_image","twitter_creator":"@ArtFilmFestSVK","twitter_site":"@ArtFilmFestSVK","twitter_misc":{"Written by":"AFF Admin","Est. reading time":"3 minutes"},"schema":{"@context":"https:\/\/schema.org","@graph":[{"@type":"Article","@id":"https:\/\/iffartfilm.com\/en\/blog\/uncategorized\/2017\/05\/first-glimpses-of-this-years-kosice-art-film-fest\/#article","isPartOf":{"@id":"https:\/\/iffartfilm.com\/en\/blog\/uncategorized\/2017\/05\/first-glimpses-of-this-years-kosice-art-film-fest\/"},"author":{"name":"AFF Admin","@id":"https:\/\/iffartfilm.com\/en\/#\/schema\/person\/55a097b32d28a560cbcd295bffd8f266"},"headline":"First glimpses of this year\u2019s Ko\u0161ice Art Film Fest","datePublished":"2017-05-22T01:55:54+00:00","dateModified":"2017-06-17T14:18:46+00:00","mainEntityOfPage":{"@id":"https:\/\/iffartfilm.com\/en\/blog\/uncategorized\/2017\/05\/first-glimpses-of-this-years-kosice-art-film-fest\/"},"wordCount":547,"publisher":{"@id":"https:\/\/iffartfilm.com\/en\/#organization"},"image":{"@id":"https:\/\/iffartfilm.com\/en\/blog\/uncategorized\/2017\/05\/first-glimpses-of-this-years-kosice-art-film-fest\/#primaryimage"},"thumbnailUrl":"https:\/\/iffartfilm.com\/wp-content\/uploads\/2017\/05\/kusturica-1.jpg","keywords":["AFF 2017"],"inLanguage":"en-US"},{"@type":"WebPage","@id":"https:\/\/iffartfilm.com\/en\/blog\/uncategorized\/2017\/05\/first-glimpses-of-this-years-kosice-art-film-fest\/","url":"https:\/\/iffartfilm.com\/en\/blog\/uncategorized\/2017\/05\/first-glimpses-of-this-years-kosice-art-film-fest\/","name":"First glimpses of this year\u2019s Ko\u0161ice Art Film Fest &#8226; IFF ART FILM","isPartOf":{"@id":"https:\/\/iffartfilm.com\/en\/#website"},"primaryImageOfPage":{"@id":"https:\/\/iffartfilm.com\/en\/blog\/uncategorized\/2017\/05\/first-glimpses-of-this-years-kosice-art-film-fest\/#primaryimage"},"image":{"@id":"https:\/\/iffartfilm.com\/en\/blog\/uncategorized\/2017\/05\/first-glimpses-of-this-years-kosice-art-film-fest\/#primaryimage"},"thumbnailUrl":"https:\/\/iffartfilm.com\/wp-content\/uploads\/2017\/05\/kusturica-1.jpg","datePublished":"2017-05-22T01:55:54+00:00","dateModified":"2017-06-17T14:18:46+00:00","breadcrumb":{"@id":"https:\/\/iffartfilm.com\/en\/blog\/uncategorized\/2017\/05\/first-glimpses-of-this-years-kosice-art-film-fest\/#breadcrumb"},"inLanguage":"en-US","potentialAction":[{"@type":"ReadAction","target":["https:\/\/iffartfilm.com\/en\/blog\/uncategorized\/2017\/05\/first-glimpses-of-this-years-kosice-art-film-fest\/"]}]},{"@type":"ImageObject","inLanguage":"en-US","@id":"https:\/\/iffartfilm.com\/en\/blog\/uncategorized\/2017\/05\/first-glimpses-of-this-years-kosice-art-film-fest\/#primaryimage","url":"https:\/\/iffartfilm.com\/wp-content\/uploads\/2017\/05\/kusturica-1.jpg","contentUrl":"https:\/\/iffartfilm.com\/wp-content\/uploads\/2017\/05\/kusturica-1.jpg","width":900,"height":480},{"@type":"BreadcrumbList","@id":"https:\/\/iffartfilm.com\/en\/blog\/uncategorized\/2017\/05\/first-glimpses-of-this-years-kosice-art-film-fest\/#breadcrumb","itemListElement":[{"@type":"ListItem","position":1,"name":"Dom\u00e1ca str\u00e1nka","item":"https:\/\/iffartfilm.com\/en\/"},{"@type":"ListItem","position":2,"name":"First glimpses of this year\u2019s Ko\u0161ice Art Film Fest"}]},{"@type":"WebSite","@id":"https:\/\/iffartfilm.com\/en\/#website","url":"https:\/\/iffartfilm.com\/en\/","name":"IFF ART FILM","description":"Medzin\u00e1rodn\u00fd filmov\u00fd festival","publisher":{"@id":"https:\/\/iffartfilm.com\/en\/#organization"},"alternateName":"Art Film","potentialAction":[{"@type":"SearchAction","target":{"@type":"EntryPoint","urlTemplate":"https:\/\/iffartfilm.com\/en\/?s={search_term_string}"},"query-input":{"@type":"PropertyValueSpecification","valueRequired":true,"valueName":"search_term_string"}}],"inLanguage":"en-US"},{"@type":"Organization","@id":"https:\/\/iffartfilm.com\/en\/#organization","name":"ART FILM FEST, s.r.o.","url":"https:\/\/iffartfilm.com\/en\/","logo":{"@type":"ImageObject","inLanguage":"en-US","@id":"https:\/\/iffartfilm.com\/en\/#\/schema\/logo\/image\/","url":"https:\/\/iffartfilm.com\/wp-content\/uploads\/2024\/11\/aff-cinepass-2025.png","contentUrl":"https:\/\/iffartfilm.com\/wp-content\/uploads\/2024\/11\/aff-cinepass-2025.png","width":486,"height":215,"caption":"ART FILM FEST, s.r.o."},"image":{"@id":"https:\/\/iffartfilm.com\/en\/#\/schema\/logo\/image\/"},"sameAs":["https:\/\/www.facebook.com\/IFFArtFilmKosice","https:\/\/x.com\/ArtFilmFestSVK","https:\/\/www.instagram.com\/iffartfilmkosice\/","https:\/\/www.youtube.com\/user\/artfilmfest81\/","https:\/\/www.linkedin.com\/company\/international-film-festival-art-film"]},{"@type":"Person","@id":"https:\/\/iffartfilm.com\/en\/#\/schema\/person\/55a097b32d28a560cbcd295bffd8f266","name":"AFF Admin","image":{"@type":"ImageObject","inLanguage":"en-US","@id":"https:\/\/secure.gravatar.com\/avatar\/5db5d37617da01600ba354e911ea20846b0b249da42f7c6e2aa10bdd0adaa7dc?s=96&d=mm&r=g","url":"https:\/\/secure.gravatar.com\/avatar\/5db5d37617da01600ba354e911ea20846b0b249da42f7c6e2aa10bdd0adaa7dc?s=96&d=mm&r=g","contentUrl":"https:\/\/secure.gravatar.com\/avatar\/5db5d37617da01600ba354e911ea20846b0b249da42f7c6e2aa10bdd0adaa7dc?s=96&d=mm&r=g","caption":"AFF Admin"},"url":"https:\/\/iffartfilm.com\/en\/blog\/author\/branor\/"}]}},"_links":{"self":[{"href":"https:\/\/iffartfilm.com\/en\/wp-json\/wp\/v2\/posts\/8657","targetHints":{"allow":["GET"]}}],"collection":[{"href":"https:\/\/iffartfilm.com\/en\/wp-json\/wp\/v2\/posts"}],"about":[{"href":"https:\/\/iffartfilm.com\/en\/wp-json\/wp\/v2\/types\/post"}],"author":[{"embeddable":true,"href":"https:\/\/iffartfilm.com\/en\/wp-json\/wp\/v2\/users\/2"}],"replies":[{"embeddable":true,"href":"https:\/\/iffartfilm.com\/en\/wp-json\/wp\/v2\/comments?post=8657"}],"version-history":[{"count":0,"href":"https:\/\/iffartfilm.com\/en\/wp-json\/wp\/v2\/posts\/8657\/revisions"}],"wp:featuredmedia":[{"embeddable":true,"href":"https:\/\/iffartfilm.com\/en\/wp-json\/wp\/v2\/media\/8658"}],"wp:attachment":[{"href":"https:\/\/iffartfilm.com\/en\/wp-json\/wp\/v2\/media?parent=8657"}],"wp:term":[{"taxonomy":"category","embeddable":true,"href":"https:\/\/iffartfilm.com\/en\/wp-json\/wp\/v2\/categories?post=8657"},{"taxonomy":"post_tag","embeddable":true,"href":"https:\/\/iffartfilm.com\/en\/wp-json\/wp\/v2\/tags?post=8657"}],"curies":[{"name":"wp","href":"https:\/\/api.w.org\/{rel}","templated":true}]}}