{"id":6816,"date":"2017-02-03T11:27:15","date_gmt":"2017-02-03T09:27:15","guid":{"rendered":"https:\/\/www.artfilmfest.sk\/en\/?p=6816"},"modified":"2017-02-03T11:27:15","modified_gmt":"2017-02-03T09:27:15","slug":"film-registration-for-the-2017-kosice-aff-has-begun","status":"publish","type":"post","link":"https:\/\/iffartfilm.com\/en\/blog\/news\/2017\/02\/film-registration-for-the-2017-kosice-aff-has-begun\/","title":{"rendered":"Film registration for the 2017 Ko\u0161ice AFF has begun"},"content":{"rendered":"<p>As always, the centrepieces of this year\u2019s Ko\u0161ice festival will be Art Film Fest\u2019s two competition sections: The International Competition of Feature Films and the International Competition of Short Films. Holders of a film\u2019s public performance rights can make submissions to either competition from 1 February via the application form on the festival website.<\/p>\n<p>Note that the deadline for both sections is 31 March 2017. We\u2019re looking forward to your entries!<\/p>\n<p>The final selection for the International Competition of Feature Films will be made by the festival programme department, led by AFF director Peter N\u00e1gel. Entries to the International Competition of Short Films will be chosen by a three-member Art Film Fest committee. Films for the 25th AFF\u2019s non-competition sections will be selected by the section programmers in cooperation with the rest of the festival\u2019s programme team.<\/p>\n","protected":false},"excerpt":{"rendered":"<p>As always, the centrepieces of this year\u2019s Ko\u0161ice festival will be Art Film Fest\u2019s two competition sections: The","protected":false},"author":2,"featured_media":6812,"comment_status":"closed","ping_status":"closed","sticky":false,"template":"","format":"standard","meta":{"_acf_changed":false,"footnotes":""},"categories":[17],"tags":[81,46],"class_list":["post-6816","post","type-post","status-publish","format-standard","has-post-thumbnail","hentry","category-news","tag-aff-2017","tag-film"],"acf":[],"yoast_head":"<!-- This site is optimized with the Yoast SEO Premium plugin v27.2 (Yoast SEO v27.5) - https:\/\/yoast.com\/product\/yoast-seo-premium-wordpress\/ -->\n<title>Film registration for the 2017 Ko\u0161ice AFF has begun &#8226; IFF ART FILM<\/title>\n<meta name=\"robots\" content=\"index, follow, max-snippet:-1, max-image-preview:large, max-video-preview:-1\" \/>\n<link rel=\"canonical\" href=\"https:\/\/iffartfilm.com\/en\/blog\/news\/2017\/02\/film-registration-for-the-2017-kosice-aff-has-begun\/\" \/>\n<meta property=\"og:locale\" content=\"en_US\" \/>\n<meta property=\"og:type\" content=\"article\" \/>\n<meta property=\"og:title\" content=\"Film registration for the 2017 Ko\u0161ice AFF has begun\" \/>\n<meta property=\"og:description\" content=\"As always, the centrepieces of this year\u2019s Ko\u0161ice festival will be Art Film Fest\u2019s two competition sections: The International Competition of Feature\" \/>\n<meta property=\"og:url\" content=\"https:\/\/iffartfilm.com\/en\/blog\/news\/2017\/02\/film-registration-for-the-2017-kosice-aff-has-begun\/\" \/>\n<meta property=\"og:site_name\" content=\"IFF ART FILM\" \/>\n<meta property=\"article:publisher\" content=\"https:\/\/www.facebook.com\/IFFArtFilmKosice\" \/>\n<meta property=\"article:published_time\" content=\"2017-02-03T09:27:15+00:00\" \/>\n<meta property=\"og:image\" content=\"https:\/\/iffartfilm.com\/wp-content\/uploads\/2017\/02\/AFF2017_vizual.png\" \/>\n\t<meta property=\"og:image:width\" content=\"1280\" \/>\n\t<meta property=\"og:image:height\" content=\"566\" \/>\n\t<meta property=\"og:image:type\" content=\"image\/png\" \/>\n<meta name=\"author\" content=\"AFF Admin\" \/>\n<meta name=\"twitter:card\" content=\"summary_large_image\" \/>\n<meta name=\"twitter:creator\" content=\"@ArtFilmFestSVK\" \/>\n<meta name=\"twitter:site\" content=\"@ArtFilmFestSVK\" \/>\n<meta name=\"twitter:label1\" content=\"Written by\" \/>\n\t<meta name=\"twitter:data1\" content=\"AFF Admin\" \/>\n\t<meta name=\"twitter:label2\" content=\"Est. reading time\" \/>\n\t<meta name=\"twitter:data2\" content=\"1 minute\" \/>\n<script type=\"application\/ld+json\" class=\"yoast-schema-graph\">{\"@context\":\"https:\\\/\\\/schema.org\",\"@graph\":[{\"@type\":\"Article\",\"@id\":\"https:\\\/\\\/iffartfilm.com\\\/en\\\/blog\\\/news\\\/2017\\\/02\\\/film-registration-for-the-2017-kosice-aff-has-begun\\\/#article\",\"isPartOf\":{\"@id\":\"https:\\\/\\\/iffartfilm.com\\\/en\\\/blog\\\/news\\\/2017\\\/02\\\/film-registration-for-the-2017-kosice-aff-has-begun\\\/\"},\"author\":{\"name\":\"AFF Admin\",\"@id\":\"https:\\\/\\\/iffartfilm.com\\\/en\\\/#\\\/schema\\\/person\\\/55a097b32d28a560cbcd295bffd8f266\"},\"headline\":\"Film registration for the 2017 Ko\u0161ice AFF has begun\",\"datePublished\":\"2017-02-03T09:27:15+00:00\",\"mainEntityOfPage\":{\"@id\":\"https:\\\/\\\/iffartfilm.com\\\/en\\\/blog\\\/news\\\/2017\\\/02\\\/film-registration-for-the-2017-kosice-aff-has-begun\\\/\"},\"wordCount\":151,\"publisher\":{\"@id\":\"https:\\\/\\\/iffartfilm.com\\\/en\\\/#organization\"},\"image\":{\"@id\":\"https:\\\/\\\/iffartfilm.com\\\/en\\\/blog\\\/news\\\/2017\\\/02\\\/film-registration-for-the-2017-kosice-aff-has-begun\\\/#primaryimage\"},\"thumbnailUrl\":\"https:\\\/\\\/iffartfilm.com\\\/wp-content\\\/uploads\\\/2017\\\/02\\\/AFF2017_vizual.png\",\"keywords\":[\"AFF 2017\",\"film\"],\"articleSection\":[\"News\"],\"inLanguage\":\"en-US\"},{\"@type\":\"WebPage\",\"@id\":\"https:\\\/\\\/iffartfilm.com\\\/en\\\/blog\\\/news\\\/2017\\\/02\\\/film-registration-for-the-2017-kosice-aff-has-begun\\\/\",\"url\":\"https:\\\/\\\/iffartfilm.com\\\/en\\\/blog\\\/news\\\/2017\\\/02\\\/film-registration-for-the-2017-kosice-aff-has-begun\\\/\",\"name\":\"Film registration for the 2017 Ko\u0161ice AFF has begun &#8226; IFF ART FILM\",\"isPartOf\":{\"@id\":\"https:\\\/\\\/iffartfilm.com\\\/en\\\/#website\"},\"primaryImageOfPage\":{\"@id\":\"https:\\\/\\\/iffartfilm.com\\\/en\\\/blog\\\/news\\\/2017\\\/02\\\/film-registration-for-the-2017-kosice-aff-has-begun\\\/#primaryimage\"},\"image\":{\"@id\":\"https:\\\/\\\/iffartfilm.com\\\/en\\\/blog\\\/news\\\/2017\\\/02\\\/film-registration-for-the-2017-kosice-aff-has-begun\\\/#primaryimage\"},\"thumbnailUrl\":\"https:\\\/\\\/iffartfilm.com\\\/wp-content\\\/uploads\\\/2017\\\/02\\\/AFF2017_vizual.png\",\"datePublished\":\"2017-02-03T09:27:15+00:00\",\"breadcrumb\":{\"@id\":\"https:\\\/\\\/iffartfilm.com\\\/en\\\/blog\\\/news\\\/2017\\\/02\\\/film-registration-for-the-2017-kosice-aff-has-begun\\\/#breadcrumb\"},\"inLanguage\":\"en-US\",\"potentialAction\":[{\"@type\":\"ReadAction\",\"target\":[\"https:\\\/\\\/iffartfilm.com\\\/en\\\/blog\\\/news\\\/2017\\\/02\\\/film-registration-for-the-2017-kosice-aff-has-begun\\\/\"]}]},{\"@type\":\"ImageObject\",\"inLanguage\":\"en-US\",\"@id\":\"https:\\\/\\\/iffartfilm.com\\\/en\\\/blog\\\/news\\\/2017\\\/02\\\/film-registration-for-the-2017-kosice-aff-has-begun\\\/#primaryimage\",\"url\":\"https:\\\/\\\/iffartfilm.com\\\/wp-content\\\/uploads\\\/2017\\\/02\\\/AFF2017_vizual.png\",\"contentUrl\":\"https:\\\/\\\/iffartfilm.com\\\/wp-content\\\/uploads\\\/2017\\\/02\\\/AFF2017_vizual.png\",\"width\":1280,\"height\":566},{\"@type\":\"BreadcrumbList\",\"@id\":\"https:\\\/\\\/iffartfilm.com\\\/en\\\/blog\\\/news\\\/2017\\\/02\\\/film-registration-for-the-2017-kosice-aff-has-begun\\\/#breadcrumb\",\"itemListElement\":[{\"@type\":\"ListItem\",\"position\":1,\"name\":\"Dom\u00e1ca str\u00e1nka\",\"item\":\"https:\\\/\\\/iffartfilm.com\\\/en\\\/\"},{\"@type\":\"ListItem\",\"position\":2,\"name\":\"Film registration for the 2017 Ko\u0161ice AFF has begun\"}]},{\"@type\":\"WebSite\",\"@id\":\"https:\\\/\\\/iffartfilm.com\\\/en\\\/#website\",\"url\":\"https:\\\/\\\/iffartfilm.com\\\/en\\\/\",\"name\":\"IFF ART FILM\",\"description\":\"Medzin\u00e1rodn\u00fd filmov\u00fd festival\",\"publisher\":{\"@id\":\"https:\\\/\\\/iffartfilm.com\\\/en\\\/#organization\"},\"alternateName\":\"Art Film\",\"potentialAction\":[{\"@type\":\"SearchAction\",\"target\":{\"@type\":\"EntryPoint\",\"urlTemplate\":\"https:\\\/\\\/iffartfilm.com\\\/en\\\/?s={search_term_string}\"},\"query-input\":{\"@type\":\"PropertyValueSpecification\",\"valueRequired\":true,\"valueName\":\"search_term_string\"}}],\"inLanguage\":\"en-US\"},{\"@type\":\"Organization\",\"@id\":\"https:\\\/\\\/iffartfilm.com\\\/en\\\/#organization\",\"name\":\"ART FILM FEST, s.r.o.\",\"url\":\"https:\\\/\\\/iffartfilm.com\\\/en\\\/\",\"logo\":{\"@type\":\"ImageObject\",\"inLanguage\":\"en-US\",\"@id\":\"https:\\\/\\\/iffartfilm.com\\\/en\\\/#\\\/schema\\\/logo\\\/image\\\/\",\"url\":\"https:\\\/\\\/iffartfilm.com\\\/wp-content\\\/uploads\\\/2024\\\/11\\\/aff-cinepass-2025.png\",\"contentUrl\":\"https:\\\/\\\/iffartfilm.com\\\/wp-content\\\/uploads\\\/2024\\\/11\\\/aff-cinepass-2025.png\",\"width\":486,\"height\":215,\"caption\":\"ART FILM FEST, s.r.o.\"},\"image\":{\"@id\":\"https:\\\/\\\/iffartfilm.com\\\/en\\\/#\\\/schema\\\/logo\\\/image\\\/\"},\"sameAs\":[\"https:\\\/\\\/www.facebook.com\\\/IFFArtFilmKosice\",\"https:\\\/\\\/x.com\\\/ArtFilmFestSVK\",\"https:\\\/\\\/www.instagram.com\\\/iffartfilmkosice\\\/\",\"https:\\\/\\\/www.youtube.com\\\/user\\\/artfilmfest81\\\/\",\"https:\\\/\\\/www.linkedin.com\\\/company\\\/international-film-festival-art-film\"]},{\"@type\":\"Person\",\"@id\":\"https:\\\/\\\/iffartfilm.com\\\/en\\\/#\\\/schema\\\/person\\\/55a097b32d28a560cbcd295bffd8f266\",\"name\":\"AFF Admin\",\"image\":{\"@type\":\"ImageObject\",\"inLanguage\":\"en-US\",\"@id\":\"https:\\\/\\\/secure.gravatar.com\\\/avatar\\\/5db5d37617da01600ba354e911ea20846b0b249da42f7c6e2aa10bdd0adaa7dc?s=96&d=mm&r=g\",\"url\":\"https:\\\/\\\/secure.gravatar.com\\\/avatar\\\/5db5d37617da01600ba354e911ea20846b0b249da42f7c6e2aa10bdd0adaa7dc?s=96&d=mm&r=g\",\"contentUrl\":\"https:\\\/\\\/secure.gravatar.com\\\/avatar\\\/5db5d37617da01600ba354e911ea20846b0b249da42f7c6e2aa10bdd0adaa7dc?s=96&d=mm&r=g\",\"caption\":\"AFF Admin\"},\"url\":\"https:\\\/\\\/iffartfilm.com\\\/en\\\/blog\\\/author\\\/branor\\\/\"}]}<\/script>\n<!-- \/ Yoast SEO Premium plugin. -->","yoast_head_json":{"title":"Film registration for the 2017 Ko\u0161ice AFF has begun &#8226; IFF ART FILM","robots":{"index":"index","follow":"follow","max-snippet":"max-snippet:-1","max-image-preview":"max-image-preview:large","max-video-preview":"max-video-preview:-1"},"canonical":"https:\/\/iffartfilm.com\/en\/blog\/news\/2017\/02\/film-registration-for-the-2017-kosice-aff-has-begun\/","og_locale":"en_US","og_type":"article","og_title":"Film registration for the 2017 Ko\u0161ice AFF has begun","og_description":"As always, the centrepieces of this year\u2019s Ko\u0161ice festival will be Art Film Fest\u2019s two competition sections: The International Competition of Feature","og_url":"https:\/\/iffartfilm.com\/en\/blog\/news\/2017\/02\/film-registration-for-the-2017-kosice-aff-has-begun\/","og_site_name":"IFF ART FILM","article_publisher":"https:\/\/www.facebook.com\/IFFArtFilmKosice","article_published_time":"2017-02-03T09:27:15+00:00","og_image":[{"width":1280,"height":566,"url":"https:\/\/iffartfilm.com\/wp-content\/uploads\/2017\/02\/AFF2017_vizual.png","type":"image\/png"}],"author":"AFF Admin","twitter_card":"summary_large_image","twitter_creator":"@ArtFilmFestSVK","twitter_site":"@ArtFilmFestSVK","twitter_misc":{"Written by":"AFF Admin","Est. reading time":"1 minute"},"schema":{"@context":"https:\/\/schema.org","@graph":[{"@type":"Article","@id":"https:\/\/iffartfilm.com\/en\/blog\/news\/2017\/02\/film-registration-for-the-2017-kosice-aff-has-begun\/#article","isPartOf":{"@id":"https:\/\/iffartfilm.com\/en\/blog\/news\/2017\/02\/film-registration-for-the-2017-kosice-aff-has-begun\/"},"author":{"name":"AFF Admin","@id":"https:\/\/iffartfilm.com\/en\/#\/schema\/person\/55a097b32d28a560cbcd295bffd8f266"},"headline":"Film registration for the 2017 Ko\u0161ice AFF has begun","datePublished":"2017-02-03T09:27:15+00:00","mainEntityOfPage":{"@id":"https:\/\/iffartfilm.com\/en\/blog\/news\/2017\/02\/film-registration-for-the-2017-kosice-aff-has-begun\/"},"wordCount":151,"publisher":{"@id":"https:\/\/iffartfilm.com\/en\/#organization"},"image":{"@id":"https:\/\/iffartfilm.com\/en\/blog\/news\/2017\/02\/film-registration-for-the-2017-kosice-aff-has-begun\/#primaryimage"},"thumbnailUrl":"https:\/\/iffartfilm.com\/wp-content\/uploads\/2017\/02\/AFF2017_vizual.png","keywords":["AFF 2017","film"],"articleSection":["News"],"inLanguage":"en-US"},{"@type":"WebPage","@id":"https:\/\/iffartfilm.com\/en\/blog\/news\/2017\/02\/film-registration-for-the-2017-kosice-aff-has-begun\/","url":"https:\/\/iffartfilm.com\/en\/blog\/news\/2017\/02\/film-registration-for-the-2017-kosice-aff-has-begun\/","name":"Film registration for the 2017 Ko\u0161ice AFF has begun &#8226; IFF ART FILM","isPartOf":{"@id":"https:\/\/iffartfilm.com\/en\/#website"},"primaryImageOfPage":{"@id":"https:\/\/iffartfilm.com\/en\/blog\/news\/2017\/02\/film-registration-for-the-2017-kosice-aff-has-begun\/#primaryimage"},"image":{"@id":"https:\/\/iffartfilm.com\/en\/blog\/news\/2017\/02\/film-registration-for-the-2017-kosice-aff-has-begun\/#primaryimage"},"thumbnailUrl":"https:\/\/iffartfilm.com\/wp-content\/uploads\/2017\/02\/AFF2017_vizual.png","datePublished":"2017-02-03T09:27:15+00:00","breadcrumb":{"@id":"https:\/\/iffartfilm.com\/en\/blog\/news\/2017\/02\/film-registration-for-the-2017-kosice-aff-has-begun\/#breadcrumb"},"inLanguage":"en-US","potentialAction":[{"@type":"ReadAction","target":["https:\/\/iffartfilm.com\/en\/blog\/news\/2017\/02\/film-registration-for-the-2017-kosice-aff-has-begun\/"]}]},{"@type":"ImageObject","inLanguage":"en-US","@id":"https:\/\/iffartfilm.com\/en\/blog\/news\/2017\/02\/film-registration-for-the-2017-kosice-aff-has-begun\/#primaryimage","url":"https:\/\/iffartfilm.com\/wp-content\/uploads\/2017\/02\/AFF2017_vizual.png","contentUrl":"https:\/\/iffartfilm.com\/wp-content\/uploads\/2017\/02\/AFF2017_vizual.png","width":1280,"height":566},{"@type":"BreadcrumbList","@id":"https:\/\/iffartfilm.com\/en\/blog\/news\/2017\/02\/film-registration-for-the-2017-kosice-aff-has-begun\/#breadcrumb","itemListElement":[{"@type":"ListItem","position":1,"name":"Dom\u00e1ca str\u00e1nka","item":"https:\/\/iffartfilm.com\/en\/"},{"@type":"ListItem","position":2,"name":"Film registration for the 2017 Ko\u0161ice AFF has begun"}]},{"@type":"WebSite","@id":"https:\/\/iffartfilm.com\/en\/#website","url":"https:\/\/iffartfilm.com\/en\/","name":"IFF ART FILM","description":"Medzin\u00e1rodn\u00fd filmov\u00fd festival","publisher":{"@id":"https:\/\/iffartfilm.com\/en\/#organization"},"alternateName":"Art Film","potentialAction":[{"@type":"SearchAction","target":{"@type":"EntryPoint","urlTemplate":"https:\/\/iffartfilm.com\/en\/?s={search_term_string}"},"query-input":{"@type":"PropertyValueSpecification","valueRequired":true,"valueName":"search_term_string"}}],"inLanguage":"en-US"},{"@type":"Organization","@id":"https:\/\/iffartfilm.com\/en\/#organization","name":"ART FILM FEST, s.r.o.","url":"https:\/\/iffartfilm.com\/en\/","logo":{"@type":"ImageObject","inLanguage":"en-US","@id":"https:\/\/iffartfilm.com\/en\/#\/schema\/logo\/image\/","url":"https:\/\/iffartfilm.com\/wp-content\/uploads\/2024\/11\/aff-cinepass-2025.png","contentUrl":"https:\/\/iffartfilm.com\/wp-content\/uploads\/2024\/11\/aff-cinepass-2025.png","width":486,"height":215,"caption":"ART FILM FEST, s.r.o."},"image":{"@id":"https:\/\/iffartfilm.com\/en\/#\/schema\/logo\/image\/"},"sameAs":["https:\/\/www.facebook.com\/IFFArtFilmKosice","https:\/\/x.com\/ArtFilmFestSVK","https:\/\/www.instagram.com\/iffartfilmkosice\/","https:\/\/www.youtube.com\/user\/artfilmfest81\/","https:\/\/www.linkedin.com\/company\/international-film-festival-art-film"]},{"@type":"Person","@id":"https:\/\/iffartfilm.com\/en\/#\/schema\/person\/55a097b32d28a560cbcd295bffd8f266","name":"AFF Admin","image":{"@type":"ImageObject","inLanguage":"en-US","@id":"https:\/\/secure.gravatar.com\/avatar\/5db5d37617da01600ba354e911ea20846b0b249da42f7c6e2aa10bdd0adaa7dc?s=96&d=mm&r=g","url":"https:\/\/secure.gravatar.com\/avatar\/5db5d37617da01600ba354e911ea20846b0b249da42f7c6e2aa10bdd0adaa7dc?s=96&d=mm&r=g","contentUrl":"https:\/\/secure.gravatar.com\/avatar\/5db5d37617da01600ba354e911ea20846b0b249da42f7c6e2aa10bdd0adaa7dc?s=96&d=mm&r=g","caption":"AFF Admin"},"url":"https:\/\/iffartfilm.com\/en\/blog\/author\/branor\/"}]}},"_links":{"self":[{"href":"https:\/\/iffartfilm.com\/en\/wp-json\/wp\/v2\/posts\/6816","targetHints":{"allow":["GET"]}}],"collection":[{"href":"https:\/\/iffartfilm.com\/en\/wp-json\/wp\/v2\/posts"}],"about":[{"href":"https:\/\/iffartfilm.com\/en\/wp-json\/wp\/v2\/types\/post"}],"author":[{"embeddable":true,"href":"https:\/\/iffartfilm.com\/en\/wp-json\/wp\/v2\/users\/2"}],"replies":[{"embeddable":true,"href":"https:\/\/iffartfilm.com\/en\/wp-json\/wp\/v2\/comments?post=6816"}],"version-history":[{"count":0,"href":"https:\/\/iffartfilm.com\/en\/wp-json\/wp\/v2\/posts\/6816\/revisions"}],"wp:featuredmedia":[{"embeddable":true,"href":"https:\/\/iffartfilm.com\/en\/wp-json\/wp\/v2\/media\/6812"}],"wp:attachment":[{"href":"https:\/\/iffartfilm.com\/en\/wp-json\/wp\/v2\/media?parent=6816"}],"wp:term":[{"taxonomy":"category","embeddable":true,"href":"https:\/\/iffartfilm.com\/en\/wp-json\/wp\/v2\/categories?post=6816"},{"taxonomy":"post_tag","embeddable":true,"href":"https:\/\/iffartfilm.com\/en\/wp-json\/wp\/v2\/tags?post=6816"}],"curies":[{"name":"wp","href":"https:\/\/api.w.org\/{rel}","templated":true}]}}