{"id":5952,"date":"2016-06-10T21:58:43","date_gmt":"2016-06-10T19:58:43","guid":{"rendered":"https:\/\/www.artfilmfest.sk\/en\/?p=5952"},"modified":"2016-06-10T21:58:43","modified_gmt":"2016-06-10T19:58:43","slug":"25-years-later-suliks-everything-i-like-returning-to-silver-screen-at-art-film-fest","status":"publish","type":"post","link":"https:\/\/iffartfilm.com\/en\/blog\/news\/2016\/06\/25-years-later-suliks-everything-i-like-returning-to-silver-screen-at-art-film-fest\/","title":{"rendered":"25 years later, \u0160ul\u00edk\u2019s Everything I Like returning to silver screen at Art Film Fest"},"content":{"rendered":"<p>By 1992, a period of turbulent change was behind us: the fall of Communism and the long-anticipated arrival of freedom. The old was out, but the new was still on its way in. And further turbulence was on the horizon. The end of the joint Czech-Slovak state was rocketing towards us. The climate in Slovakia was particularly hot at the time, not just politically, but literally \u2013 average daily temperatures were consistently tropical for nearly all of August. And during all this, talented director Martin \u0160ul\u00edk was shooting his second feature film, <strong><em>Everything I Like<\/em><\/strong>. His first independent, non-state production \u2013 and his first project with producer Rudolf Biermann.<\/p>\n<p><strong><em>\u201cWe wanted to capture the atmosphere at the start of the 90s, a time when society was in flux. Every one of us suddenly had so many new things we could do with our lives. We could travel, start a business, get a job in advertising or simply head straight into politics.<\/em><\/strong><strong> <em>Everything was in motion, there was still hope and humour in our society,\u201d <\/em><\/strong>reminisces \u0160ul\u00edk. The first Slovak film to capture the transition period after the fall of the iron curtain, <em>Everything I Like<\/em> was premiered shortly after the founding of the independent Slovak Republic as the country\u2019s first domestic production. And so the two set off on their respective journeys nearly simultaneously \u2013 the newborn country and the latest work of a young director.<\/p>\n<p>The film was met with immediate, unequivocal success. With their newly acquired freedom, the filmmakers discovered new possibilities of cinematic expression, both in style and in content. Over the next two years, the film accumulated heaps of praise from critics at home and abroad as well as grand prizes at international film festivals across Europe. The independent republic, for its part, had a slower, more complicated start. But fortunately the Hollywood happy ending eventually came \u2013 today Slovakia is a firmly established European country, whereas <strong><em>Everything I Like<\/em><\/strong> has become a classic of Slovak cinema.<\/p>\n<p>It is because of all this that the Slovak Film Institute has included the picture among the ten Slovak films to be digitalized and digitally restored as part of the national project Digital Audiovision. But wouldn\u2019t it be a shame if the newly restored film were just left to collect dust in the archives? And so, after 25 years, <strong><em>Everything I Like<\/em> <\/strong>is returning to Slovak cinemas. The gala premiere will be held on 22 June in Ko\u0161ice as part of the Art Film Fest International Film Festival. The very next day, the film will begin its journey to audiences old and new, providing fans of quality cinema with an authentic glimpse into a time so recent yet so distant. Have we changed enormously, just a bit, or hardly at all since then?<\/p>\n<p><strong><em>Everything I Like<\/em><\/strong> tells the story of divorced, currently unemployed 30-something Tom\u00e1\u0161 (Juraj Nvota), who experiences a relationship crisis with his English girlfriend Ann (Gina Bellman). The temperamental, free-spirited woman is going home, and she wants Tom\u00e1\u0161 to join her. The offer is highly tempting, but it would mean abandoning his teenage son, who is undergoing a difficult phase, and his parents, who are getting old enough to start needing help. Not to mention his ex-wife (Zdena Studenkov\u00e1), who also has a thing or two to say about it\u2026<\/p>\n<p>The onscreen lover of director and occasional actor Juraj Nvota was English actress Gina Bellman, who has since become an established television star, famous above all for the series <em>Leverage<\/em>, broadcast in Slovakia as <em>Podvodn\u00edci<\/em>. Tom\u00e1\u0161\u2019s teenage son was portrayed by Jakub Urs\u00edny, today a highly regarded musician who continued in the footsteps of his legendary father, De\u017eo Urs\u00edny.\u00a0 Zdena Studenkov\u00e1, as Tom\u00e1\u0161\u2019s ex-wife, requires no introduction to Czech or Slovak audiences, but perhaps we should mention that she is the only one to have remained nearly unchanged since the film was shot.<\/p>\n<p><strong><em>\u201c<\/em><\/strong><strong>Everything I Like<em> may well be my most personal film. It\u2019s personal because my father, Anton \u0160ul\u00edk, plays in it, but also because many of the situations that ended up in the film are based upon reality,\u201d<\/em> <\/strong>acknowledges director Martin \u0160ul\u00edk.\u00a0 The film was also pivotal in that it marked the first of many works from the team revolving around director Martin \u0160ul\u00edk and producer Rudolf Biermann, which included cinematographer Martin \u0160trba, production designer Franti\u0161ek Lipt\u00e1k, composer Vlado God\u00e1r and screenwriter Ondrej \u0160ulaj. Together they would go on to make such films as <em>The Garden<\/em>, <em>Orbis Pictus<\/em> and <em>Landscape <\/em>\u2013 an oeuvre that was one of the few shining lights in 1990s Slovak cinema, which was essentially decimated by the closure of Koliba Studios, the former state-owned film studio.<strong> <em>\u201cI simply can\u2019t believe that it\u2019s been 25 years already, but there\u2019s one thing I do know for sure \u2013 I\u2019ve never regretted it. Martin is a lovely person and a filmmaker body and soul,\u201d<\/em> <\/strong>sums up producer Rudolf Biermann.<\/p>\n<p><em>Everything I Like <\/em>will be released to Slovak cinemas on 23 June, distributed by Garfield Film.<\/p>\n<p>&nbsp;<\/p>\n<p>&nbsp;<\/p>\n<p>Art Film Fest \u2013 a new city, a new programme and new ways to have a great time!<\/p>\n<p>Organizers: ART FILM FEST, s.r.o., Forza, a.s.<\/p>\n<p>Co-organizers: The City of Ko\u0161ice, K13<\/p>\n<p>The festival is held under the auspices of Prime Minister of the Slovak Republic Robert Fico.<\/p>\n<p>Financial support: The Audiovisual Fund<\/p>\n<p>Main Sponsors: InVestito, Transpetrol, Slovensk\u00e1 po\u0161ta, Slovnaft, Kosit<\/p>\n<p>Official festival automobile: Hyundai<\/p>\n<p>Official carrier: \u010cSA<\/p>\n<p>Logistics partner: DHL<\/p>\n<p>Official festival hotel: Hotel Yasmin<\/p>\n<p>Sponsors: Herberia, Ida Sandor, HC Ko\u0161ice, Imperator, Stella Artois<\/p>\n<p>Exclusive festival cinema: Kino \u00dasmev<\/p>\n<p>Official suppliers: NOV s.r.o. Zebra, Budi\u0161, Tikoki, Barzzuz, Livina, Jean Charles-Cafe de Paris<\/p>\n<p>Main carrier: \u017delezni\u010dn\u00e1 spolo\u010dnos\u0165 Slovensko<\/p>\n<p>Official festival daily: Ko\u0161ice Dnes<\/p>\n<p>Main media partners: Radio and Television of Slovakia, Nov\u00fd \u010das<\/p>\n<p>Media partners: R\u00e1dio FM, R\u00e1dio Regina, Korz\u00e1r, SME, JOJ Cinema, aktuality.sk. R\u00e1dio Ko\u0161ice, Film Europe Channel, Forbes, Kam do mesta, webnoviny.sk,<\/p>\n<p>TV NA\u0160A<\/p>\n<p>Partners: Kino \u00dasmev, Autocont, Congress Hotel Centrum, Carpano, Casablanca cafe, Hotel Maraton, DigitalOcean, Taba\u010dka Kulturfabrik, The Cuba Libre, SSU\u0160 Filmov\u00e1, Hotel ROCA, Czech Tourism Slovensko, Bratislava Region Tourism, Pan-European University, Translata, predpredaj.sk<\/p>\n<p>&nbsp;<\/p>\n","protected":false},"excerpt":{"rendered":"<p>By 1992, a period of turbulent change was behind us: the fall of Communism and the long-anticipated arrival of freedom.<span","protected":false},"author":2,"featured_media":5950,"comment_status":"open","ping_status":"open","sticky":false,"template":"","format":"standard","meta":{"_acf_changed":false,"footnotes":""},"categories":[17,27],"tags":[],"class_list":["post-5952","post","type-post","status-publish","format-standard","has-post-thumbnail","hentry","category-news","category-press-news"],"acf":[],"yoast_head":"<!-- This site is optimized with the Yoast SEO Premium plugin v27.2 (Yoast SEO v27.5) - https:\/\/yoast.com\/product\/yoast-seo-premium-wordpress\/ -->\n<title>25 years later, \u0160ul\u00edk\u2019s Everything I Like returning to silver screen at Art Film Fest &#8226; IFF ART FILM<\/title>\n<meta name=\"robots\" content=\"index, follow, max-snippet:-1, max-image-preview:large, max-video-preview:-1\" \/>\n<link rel=\"canonical\" href=\"https:\/\/iffartfilm.com\/en\/blog\/news\/2016\/06\/25-years-later-suliks-everything-i-like-returning-to-silver-screen-at-art-film-fest\/\" \/>\n<meta property=\"og:locale\" content=\"en_US\" \/>\n<meta property=\"og:type\" content=\"article\" \/>\n<meta property=\"og:title\" content=\"25 years later, \u0160ul\u00edk\u2019s Everything I Like returning to silver screen at Art Film Fest\" \/>\n<meta property=\"og:description\" content=\"By 1992, a period of turbulent change was behind us: the fall of Communism and the long-anticipated arrival of freedom. The old was out, but the new was\" \/>\n<meta property=\"og:url\" content=\"https:\/\/iffartfilm.com\/en\/blog\/news\/2016\/06\/25-years-later-suliks-everything-i-like-returning-to-silver-screen-at-art-film-fest\/\" \/>\n<meta property=\"og:site_name\" content=\"IFF ART FILM\" \/>\n<meta property=\"article:publisher\" content=\"https:\/\/www.facebook.com\/IFFArtFilmKosice\" \/>\n<meta property=\"article:published_time\" content=\"2016-06-10T19:58:43+00:00\" \/>\n<meta property=\"og:image\" content=\"https:\/\/iffartfilm.com\/wp-content\/uploads\/2016\/06\/Vsetko_obalka_01.jpg\" \/>\n\t<meta property=\"og:image:width\" content=\"482\" \/>\n\t<meta property=\"og:image:height\" content=\"318\" \/>\n\t<meta property=\"og:image:type\" content=\"image\/jpeg\" \/>\n<meta name=\"author\" content=\"AFF Admin\" \/>\n<meta name=\"twitter:card\" content=\"summary_large_image\" \/>\n<meta name=\"twitter:creator\" content=\"@ArtFilmFestSVK\" \/>\n<meta name=\"twitter:site\" content=\"@ArtFilmFestSVK\" \/>\n<meta name=\"twitter:label1\" content=\"Written by\" \/>\n\t<meta name=\"twitter:data1\" content=\"AFF Admin\" \/>\n\t<meta name=\"twitter:label2\" content=\"Est. reading time\" \/>\n\t<meta name=\"twitter:data2\" content=\"5 minutes\" \/>\n<script type=\"application\/ld+json\" class=\"yoast-schema-graph\">{\"@context\":\"https:\\\/\\\/schema.org\",\"@graph\":[{\"@type\":\"Article\",\"@id\":\"https:\\\/\\\/iffartfilm.com\\\/en\\\/blog\\\/news\\\/2016\\\/06\\\/25-years-later-suliks-everything-i-like-returning-to-silver-screen-at-art-film-fest\\\/#article\",\"isPartOf\":{\"@id\":\"https:\\\/\\\/iffartfilm.com\\\/en\\\/blog\\\/news\\\/2016\\\/06\\\/25-years-later-suliks-everything-i-like-returning-to-silver-screen-at-art-film-fest\\\/\"},\"author\":{\"name\":\"AFF Admin\",\"@id\":\"https:\\\/\\\/iffartfilm.com\\\/en\\\/#\\\/schema\\\/person\\\/55a097b32d28a560cbcd295bffd8f266\"},\"headline\":\"25 years later, \u0160ul\u00edk\u2019s Everything I Like returning to silver screen at Art Film Fest\",\"datePublished\":\"2016-06-10T19:58:43+00:00\",\"mainEntityOfPage\":{\"@id\":\"https:\\\/\\\/iffartfilm.com\\\/en\\\/blog\\\/news\\\/2016\\\/06\\\/25-years-later-suliks-everything-i-like-returning-to-silver-screen-at-art-film-fest\\\/\"},\"wordCount\":1058,\"commentCount\":0,\"publisher\":{\"@id\":\"https:\\\/\\\/iffartfilm.com\\\/en\\\/#organization\"},\"image\":{\"@id\":\"https:\\\/\\\/iffartfilm.com\\\/en\\\/blog\\\/news\\\/2016\\\/06\\\/25-years-later-suliks-everything-i-like-returning-to-silver-screen-at-art-film-fest\\\/#primaryimage\"},\"thumbnailUrl\":\"https:\\\/\\\/iffartfilm.com\\\/wp-content\\\/uploads\\\/2016\\\/06\\\/Vsetko_obalka_01.jpg\",\"articleSection\":[\"News\",\"Press news\"],\"inLanguage\":\"en-US\"},{\"@type\":\"WebPage\",\"@id\":\"https:\\\/\\\/iffartfilm.com\\\/en\\\/blog\\\/news\\\/2016\\\/06\\\/25-years-later-suliks-everything-i-like-returning-to-silver-screen-at-art-film-fest\\\/\",\"url\":\"https:\\\/\\\/iffartfilm.com\\\/en\\\/blog\\\/news\\\/2016\\\/06\\\/25-years-later-suliks-everything-i-like-returning-to-silver-screen-at-art-film-fest\\\/\",\"name\":\"25 years later, \u0160ul\u00edk\u2019s Everything I Like returning to silver screen at Art Film Fest &#8226; IFF ART FILM\",\"isPartOf\":{\"@id\":\"https:\\\/\\\/iffartfilm.com\\\/en\\\/#website\"},\"primaryImageOfPage\":{\"@id\":\"https:\\\/\\\/iffartfilm.com\\\/en\\\/blog\\\/news\\\/2016\\\/06\\\/25-years-later-suliks-everything-i-like-returning-to-silver-screen-at-art-film-fest\\\/#primaryimage\"},\"image\":{\"@id\":\"https:\\\/\\\/iffartfilm.com\\\/en\\\/blog\\\/news\\\/2016\\\/06\\\/25-years-later-suliks-everything-i-like-returning-to-silver-screen-at-art-film-fest\\\/#primaryimage\"},\"thumbnailUrl\":\"https:\\\/\\\/iffartfilm.com\\\/wp-content\\\/uploads\\\/2016\\\/06\\\/Vsetko_obalka_01.jpg\",\"datePublished\":\"2016-06-10T19:58:43+00:00\",\"breadcrumb\":{\"@id\":\"https:\\\/\\\/iffartfilm.com\\\/en\\\/blog\\\/news\\\/2016\\\/06\\\/25-years-later-suliks-everything-i-like-returning-to-silver-screen-at-art-film-fest\\\/#breadcrumb\"},\"inLanguage\":\"en-US\",\"potentialAction\":[{\"@type\":\"ReadAction\",\"target\":[\"https:\\\/\\\/iffartfilm.com\\\/en\\\/blog\\\/news\\\/2016\\\/06\\\/25-years-later-suliks-everything-i-like-returning-to-silver-screen-at-art-film-fest\\\/\"]}]},{\"@type\":\"ImageObject\",\"inLanguage\":\"en-US\",\"@id\":\"https:\\\/\\\/iffartfilm.com\\\/en\\\/blog\\\/news\\\/2016\\\/06\\\/25-years-later-suliks-everything-i-like-returning-to-silver-screen-at-art-film-fest\\\/#primaryimage\",\"url\":\"https:\\\/\\\/iffartfilm.com\\\/wp-content\\\/uploads\\\/2016\\\/06\\\/Vsetko_obalka_01.jpg\",\"contentUrl\":\"https:\\\/\\\/iffartfilm.com\\\/wp-content\\\/uploads\\\/2016\\\/06\\\/Vsetko_obalka_01.jpg\",\"width\":482,\"height\":318},{\"@type\":\"BreadcrumbList\",\"@id\":\"https:\\\/\\\/iffartfilm.com\\\/en\\\/blog\\\/news\\\/2016\\\/06\\\/25-years-later-suliks-everything-i-like-returning-to-silver-screen-at-art-film-fest\\\/#breadcrumb\",\"itemListElement\":[{\"@type\":\"ListItem\",\"position\":1,\"name\":\"Dom\u00e1ca str\u00e1nka\",\"item\":\"https:\\\/\\\/iffartfilm.com\\\/en\\\/\"},{\"@type\":\"ListItem\",\"position\":2,\"name\":\"25 years later, \u0160ul\u00edk\u2019s Everything I Like returning to silver screen at Art Film Fest\"}]},{\"@type\":\"WebSite\",\"@id\":\"https:\\\/\\\/iffartfilm.com\\\/en\\\/#website\",\"url\":\"https:\\\/\\\/iffartfilm.com\\\/en\\\/\",\"name\":\"IFF ART FILM\",\"description\":\"Medzin\u00e1rodn\u00fd filmov\u00fd festival\",\"publisher\":{\"@id\":\"https:\\\/\\\/iffartfilm.com\\\/en\\\/#organization\"},\"alternateName\":\"Art Film\",\"potentialAction\":[{\"@type\":\"SearchAction\",\"target\":{\"@type\":\"EntryPoint\",\"urlTemplate\":\"https:\\\/\\\/iffartfilm.com\\\/en\\\/?s={search_term_string}\"},\"query-input\":{\"@type\":\"PropertyValueSpecification\",\"valueRequired\":true,\"valueName\":\"search_term_string\"}}],\"inLanguage\":\"en-US\"},{\"@type\":\"Organization\",\"@id\":\"https:\\\/\\\/iffartfilm.com\\\/en\\\/#organization\",\"name\":\"ART FILM FEST, s.r.o.\",\"url\":\"https:\\\/\\\/iffartfilm.com\\\/en\\\/\",\"logo\":{\"@type\":\"ImageObject\",\"inLanguage\":\"en-US\",\"@id\":\"https:\\\/\\\/iffartfilm.com\\\/en\\\/#\\\/schema\\\/logo\\\/image\\\/\",\"url\":\"https:\\\/\\\/iffartfilm.com\\\/wp-content\\\/uploads\\\/2024\\\/11\\\/aff-cinepass-2025.png\",\"contentUrl\":\"https:\\\/\\\/iffartfilm.com\\\/wp-content\\\/uploads\\\/2024\\\/11\\\/aff-cinepass-2025.png\",\"width\":486,\"height\":215,\"caption\":\"ART FILM FEST, s.r.o.\"},\"image\":{\"@id\":\"https:\\\/\\\/iffartfilm.com\\\/en\\\/#\\\/schema\\\/logo\\\/image\\\/\"},\"sameAs\":[\"https:\\\/\\\/www.facebook.com\\\/IFFArtFilmKosice\",\"https:\\\/\\\/x.com\\\/ArtFilmFestSVK\",\"https:\\\/\\\/www.instagram.com\\\/iffartfilmkosice\\\/\",\"https:\\\/\\\/www.youtube.com\\\/user\\\/artfilmfest81\\\/\",\"https:\\\/\\\/www.linkedin.com\\\/company\\\/international-film-festival-art-film\"]},{\"@type\":\"Person\",\"@id\":\"https:\\\/\\\/iffartfilm.com\\\/en\\\/#\\\/schema\\\/person\\\/55a097b32d28a560cbcd295bffd8f266\",\"name\":\"AFF Admin\",\"image\":{\"@type\":\"ImageObject\",\"inLanguage\":\"en-US\",\"@id\":\"https:\\\/\\\/secure.gravatar.com\\\/avatar\\\/5db5d37617da01600ba354e911ea20846b0b249da42f7c6e2aa10bdd0adaa7dc?s=96&d=mm&r=g\",\"url\":\"https:\\\/\\\/secure.gravatar.com\\\/avatar\\\/5db5d37617da01600ba354e911ea20846b0b249da42f7c6e2aa10bdd0adaa7dc?s=96&d=mm&r=g\",\"contentUrl\":\"https:\\\/\\\/secure.gravatar.com\\\/avatar\\\/5db5d37617da01600ba354e911ea20846b0b249da42f7c6e2aa10bdd0adaa7dc?s=96&d=mm&r=g\",\"caption\":\"AFF Admin\"},\"url\":\"https:\\\/\\\/iffartfilm.com\\\/en\\\/blog\\\/author\\\/branor\\\/\"}]}<\/script>\n<!-- \/ Yoast SEO Premium plugin. -->","yoast_head_json":{"title":"25 years later, \u0160ul\u00edk\u2019s Everything I Like returning to silver screen at Art Film Fest &#8226; IFF ART FILM","robots":{"index":"index","follow":"follow","max-snippet":"max-snippet:-1","max-image-preview":"max-image-preview:large","max-video-preview":"max-video-preview:-1"},"canonical":"https:\/\/iffartfilm.com\/en\/blog\/news\/2016\/06\/25-years-later-suliks-everything-i-like-returning-to-silver-screen-at-art-film-fest\/","og_locale":"en_US","og_type":"article","og_title":"25 years later, \u0160ul\u00edk\u2019s Everything I Like returning to silver screen at Art Film Fest","og_description":"By 1992, a period of turbulent change was behind us: the fall of Communism and the long-anticipated arrival of freedom. The old was out, but the new was","og_url":"https:\/\/iffartfilm.com\/en\/blog\/news\/2016\/06\/25-years-later-suliks-everything-i-like-returning-to-silver-screen-at-art-film-fest\/","og_site_name":"IFF ART FILM","article_publisher":"https:\/\/www.facebook.com\/IFFArtFilmKosice","article_published_time":"2016-06-10T19:58:43+00:00","og_image":[{"width":482,"height":318,"url":"https:\/\/iffartfilm.com\/wp-content\/uploads\/2016\/06\/Vsetko_obalka_01.jpg","type":"image\/jpeg"}],"author":"AFF Admin","twitter_card":"summary_large_image","twitter_creator":"@ArtFilmFestSVK","twitter_site":"@ArtFilmFestSVK","twitter_misc":{"Written by":"AFF Admin","Est. reading time":"5 minutes"},"schema":{"@context":"https:\/\/schema.org","@graph":[{"@type":"Article","@id":"https:\/\/iffartfilm.com\/en\/blog\/news\/2016\/06\/25-years-later-suliks-everything-i-like-returning-to-silver-screen-at-art-film-fest\/#article","isPartOf":{"@id":"https:\/\/iffartfilm.com\/en\/blog\/news\/2016\/06\/25-years-later-suliks-everything-i-like-returning-to-silver-screen-at-art-film-fest\/"},"author":{"name":"AFF Admin","@id":"https:\/\/iffartfilm.com\/en\/#\/schema\/person\/55a097b32d28a560cbcd295bffd8f266"},"headline":"25 years later, \u0160ul\u00edk\u2019s Everything I Like returning to silver screen at Art Film Fest","datePublished":"2016-06-10T19:58:43+00:00","mainEntityOfPage":{"@id":"https:\/\/iffartfilm.com\/en\/blog\/news\/2016\/06\/25-years-later-suliks-everything-i-like-returning-to-silver-screen-at-art-film-fest\/"},"wordCount":1058,"commentCount":0,"publisher":{"@id":"https:\/\/iffartfilm.com\/en\/#organization"},"image":{"@id":"https:\/\/iffartfilm.com\/en\/blog\/news\/2016\/06\/25-years-later-suliks-everything-i-like-returning-to-silver-screen-at-art-film-fest\/#primaryimage"},"thumbnailUrl":"https:\/\/iffartfilm.com\/wp-content\/uploads\/2016\/06\/Vsetko_obalka_01.jpg","articleSection":["News","Press news"],"inLanguage":"en-US"},{"@type":"WebPage","@id":"https:\/\/iffartfilm.com\/en\/blog\/news\/2016\/06\/25-years-later-suliks-everything-i-like-returning-to-silver-screen-at-art-film-fest\/","url":"https:\/\/iffartfilm.com\/en\/blog\/news\/2016\/06\/25-years-later-suliks-everything-i-like-returning-to-silver-screen-at-art-film-fest\/","name":"25 years later, \u0160ul\u00edk\u2019s Everything I Like returning to silver screen at Art Film Fest &#8226; IFF ART FILM","isPartOf":{"@id":"https:\/\/iffartfilm.com\/en\/#website"},"primaryImageOfPage":{"@id":"https:\/\/iffartfilm.com\/en\/blog\/news\/2016\/06\/25-years-later-suliks-everything-i-like-returning-to-silver-screen-at-art-film-fest\/#primaryimage"},"image":{"@id":"https:\/\/iffartfilm.com\/en\/blog\/news\/2016\/06\/25-years-later-suliks-everything-i-like-returning-to-silver-screen-at-art-film-fest\/#primaryimage"},"thumbnailUrl":"https:\/\/iffartfilm.com\/wp-content\/uploads\/2016\/06\/Vsetko_obalka_01.jpg","datePublished":"2016-06-10T19:58:43+00:00","breadcrumb":{"@id":"https:\/\/iffartfilm.com\/en\/blog\/news\/2016\/06\/25-years-later-suliks-everything-i-like-returning-to-silver-screen-at-art-film-fest\/#breadcrumb"},"inLanguage":"en-US","potentialAction":[{"@type":"ReadAction","target":["https:\/\/iffartfilm.com\/en\/blog\/news\/2016\/06\/25-years-later-suliks-everything-i-like-returning-to-silver-screen-at-art-film-fest\/"]}]},{"@type":"ImageObject","inLanguage":"en-US","@id":"https:\/\/iffartfilm.com\/en\/blog\/news\/2016\/06\/25-years-later-suliks-everything-i-like-returning-to-silver-screen-at-art-film-fest\/#primaryimage","url":"https:\/\/iffartfilm.com\/wp-content\/uploads\/2016\/06\/Vsetko_obalka_01.jpg","contentUrl":"https:\/\/iffartfilm.com\/wp-content\/uploads\/2016\/06\/Vsetko_obalka_01.jpg","width":482,"height":318},{"@type":"BreadcrumbList","@id":"https:\/\/iffartfilm.com\/en\/blog\/news\/2016\/06\/25-years-later-suliks-everything-i-like-returning-to-silver-screen-at-art-film-fest\/#breadcrumb","itemListElement":[{"@type":"ListItem","position":1,"name":"Dom\u00e1ca str\u00e1nka","item":"https:\/\/iffartfilm.com\/en\/"},{"@type":"ListItem","position":2,"name":"25 years later, \u0160ul\u00edk\u2019s Everything I Like returning to silver screen at Art Film Fest"}]},{"@type":"WebSite","@id":"https:\/\/iffartfilm.com\/en\/#website","url":"https:\/\/iffartfilm.com\/en\/","name":"IFF ART FILM","description":"Medzin\u00e1rodn\u00fd filmov\u00fd festival","publisher":{"@id":"https:\/\/iffartfilm.com\/en\/#organization"},"alternateName":"Art Film","potentialAction":[{"@type":"SearchAction","target":{"@type":"EntryPoint","urlTemplate":"https:\/\/iffartfilm.com\/en\/?s={search_term_string}"},"query-input":{"@type":"PropertyValueSpecification","valueRequired":true,"valueName":"search_term_string"}}],"inLanguage":"en-US"},{"@type":"Organization","@id":"https:\/\/iffartfilm.com\/en\/#organization","name":"ART FILM FEST, s.r.o.","url":"https:\/\/iffartfilm.com\/en\/","logo":{"@type":"ImageObject","inLanguage":"en-US","@id":"https:\/\/iffartfilm.com\/en\/#\/schema\/logo\/image\/","url":"https:\/\/iffartfilm.com\/wp-content\/uploads\/2024\/11\/aff-cinepass-2025.png","contentUrl":"https:\/\/iffartfilm.com\/wp-content\/uploads\/2024\/11\/aff-cinepass-2025.png","width":486,"height":215,"caption":"ART FILM FEST, s.r.o."},"image":{"@id":"https:\/\/iffartfilm.com\/en\/#\/schema\/logo\/image\/"},"sameAs":["https:\/\/www.facebook.com\/IFFArtFilmKosice","https:\/\/x.com\/ArtFilmFestSVK","https:\/\/www.instagram.com\/iffartfilmkosice\/","https:\/\/www.youtube.com\/user\/artfilmfest81\/","https:\/\/www.linkedin.com\/company\/international-film-festival-art-film"]},{"@type":"Person","@id":"https:\/\/iffartfilm.com\/en\/#\/schema\/person\/55a097b32d28a560cbcd295bffd8f266","name":"AFF Admin","image":{"@type":"ImageObject","inLanguage":"en-US","@id":"https:\/\/secure.gravatar.com\/avatar\/5db5d37617da01600ba354e911ea20846b0b249da42f7c6e2aa10bdd0adaa7dc?s=96&d=mm&r=g","url":"https:\/\/secure.gravatar.com\/avatar\/5db5d37617da01600ba354e911ea20846b0b249da42f7c6e2aa10bdd0adaa7dc?s=96&d=mm&r=g","contentUrl":"https:\/\/secure.gravatar.com\/avatar\/5db5d37617da01600ba354e911ea20846b0b249da42f7c6e2aa10bdd0adaa7dc?s=96&d=mm&r=g","caption":"AFF Admin"},"url":"https:\/\/iffartfilm.com\/en\/blog\/author\/branor\/"}]}},"_links":{"self":[{"href":"https:\/\/iffartfilm.com\/en\/wp-json\/wp\/v2\/posts\/5952","targetHints":{"allow":["GET"]}}],"collection":[{"href":"https:\/\/iffartfilm.com\/en\/wp-json\/wp\/v2\/posts"}],"about":[{"href":"https:\/\/iffartfilm.com\/en\/wp-json\/wp\/v2\/types\/post"}],"author":[{"embeddable":true,"href":"https:\/\/iffartfilm.com\/en\/wp-json\/wp\/v2\/users\/2"}],"replies":[{"embeddable":true,"href":"https:\/\/iffartfilm.com\/en\/wp-json\/wp\/v2\/comments?post=5952"}],"version-history":[{"count":0,"href":"https:\/\/iffartfilm.com\/en\/wp-json\/wp\/v2\/posts\/5952\/revisions"}],"wp:featuredmedia":[{"embeddable":true,"href":"https:\/\/iffartfilm.com\/en\/wp-json\/wp\/v2\/media\/5950"}],"wp:attachment":[{"href":"https:\/\/iffartfilm.com\/en\/wp-json\/wp\/v2\/media?parent=5952"}],"wp:term":[{"taxonomy":"category","embeddable":true,"href":"https:\/\/iffartfilm.com\/en\/wp-json\/wp\/v2\/categories?post=5952"},{"taxonomy":"post_tag","embeddable":true,"href":"https:\/\/iffartfilm.com\/en\/wp-json\/wp\/v2\/tags?post=5952"}],"curies":[{"name":"wp","href":"https:\/\/api.w.org\/{rel}","templated":true}]}}