{"id":32167,"date":"2024-06-21T12:00:33","date_gmt":"2024-06-21T10:00:33","guid":{"rendered":"https:\/\/iffartfilm.com\/?p=32167"},"modified":"2024-06-21T12:00:33","modified_gmt":"2024-06-21T10:00:33","slug":"the-30th-edition-of-iff-art-film-begins","status":"publish","type":"post","link":"https:\/\/iffartfilm.com\/en\/blog\/news\/2024\/06\/the-30th-edition-of-iff-art-film-begins\/","title":{"rendered":"The 30th edition of IFF Art Film begins"},"content":{"rendered":"<div class=\"page\" title=\"Page 8\">\n<div class=\"section\">\n<div class=\"layoutArea\">\n<div class=\"column\">\n<p><em>&#8220;Art Film is now officially based in Kos\u030cice. This move symbolizes that we have found excellent conditions in the capital of eastern Slovakia to host a film festival, which is considered one of the cultural treasures of our country. It\u2019s akin to football, a field in which I am also active. Both thrive with the support of local government. This year, we are thrilled to have partnered with several companies that hold significant positions within the regional and national economy. I want to extend my gratitude to all the supporters of Art Film, as they contribute symbolically and practically to the ongoing success of our cultural journey.<\/em><\/p>\n<p><em>It is a story that will forever be woven into the cultural tapestry of the Slovak Republic, connecting our small yet beautiful country with the global stage. The 30th anniversary brings us immense satisfaction, as Art Film has demonstrated its resilience and significance despite the obstacles along its journey. This milestone also reaffirms our commitment to carrying forward this legacy, ensuring that Art Film continues to rightfully hold its place as a cornerstone of Slovak culture.&#8221;<\/em><\/p>\n<p><strong>Ja\u0301n Kova\u0301c\u030cik<\/strong>, Festival Producer<\/p>\n<div class=\"page\" title=\"Page 9\">\n<div class=\"section\">\n<div class=\"layoutArea\">\n<div class=\"column\">\n<p><em>&#8220;This year we celebrate our 30th year. Each anniversary is<\/em> <em>a challenge for the organizers to put together an attractive edition. We have devoted all our efforts to preparing an exceptional event. We have changed our identity from the original Art Film Fest to the International Art Film Festival. This way we want to underline the prestige of our festival as a respected competition platform in the Central European film space. We have also expanded our competitive sections. In addition to the two traditional ones, we have added<\/em> <em>a new section \u2013 the International Competition of Central and Eastern European Films.<\/em><\/p>\n<p><em>We are also pleased with the significant representation<\/em> <em>of Slovak premieres across the competitive and non\u2010 \u2010competitive sections. Festival audiences will see them for the first time ever in Slovakia.<\/em> <em>We will also present new releases from Cannes, Berlin, Venice, Sundance and Rotterdam \u2013 films by such filmmakers as<\/em> <em>Wim Wenders, Radu Jude, Alexander Kluge, Lav Diaz, Sofia Coppola, Levan Akin, Michel Franco, Ma\u0142gorzata Szumowska, Sergej Loznica and others, as well as outstanding works<\/em><br \/>\n<em>by young, lesser known but innovative filmmakers. More than 160 screenings, premieres of Slovak films, ceremonies, masterclasses, autograph sessions, concerts, talk shows, pres\u2010 entations and exhibitions await us. Former winners of the Golden Camera and Actor\u2019s Mission awards will visit Kos\u030cice and the festival will host numerous film delegations.<\/em><\/p>\n<p><em>We hope that you will enjoy the 30th anniversary edition<\/em> <em>of the Art Film IFF. The films will bring new life into Kos\u030cice, both in the cinemas and on the streets. For eight days, it will transform into a mecca of film events.&#8221;<\/em><\/p>\n<p><strong>Martin Palu\u0301ch<\/strong>, Festival Artistic Director<\/p>\n<hr \/>\n<p><strong>The 30<sup>th <\/sup>edition of the International Film Festival Art Film will take place thanks to the support of:<\/strong><\/p>\n<p><strong>Organiser: <\/strong>ART FILM FEST s.r.o.;<\/p>\n<p><strong>Co-organizers: <\/strong>City of Ko\u0161ice, K13 \u2013 Ko\u0161ice cultural centers, ART FILM FEST, n.o., LGM, s.r.o., FORLIVE;<\/p>\n<p><strong>The festival was financially supported by: <\/strong>Audiovisual Fund<br \/>\n<strong>The festival is co-financed by<\/strong> the Ko\u0161ice self-governing region from the Terra Incognita program;<\/p>\n<p><strong>Major advertising partner: <\/strong>Slovensk\u00e1 elektriza\u010dn\u00e1 prenosov\u00e1 s\u00fastava, a.s.;<\/p>\n<p><strong>Main partners:<\/strong> N\u00e1rodn\u00e1 lot\u00e9riov\u00e1 spolo\u010dnos\u0165 TIPOS, V\u00fdchodoslovensk\u00e1 energetika, EUK-Force, SPP, CODES Brand House;<\/p>\n<p><strong>Automotive partner:<\/strong> PORSCHE; <strong>Official hotel:<\/strong> Hotel Yasmin;<\/p>\n<p><strong>Main media partners:<\/strong> TV JOJ, Pravda, Eurotelev\u00edzia;<\/p>\n<p><strong>Advertising partners:<\/strong> construction company Adefex, Jadrov\u00e1 a vyra\u010fovacia spolo\u010dnos\u0165, a.s.,\u00a0 Best Press, U. S. Steel Ko\u0161ice, Betpres, Transpetrol, SLOVAKIA TRAVEL, ANTIK Telecom, Cinema \u00dasmev, CORE LABS, Lucka spring water;<\/p>\n<p><strong>Technological partners: <\/strong>NOV, ZEBRA, DELTA OnLine, ARICOMA, BigON;<\/p>\n<p><strong>Official contractors:<\/strong> DKC Veritas, Eastern Slovak Museum in Ko\u0161ice, Kru\u0161ovice BOH\u00c9M, BARZZUZ, DOMOS SLOVAKIA, Restaurant Contessa, Caf\u00e9 Sl\u00e1via; <strong>Official wine:<\/strong> Kubbo Select and Ostro\u017eovi\u010d;<\/p>\n<p><strong>Media partners:<\/strong> JOJ PLAY, JOJ 24, Film Europe, R\u00e1dio KO\u0160ICE, aktuality.sk, Forbes, Korz\u00e1r, Slovenka, SITA, TASR, See &amp; Go, BigMedia, Ko\u0161ice City Guide, Film.sk, Visit Ko\u0161ice, diva.sk, zenskyweb.sk, MOJAkult\u00fara;<\/p>\n<p><strong>Partners:<\/strong> V\u00fdchodoslovensk\u00e1 vod\u00e1rensk\u00e1 spolo\u010dnos\u0165, Nad\u00e1cia CEF, Slovnaft, AUPARK Ko\u0161ice, Carmeuse Slovakia, JOJ Cinema, Hydrotour travel agency, Taper, YumEarth, KAIFER advok\u00e1tska kancel\u00e1ria s.r.o., Deva, WITKOWITZ SLOVAKIA, Ko\u0161ice Airport, ECO Technologies, CPK Slovakia, Casa Trade \u2013 Casablanca cafe, DC MEDICAL, KPK Reklama, Kvitok, HAIR Factory Ko\u0161ice, Kvety Garomi, Air Taxi, Tesco Stores SR, a.s.;<\/p>\n<p><strong>Financial awards partners: <\/strong>CANON, Filmarina;<\/p>\n<p><strong>Catering partners:<\/strong> Ohnisko \u2013 Fire Dining &amp; Brew Bar, Pub u koh\u00fata, El Nacional, Maiko Sushi, Caf\u00e9 de Paris, Taba\u010dka Kulturfabrik; BISTRO Blanc, Andiamo GROUP, BENZE; Red Velvet Cake Bar; Tahiti, Caf\u00e9 Veritas<\/p>\n<\/div>\n<\/div>\n<\/div>\n<\/div>\n<\/div>\n<\/div>\n<\/div>\n<\/div>\n","protected":false},"excerpt":{"rendered":"<p>&#8220;Art Film is now officially based in Kos\u030cice. This move symbolizes that we have found excellent conditions in the","protected":false},"author":8,"featured_media":32165,"comment_status":"closed","ping_status":"closed","sticky":false,"template":"","format":"standard","meta":{"_acf_changed":false,"footnotes":""},"categories":[17],"tags":[130],"class_list":["post-32167","post","type-post","status-publish","format-standard","has-post-thumbnail","hentry","category-news","tag-aff-2024-en"],"acf":[],"yoast_head":"<!-- This site is optimized with the Yoast SEO Premium plugin v27.2 (Yoast SEO v27.5) - https:\/\/yoast.com\/product\/yoast-seo-premium-wordpress\/ -->\n<title>The 30th edition of IFF Art Film begins &#8226; IFF ART FILM<\/title>\n<meta name=\"robots\" content=\"index, follow, max-snippet:-1, max-image-preview:large, max-video-preview:-1\" \/>\n<link rel=\"canonical\" href=\"https:\/\/iffartfilm.com\/en\/blog\/news\/2024\/06\/the-30th-edition-of-iff-art-film-begins\/\" \/>\n<meta property=\"og:locale\" content=\"en_US\" \/>\n<meta property=\"og:type\" content=\"article\" \/>\n<meta property=\"og:title\" content=\"The 30th edition of IFF Art Film begins\" \/>\n<meta property=\"og:description\" content=\"&quot;Art Film is now officially based in Kos\u030cice. This move symbolizes that we have found excellent conditions in the capital of eastern Slovakia to host a\" \/>\n<meta property=\"og:url\" content=\"https:\/\/iffartfilm.com\/en\/blog\/news\/2024\/06\/the-30th-edition-of-iff-art-film-begins\/\" \/>\n<meta property=\"og:site_name\" content=\"IFF ART FILM\" \/>\n<meta property=\"article:publisher\" content=\"https:\/\/www.facebook.com\/IFFArtFilmKosice\" \/>\n<meta property=\"article:published_time\" content=\"2024-06-21T10:00:33+00:00\" \/>\n<meta property=\"og:image\" content=\"https:\/\/iffartfilm.com\/wp-content\/uploads\/2024\/06\/web_peterstas_photo_0009.jpg\" \/>\n\t<meta property=\"og:image:width\" content=\"1280\" \/>\n\t<meta property=\"og:image:height\" content=\"852\" \/>\n\t<meta property=\"og:image:type\" content=\"image\/jpeg\" \/>\n<meta name=\"author\" content=\"AFF Press\" \/>\n<meta name=\"twitter:card\" content=\"summary_large_image\" \/>\n<meta name=\"twitter:creator\" content=\"@ArtFilmFestSVK\" \/>\n<meta name=\"twitter:site\" content=\"@ArtFilmFestSVK\" \/>\n<meta name=\"twitter:label1\" content=\"Written by\" \/>\n\t<meta name=\"twitter:data1\" content=\"AFF Press\" \/>\n\t<meta name=\"twitter:label2\" content=\"Est. reading time\" \/>\n\t<meta name=\"twitter:data2\" content=\"4 minutes\" \/>\n<script type=\"application\/ld+json\" class=\"yoast-schema-graph\">{\"@context\":\"https:\\\/\\\/schema.org\",\"@graph\":[{\"@type\":\"Article\",\"@id\":\"https:\\\/\\\/iffartfilm.com\\\/en\\\/blog\\\/news\\\/2024\\\/06\\\/the-30th-edition-of-iff-art-film-begins\\\/#article\",\"isPartOf\":{\"@id\":\"https:\\\/\\\/iffartfilm.com\\\/en\\\/blog\\\/news\\\/2024\\\/06\\\/the-30th-edition-of-iff-art-film-begins\\\/\"},\"author\":{\"name\":\"AFF Press\",\"@id\":\"https:\\\/\\\/iffartfilm.com\\\/en\\\/#\\\/schema\\\/person\\\/d8d4223d528e6f4fff7377ea38d87db2\"},\"headline\":\"The 30th edition of IFF Art Film begins\",\"datePublished\":\"2024-06-21T10:00:33+00:00\",\"mainEntityOfPage\":{\"@id\":\"https:\\\/\\\/iffartfilm.com\\\/en\\\/blog\\\/news\\\/2024\\\/06\\\/the-30th-edition-of-iff-art-film-begins\\\/\"},\"wordCount\":795,\"publisher\":{\"@id\":\"https:\\\/\\\/iffartfilm.com\\\/en\\\/#organization\"},\"image\":{\"@id\":\"https:\\\/\\\/iffartfilm.com\\\/en\\\/blog\\\/news\\\/2024\\\/06\\\/the-30th-edition-of-iff-art-film-begins\\\/#primaryimage\"},\"thumbnailUrl\":\"https:\\\/\\\/iffartfilm.com\\\/wp-content\\\/uploads\\\/2024\\\/06\\\/web_peterstas_photo_0009.jpg\",\"keywords\":[\"AFF 2024\"],\"articleSection\":[\"News\"],\"inLanguage\":\"en-US\"},{\"@type\":\"WebPage\",\"@id\":\"https:\\\/\\\/iffartfilm.com\\\/en\\\/blog\\\/news\\\/2024\\\/06\\\/the-30th-edition-of-iff-art-film-begins\\\/\",\"url\":\"https:\\\/\\\/iffartfilm.com\\\/en\\\/blog\\\/news\\\/2024\\\/06\\\/the-30th-edition-of-iff-art-film-begins\\\/\",\"name\":\"The 30th edition of IFF Art Film begins &#8226; IFF ART FILM\",\"isPartOf\":{\"@id\":\"https:\\\/\\\/iffartfilm.com\\\/en\\\/#website\"},\"primaryImageOfPage\":{\"@id\":\"https:\\\/\\\/iffartfilm.com\\\/en\\\/blog\\\/news\\\/2024\\\/06\\\/the-30th-edition-of-iff-art-film-begins\\\/#primaryimage\"},\"image\":{\"@id\":\"https:\\\/\\\/iffartfilm.com\\\/en\\\/blog\\\/news\\\/2024\\\/06\\\/the-30th-edition-of-iff-art-film-begins\\\/#primaryimage\"},\"thumbnailUrl\":\"https:\\\/\\\/iffartfilm.com\\\/wp-content\\\/uploads\\\/2024\\\/06\\\/web_peterstas_photo_0009.jpg\",\"datePublished\":\"2024-06-21T10:00:33+00:00\",\"breadcrumb\":{\"@id\":\"https:\\\/\\\/iffartfilm.com\\\/en\\\/blog\\\/news\\\/2024\\\/06\\\/the-30th-edition-of-iff-art-film-begins\\\/#breadcrumb\"},\"inLanguage\":\"en-US\",\"potentialAction\":[{\"@type\":\"ReadAction\",\"target\":[\"https:\\\/\\\/iffartfilm.com\\\/en\\\/blog\\\/news\\\/2024\\\/06\\\/the-30th-edition-of-iff-art-film-begins\\\/\"]}]},{\"@type\":\"ImageObject\",\"inLanguage\":\"en-US\",\"@id\":\"https:\\\/\\\/iffartfilm.com\\\/en\\\/blog\\\/news\\\/2024\\\/06\\\/the-30th-edition-of-iff-art-film-begins\\\/#primaryimage\",\"url\":\"https:\\\/\\\/iffartfilm.com\\\/wp-content\\\/uploads\\\/2024\\\/06\\\/web_peterstas_photo_0009.jpg\",\"contentUrl\":\"https:\\\/\\\/iffartfilm.com\\\/wp-content\\\/uploads\\\/2024\\\/06\\\/web_peterstas_photo_0009.jpg\",\"width\":1280,\"height\":852},{\"@type\":\"BreadcrumbList\",\"@id\":\"https:\\\/\\\/iffartfilm.com\\\/en\\\/blog\\\/news\\\/2024\\\/06\\\/the-30th-edition-of-iff-art-film-begins\\\/#breadcrumb\",\"itemListElement\":[{\"@type\":\"ListItem\",\"position\":1,\"name\":\"Dom\u00e1ca str\u00e1nka\",\"item\":\"https:\\\/\\\/iffartfilm.com\\\/en\\\/\"},{\"@type\":\"ListItem\",\"position\":2,\"name\":\"The 30th edition of IFF Art Film begins\"}]},{\"@type\":\"WebSite\",\"@id\":\"https:\\\/\\\/iffartfilm.com\\\/en\\\/#website\",\"url\":\"https:\\\/\\\/iffartfilm.com\\\/en\\\/\",\"name\":\"IFF ART FILM\",\"description\":\"Medzin\u00e1rodn\u00fd filmov\u00fd festival\",\"publisher\":{\"@id\":\"https:\\\/\\\/iffartfilm.com\\\/en\\\/#organization\"},\"alternateName\":\"Art Film\",\"potentialAction\":[{\"@type\":\"SearchAction\",\"target\":{\"@type\":\"EntryPoint\",\"urlTemplate\":\"https:\\\/\\\/iffartfilm.com\\\/en\\\/?s={search_term_string}\"},\"query-input\":{\"@type\":\"PropertyValueSpecification\",\"valueRequired\":true,\"valueName\":\"search_term_string\"}}],\"inLanguage\":\"en-US\"},{\"@type\":\"Organization\",\"@id\":\"https:\\\/\\\/iffartfilm.com\\\/en\\\/#organization\",\"name\":\"ART FILM FEST, s.r.o.\",\"url\":\"https:\\\/\\\/iffartfilm.com\\\/en\\\/\",\"logo\":{\"@type\":\"ImageObject\",\"inLanguage\":\"en-US\",\"@id\":\"https:\\\/\\\/iffartfilm.com\\\/en\\\/#\\\/schema\\\/logo\\\/image\\\/\",\"url\":\"https:\\\/\\\/iffartfilm.com\\\/wp-content\\\/uploads\\\/2024\\\/11\\\/aff-cinepass-2025.png\",\"contentUrl\":\"https:\\\/\\\/iffartfilm.com\\\/wp-content\\\/uploads\\\/2024\\\/11\\\/aff-cinepass-2025.png\",\"width\":486,\"height\":215,\"caption\":\"ART FILM FEST, s.r.o.\"},\"image\":{\"@id\":\"https:\\\/\\\/iffartfilm.com\\\/en\\\/#\\\/schema\\\/logo\\\/image\\\/\"},\"sameAs\":[\"https:\\\/\\\/www.facebook.com\\\/IFFArtFilmKosice\",\"https:\\\/\\\/x.com\\\/ArtFilmFestSVK\",\"https:\\\/\\\/www.instagram.com\\\/iffartfilmkosice\\\/\",\"https:\\\/\\\/www.youtube.com\\\/user\\\/artfilmfest81\\\/\",\"https:\\\/\\\/www.linkedin.com\\\/company\\\/international-film-festival-art-film\"]},{\"@type\":\"Person\",\"@id\":\"https:\\\/\\\/iffartfilm.com\\\/en\\\/#\\\/schema\\\/person\\\/d8d4223d528e6f4fff7377ea38d87db2\",\"name\":\"AFF Press\",\"image\":{\"@type\":\"ImageObject\",\"inLanguage\":\"en-US\",\"@id\":\"https:\\\/\\\/secure.gravatar.com\\\/avatar\\\/265a3db458b12549c5967b535e527fc91958dde822b1c15812cd2b23c8643ee7?s=96&d=mm&r=g\",\"url\":\"https:\\\/\\\/secure.gravatar.com\\\/avatar\\\/265a3db458b12549c5967b535e527fc91958dde822b1c15812cd2b23c8643ee7?s=96&d=mm&r=g\",\"contentUrl\":\"https:\\\/\\\/secure.gravatar.com\\\/avatar\\\/265a3db458b12549c5967b535e527fc91958dde822b1c15812cd2b23c8643ee7?s=96&d=mm&r=g\",\"caption\":\"AFF Press\"},\"url\":\"https:\\\/\\\/iffartfilm.com\\\/en\\\/blog\\\/author\\\/curna\\\/\"}]}<\/script>\n<!-- \/ Yoast SEO Premium plugin. -->","yoast_head_json":{"title":"The 30th edition of IFF Art Film begins &#8226; IFF ART FILM","robots":{"index":"index","follow":"follow","max-snippet":"max-snippet:-1","max-image-preview":"max-image-preview:large","max-video-preview":"max-video-preview:-1"},"canonical":"https:\/\/iffartfilm.com\/en\/blog\/news\/2024\/06\/the-30th-edition-of-iff-art-film-begins\/","og_locale":"en_US","og_type":"article","og_title":"The 30th edition of IFF Art Film begins","og_description":"\"Art Film is now officially based in Kos\u030cice. This move symbolizes that we have found excellent conditions in the capital of eastern Slovakia to host a","og_url":"https:\/\/iffartfilm.com\/en\/blog\/news\/2024\/06\/the-30th-edition-of-iff-art-film-begins\/","og_site_name":"IFF ART FILM","article_publisher":"https:\/\/www.facebook.com\/IFFArtFilmKosice","article_published_time":"2024-06-21T10:00:33+00:00","og_image":[{"width":1280,"height":852,"url":"https:\/\/iffartfilm.com\/wp-content\/uploads\/2024\/06\/web_peterstas_photo_0009.jpg","type":"image\/jpeg"}],"author":"AFF Press","twitter_card":"summary_large_image","twitter_creator":"@ArtFilmFestSVK","twitter_site":"@ArtFilmFestSVK","twitter_misc":{"Written by":"AFF Press","Est. reading time":"4 minutes"},"schema":{"@context":"https:\/\/schema.org","@graph":[{"@type":"Article","@id":"https:\/\/iffartfilm.com\/en\/blog\/news\/2024\/06\/the-30th-edition-of-iff-art-film-begins\/#article","isPartOf":{"@id":"https:\/\/iffartfilm.com\/en\/blog\/news\/2024\/06\/the-30th-edition-of-iff-art-film-begins\/"},"author":{"name":"AFF Press","@id":"https:\/\/iffartfilm.com\/en\/#\/schema\/person\/d8d4223d528e6f4fff7377ea38d87db2"},"headline":"The 30th edition of IFF Art Film begins","datePublished":"2024-06-21T10:00:33+00:00","mainEntityOfPage":{"@id":"https:\/\/iffartfilm.com\/en\/blog\/news\/2024\/06\/the-30th-edition-of-iff-art-film-begins\/"},"wordCount":795,"publisher":{"@id":"https:\/\/iffartfilm.com\/en\/#organization"},"image":{"@id":"https:\/\/iffartfilm.com\/en\/blog\/news\/2024\/06\/the-30th-edition-of-iff-art-film-begins\/#primaryimage"},"thumbnailUrl":"https:\/\/iffartfilm.com\/wp-content\/uploads\/2024\/06\/web_peterstas_photo_0009.jpg","keywords":["AFF 2024"],"articleSection":["News"],"inLanguage":"en-US"},{"@type":"WebPage","@id":"https:\/\/iffartfilm.com\/en\/blog\/news\/2024\/06\/the-30th-edition-of-iff-art-film-begins\/","url":"https:\/\/iffartfilm.com\/en\/blog\/news\/2024\/06\/the-30th-edition-of-iff-art-film-begins\/","name":"The 30th edition of IFF Art Film begins &#8226; IFF ART FILM","isPartOf":{"@id":"https:\/\/iffartfilm.com\/en\/#website"},"primaryImageOfPage":{"@id":"https:\/\/iffartfilm.com\/en\/blog\/news\/2024\/06\/the-30th-edition-of-iff-art-film-begins\/#primaryimage"},"image":{"@id":"https:\/\/iffartfilm.com\/en\/blog\/news\/2024\/06\/the-30th-edition-of-iff-art-film-begins\/#primaryimage"},"thumbnailUrl":"https:\/\/iffartfilm.com\/wp-content\/uploads\/2024\/06\/web_peterstas_photo_0009.jpg","datePublished":"2024-06-21T10:00:33+00:00","breadcrumb":{"@id":"https:\/\/iffartfilm.com\/en\/blog\/news\/2024\/06\/the-30th-edition-of-iff-art-film-begins\/#breadcrumb"},"inLanguage":"en-US","potentialAction":[{"@type":"ReadAction","target":["https:\/\/iffartfilm.com\/en\/blog\/news\/2024\/06\/the-30th-edition-of-iff-art-film-begins\/"]}]},{"@type":"ImageObject","inLanguage":"en-US","@id":"https:\/\/iffartfilm.com\/en\/blog\/news\/2024\/06\/the-30th-edition-of-iff-art-film-begins\/#primaryimage","url":"https:\/\/iffartfilm.com\/wp-content\/uploads\/2024\/06\/web_peterstas_photo_0009.jpg","contentUrl":"https:\/\/iffartfilm.com\/wp-content\/uploads\/2024\/06\/web_peterstas_photo_0009.jpg","width":1280,"height":852},{"@type":"BreadcrumbList","@id":"https:\/\/iffartfilm.com\/en\/blog\/news\/2024\/06\/the-30th-edition-of-iff-art-film-begins\/#breadcrumb","itemListElement":[{"@type":"ListItem","position":1,"name":"Dom\u00e1ca str\u00e1nka","item":"https:\/\/iffartfilm.com\/en\/"},{"@type":"ListItem","position":2,"name":"The 30th edition of IFF Art Film begins"}]},{"@type":"WebSite","@id":"https:\/\/iffartfilm.com\/en\/#website","url":"https:\/\/iffartfilm.com\/en\/","name":"IFF ART FILM","description":"Medzin\u00e1rodn\u00fd filmov\u00fd festival","publisher":{"@id":"https:\/\/iffartfilm.com\/en\/#organization"},"alternateName":"Art Film","potentialAction":[{"@type":"SearchAction","target":{"@type":"EntryPoint","urlTemplate":"https:\/\/iffartfilm.com\/en\/?s={search_term_string}"},"query-input":{"@type":"PropertyValueSpecification","valueRequired":true,"valueName":"search_term_string"}}],"inLanguage":"en-US"},{"@type":"Organization","@id":"https:\/\/iffartfilm.com\/en\/#organization","name":"ART FILM FEST, s.r.o.","url":"https:\/\/iffartfilm.com\/en\/","logo":{"@type":"ImageObject","inLanguage":"en-US","@id":"https:\/\/iffartfilm.com\/en\/#\/schema\/logo\/image\/","url":"https:\/\/iffartfilm.com\/wp-content\/uploads\/2024\/11\/aff-cinepass-2025.png","contentUrl":"https:\/\/iffartfilm.com\/wp-content\/uploads\/2024\/11\/aff-cinepass-2025.png","width":486,"height":215,"caption":"ART FILM FEST, s.r.o."},"image":{"@id":"https:\/\/iffartfilm.com\/en\/#\/schema\/logo\/image\/"},"sameAs":["https:\/\/www.facebook.com\/IFFArtFilmKosice","https:\/\/x.com\/ArtFilmFestSVK","https:\/\/www.instagram.com\/iffartfilmkosice\/","https:\/\/www.youtube.com\/user\/artfilmfest81\/","https:\/\/www.linkedin.com\/company\/international-film-festival-art-film"]},{"@type":"Person","@id":"https:\/\/iffartfilm.com\/en\/#\/schema\/person\/d8d4223d528e6f4fff7377ea38d87db2","name":"AFF Press","image":{"@type":"ImageObject","inLanguage":"en-US","@id":"https:\/\/secure.gravatar.com\/avatar\/265a3db458b12549c5967b535e527fc91958dde822b1c15812cd2b23c8643ee7?s=96&d=mm&r=g","url":"https:\/\/secure.gravatar.com\/avatar\/265a3db458b12549c5967b535e527fc91958dde822b1c15812cd2b23c8643ee7?s=96&d=mm&r=g","contentUrl":"https:\/\/secure.gravatar.com\/avatar\/265a3db458b12549c5967b535e527fc91958dde822b1c15812cd2b23c8643ee7?s=96&d=mm&r=g","caption":"AFF Press"},"url":"https:\/\/iffartfilm.com\/en\/blog\/author\/curna\/"}]}},"_links":{"self":[{"href":"https:\/\/iffartfilm.com\/en\/wp-json\/wp\/v2\/posts\/32167","targetHints":{"allow":["GET"]}}],"collection":[{"href":"https:\/\/iffartfilm.com\/en\/wp-json\/wp\/v2\/posts"}],"about":[{"href":"https:\/\/iffartfilm.com\/en\/wp-json\/wp\/v2\/types\/post"}],"author":[{"embeddable":true,"href":"https:\/\/iffartfilm.com\/en\/wp-json\/wp\/v2\/users\/8"}],"replies":[{"embeddable":true,"href":"https:\/\/iffartfilm.com\/en\/wp-json\/wp\/v2\/comments?post=32167"}],"version-history":[{"count":0,"href":"https:\/\/iffartfilm.com\/en\/wp-json\/wp\/v2\/posts\/32167\/revisions"}],"wp:featuredmedia":[{"embeddable":true,"href":"https:\/\/iffartfilm.com\/en\/wp-json\/wp\/v2\/media\/32165"}],"wp:attachment":[{"href":"https:\/\/iffartfilm.com\/en\/wp-json\/wp\/v2\/media?parent=32167"}],"wp:term":[{"taxonomy":"category","embeddable":true,"href":"https:\/\/iffartfilm.com\/en\/wp-json\/wp\/v2\/categories?post=32167"},{"taxonomy":"post_tag","embeddable":true,"href":"https:\/\/iffartfilm.com\/en\/wp-json\/wp\/v2\/tags?post=32167"}],"curies":[{"name":"wp","href":"https:\/\/api.w.org\/{rel}","templated":true}]}}