{"id":2728,"date":"2009-04-23T20:55:00","date_gmt":"2009-04-23T19:55:00","guid":{"rendered":"https:\/\/www.artfilmfest.sk\/en\/blog\/uncategorized\/2009\/04\/art-film-fest-to-bring-prize-winning-pictures-from-vienna-berlin-and-locarno\/"},"modified":"2016-02-08T12:39:13","modified_gmt":"2016-02-08T11:39:13","slug":"art-film-fest-to-bring-prize-winning-pictures-from-vienna-berlin-and-locarno","status":"publish","type":"post","link":"https:\/\/iffartfilm.com\/en\/blog\/highlights\/2009\/04\/art-film-fest-to-bring-prize-winning-pictures-from-vienna-berlin-and-locarno\/","title":{"rendered":"Art Film Fest to Bring Prize-Winning Pictures from Vienna, Berlin and Locarno"},"content":{"rendered":"<p class=\"align-justify\"><span lang=\"EN-GB\">This year\u2019s Art Film Fest will present two competition sections.&nbsp; <\/span>The International Competition of Feature Films will introduce the works of talented filmmakers to festival cinemas.&nbsp; \u201cYoung filmmakers and up-and-coming auteurs may be every film festival\u2019s most sought-after and prized asset, and Art Film Fest doesn\u2019t want to miss out either.&nbsp; On the contrary, in the upcoming 17th annual we have decided to broaden the festival program\u2019s main section, highlighting the diversity of contemporary film talent even more than before,\u201d said Peter N\u00e1gel, Program Director and coordinator of the Competition of Feature Films.<\/p>\n<p class=\"align-justify\"><span lang=\"EN-GB\">The Blue Angel \u2013 the festival\u2019s coveted grand prize \u2013 will be vied for by filmmakers on their first, second, or third films.&nbsp; <\/span>The nominated films will include prize-winning pictures from the most prestigious film festivals in Venice, Berlin, and Locarno.&nbsp; \u201cI am convinced that the future of the film world will make its presence felt at our festival,\u201d said N\u00e1gel.&nbsp; Feature-length films will be once again judged by an international jury, whose makeup is currently being discussed.<\/p>\n<p class=\"align-justify\"><span lang=\"EN-GB\">The second competition section is the International Competition of Short Films, always a crowd-pleaser.&nbsp; <\/span>As in previous years, the section\u2019s films will be restricted to one essential parameter \u2013 a length of up to thirty minutes.&nbsp; The section\u2019s appeal lies in the sheer variety provided by more than forty brand-new flicks from Iceland, New  Zealand, Chile, Philippines and many places in between. <\/p>\n<p class=\"align-justify\"><span lang=\"EN-GB\">The festival program will also include non-competitive sections, and it is those which have had a makeover this year; they have doubled in number, and their names alone will draw crowds to the cinemas.&nbsp; <\/span>Leave your worries behind and have some fun with the section Dancing 80\u2019s, courtesy of the USA.&nbsp; \u201cFor over twenty years, each successive generation has rediscovered these films\u2019 unforgettable dance numbers, quotable lines and hit songs,\u201d said section coordinator Magdal\u00e9na Macejkov\u00e1.<\/p>\n<p class=\"align-justify\"><span lang=\"EN-GB\">Audiences can look forward to brilliant dancers on the silver screen, featuring disco, step, Latin dance and even ballet.&nbsp; <\/span>Screened films will include Fame from director Alan Parker and Bob Fosse\u2019s All That Jazz.&nbsp; Each dance film will be personally introduced by the renowned Slovak dancer and choreographer J\u00e1n \u010eurov\u010d\u00edk. <\/p>\n<p> The festival president, actor and comedian Milan Lasica, has prepared some entertainment as well, in the form of the section Best of Comedy.&nbsp; \u201cI thought back to newer and older films, some of which I saw as a boy, a film-lover, and a huge fan,\u201d said Mr. Lasica, who has selected films such as Beauties of the Night with the legendary Gina Lollobrigida.&nbsp; Mr. Lasica will personally present each film.<\/p>\n<p> Appearing for the first time in the Art Film Fest program, the section All Around the World will include true gems of world cinema.&nbsp; We have already confirmed the winning film from Venice 2008 festival, director Darren Aronofsky\u2019s Oscar-nominated The Wrestler, featuring the celebrated comeback of veteran actor Mickey Rourke.&nbsp; From Asian cinema, we will welcome the latest film from the impossible-to-overlook Kim Ki-duk, Dream.&nbsp; \u201cAnd there will certainly be more such attractions,\u201d promised N\u00e1gel.<\/p>\n<p> European Corner will present old-world films which have been receiving increasing attention around the world. &nbsp;\u201cWe have chosen a sampling of films that we are convinced have been resonating throughout Europe, which is confirmed by filmmakers\u2019 names such as Annette K. Olesen, Fran\u00e7ois Ozon, Lukas Moodysson, Alexey Balabanov and G\u00f6tz Spielmann,\u201d said Peter N\u00e1gel, adding that festival cinemas may also screen the latest legend of the bloodthirsty countess Al\u017ebeta B\u00e1thory, The Countess, created by and starring the distinguished French actress and director Julie Delpy.&nbsp; The film recently had its world premiere at the prestigious Berlin festival.<\/p>\n<p> The section Cult! will again feature films which have made cinema history.&nbsp;&nbsp; The selections span the genres of war film, musical, horror, as well as science fiction.&nbsp; \u201cYet they share common traits: each generation identifies with these timeless films, whose presence can be felt in their influence on style and when other films quote them,\u201d explained the section\u2019s coordinator Martin Ciel.&nbsp; The section with the compelling title Love &amp; Anarchy surveys the latest trends in European, American and Asian cinema.&nbsp; The special section Late Night Show will again present a selection of unique and shocking works.&nbsp; \u201cLate Night Show will be wild, bloody, brutal, dangerous, extreme, action-packed, loud, but above all fun,\u201d promised its coordinator Ivana Petr\u00edkov\u00e1.&nbsp; Art Film Fest will also pay homage to Czech director, librettist and dramaturge Petr Weigl.&nbsp; \u201cHe is distinguished by his daring pursuit of an unconventional, distinctive approach to a variety of film adaptations, above all of operas,\u201d explained the section\u2019s coordinator Magda V\u00e1\u0161\u00e1ryov\u00e1.&nbsp; Only with Weigl at the helm were films such as Rusalka, A Village Romeo and Juliet, Eugene Onegin and Werther made possible.&nbsp; His films feature the debuts of several Slovak performers as well, such as Milan K\u0148a\u017eko, Bo\u017eidara Turzonovov\u00e1, Juraj Kukura and opera singer Peter Dvorsk\u00fd.<\/p>\n<p> As in previous years, the festival will bestow the individual festival award Actor\u2019s Mission, already held by stars such as Omar Sharif, Geraldine Chaplin, Jean-Paul Belmondo and Ornella Muti, whose bronze tablets gleam on the of Fame in Tren\u010dianske Teplice.&nbsp; Art Film Fest will also present the Golden Camera award for extraordinary contribution to the art of cinema.&nbsp; Festival screenings will take place at five locations: in Tren\u010d\u00edn, the Cultural and Methodological Centre of the Slovak Military (Kult\u00farne a metodick\u00e9 centrum Ozbrojen\u00fdch s\u00edl Slovenskej republiky, 550-seat capacity), ArtKino Metro (148 seats) and the open-air Ba\u017eant Cinematograph on \u0160t\u00far Square (\u0160t\u00farovo n\u00e1mestie); and in Tren\u010dianske Teplice, Prame\u0148 Cinema (200 seats) and the Tatra Banka Cinema Tent (200 seats) in Spa Park.<\/p>\n<p class=\"align-justify\"><span lang=\"EN-GB\">This year, students up to 26 years of age may again attend Art Film Fest free of charge.&nbsp; <\/span>They can receive a fully valid, all-festival Cinepass by filling out the registration form at <link https:\/\/iffartfilm.com\/>artfilmfest.sk<\/link>, which will be available from 1 May until 18 June, 2009.&nbsp; All registered students will be given a Cinepass at the festival\u2019s registration area, where they will have to show some evidence of their studies (transcript, report card, confirmation of attendance, or ISIC student card, for example).&nbsp; From 19 June, student Cinepasses will be sold at festival box offices for 5 euros.&nbsp; Discount Cinepasses will be available to holders of Teplice cards, 2009 ASFK Film Club membership cards, EURO 26 cards, ITIC cards and Z\u0164P cards for 10 euros through Ticketportal from 1 April to 19 June and at the festival for 15 euros.&nbsp; Standard 8-day permanent passes will be for sale on Ticketportal at the reduced price of 16 euros until the end of May, from 1 June until 16 June for 23 euros and at the festival for 30 euros.&nbsp; Guests above 62 years of age will pay 5 euros for a Cinepass onsite, except those with permanent residence in Tren\u010diansk\u00e9 Teplice or Tren\u010d\u00edn, who will pay only 2 euros.&nbsp; A three-day Cinepass will cost 20 euros, a one-day pass 5 euros, and a single-admission ticket to a festival cinema will cost 2 euros.&nbsp;&nbsp; One can apply for press accreditation free of charge by filling out the registration form which will be on artfilmfest.sk from 10 May until 10 June, 2009.&nbsp; After 10 June, press accreditation will include a fee of 10 euros.&nbsp; More information will be available at the festival\u2019s website, artfilmfest.sk, from the start of May.<\/p>\n<p class=\"align-justify\"><span lang=\"EN-GB\"><b>Organizers:<\/b> ART FILM, n.o., FORZA Production House<br \/><b> Co-Organizers:<\/b> The Town of Tren\u010dianske Teplice, The Town of Tren\u010d\u00edn, Health Spa Tren\u010dianske Teplice<\/p>\n<p><b> Main Media Sponsors:<\/b> Slovensk\u00e1 telev\u00edzia, Slovensk\u00fd rozhlas, Pravda, Zoznam.sk<br \/><b> Media Sponsors:<\/b> telev\u00edzia Mark\u00edza, FilmBox, Telev\u00edzia Central, R\u00e1dio Okey, R\u00e1dio FM, R\u00e1dio Regina, R\u00e1dio GO Dee Jay, R\u00e1dio Hit FM, t\u00fd\u017edenn\u00edk Mark\u00edza, \u017durn\u00e1l, Pardon, Tren\u010dianske Echo, Kam do mesta, port.sk, superobed.sk, SITA, ISPA, Q-EX&nbsp; <\/span><\/p>\n","protected":false},"excerpt":{"rendered":"<p>This year\u2019s Art Film Fest will present two competition sections.&nbsp; The International Competition of Feature Films","protected":false},"author":2,"featured_media":0,"comment_status":"open","ping_status":"open","sticky":false,"template":"","format":"standard","meta":{"_acf_changed":false,"footnotes":""},"categories":[16],"tags":[],"class_list":["post-2728","post","type-post","status-publish","format-standard","hentry","category-highlights"],"acf":[],"yoast_head":"<!-- This site is optimized with the Yoast SEO Premium plugin v27.2 (Yoast SEO v27.4) - https:\/\/yoast.com\/product\/yoast-seo-premium-wordpress\/ -->\n<title>Art Film Fest to Bring Prize-Winning Pictures from Vienna, Berlin and Locarno &#8226; IFF ART FILM<\/title>\n<meta name=\"robots\" content=\"index, follow, max-snippet:-1, max-image-preview:large, max-video-preview:-1\" \/>\n<link rel=\"canonical\" href=\"https:\/\/iffartfilm.com\/en\/blog\/highlights\/2009\/04\/art-film-fest-to-bring-prize-winning-pictures-from-vienna-berlin-and-locarno\/\" \/>\n<meta property=\"og:locale\" content=\"en_US\" \/>\n<meta property=\"og:type\" content=\"article\" \/>\n<meta property=\"og:title\" content=\"Art Film Fest to Bring Prize-Winning Pictures from Vienna, Berlin and Locarno\" \/>\n<meta property=\"og:description\" content=\"This year\u2019s Art Film Fest will present two competition sections.&nbsp; The International Competition of Feature Films will introduce the works of talented\" \/>\n<meta property=\"og:url\" content=\"https:\/\/iffartfilm.com\/en\/blog\/highlights\/2009\/04\/art-film-fest-to-bring-prize-winning-pictures-from-vienna-berlin-and-locarno\/\" \/>\n<meta property=\"og:site_name\" content=\"IFF ART FILM\" \/>\n<meta property=\"article:publisher\" content=\"https:\/\/www.facebook.com\/IFFArtFilmKosice\" \/>\n<meta property=\"article:published_time\" content=\"2009-04-23T19:55:00+00:00\" \/>\n<meta property=\"article:modified_time\" content=\"2016-02-08T11:39:13+00:00\" \/>\n<meta property=\"og:image\" content=\"https:\/\/iffartfilm.com\/wp-content\/uploads\/2023\/12\/MFF_Art_Film_24_FB_IG_1200x628.jpg\" \/>\n\t<meta property=\"og:image:width\" content=\"1200\" \/>\n\t<meta property=\"og:image:height\" content=\"628\" \/>\n\t<meta property=\"og:image:type\" content=\"image\/jpeg\" \/>\n<meta name=\"author\" content=\"AFF Admin\" \/>\n<meta name=\"twitter:card\" content=\"summary_large_image\" \/>\n<meta name=\"twitter:creator\" content=\"@ArtFilmFestSVK\" \/>\n<meta name=\"twitter:site\" content=\"@ArtFilmFestSVK\" \/>\n<meta name=\"twitter:label1\" content=\"Written by\" \/>\n\t<meta name=\"twitter:data1\" content=\"AFF Admin\" \/>\n\t<meta name=\"twitter:label2\" content=\"Est. reading time\" \/>\n\t<meta name=\"twitter:data2\" content=\"7 minutes\" \/>\n<script type=\"application\/ld+json\" class=\"yoast-schema-graph\">{\"@context\":\"https:\\\/\\\/schema.org\",\"@graph\":[{\"@type\":\"Article\",\"@id\":\"https:\\\/\\\/iffartfilm.com\\\/en\\\/blog\\\/highlights\\\/2009\\\/04\\\/art-film-fest-to-bring-prize-winning-pictures-from-vienna-berlin-and-locarno\\\/#article\",\"isPartOf\":{\"@id\":\"https:\\\/\\\/iffartfilm.com\\\/en\\\/blog\\\/highlights\\\/2009\\\/04\\\/art-film-fest-to-bring-prize-winning-pictures-from-vienna-berlin-and-locarno\\\/\"},\"author\":{\"name\":\"AFF Admin\",\"@id\":\"https:\\\/\\\/iffartfilm.com\\\/en\\\/#\\\/schema\\\/person\\\/55a097b32d28a560cbcd295bffd8f266\"},\"headline\":\"Art Film Fest to Bring Prize-Winning Pictures from Vienna, Berlin and Locarno\",\"datePublished\":\"2009-04-23T19:55:00+00:00\",\"dateModified\":\"2016-02-08T11:39:13+00:00\",\"mainEntityOfPage\":{\"@id\":\"https:\\\/\\\/iffartfilm.com\\\/en\\\/blog\\\/highlights\\\/2009\\\/04\\\/art-film-fest-to-bring-prize-winning-pictures-from-vienna-berlin-and-locarno\\\/\"},\"wordCount\":1360,\"commentCount\":0,\"publisher\":{\"@id\":\"https:\\\/\\\/iffartfilm.com\\\/en\\\/#organization\"},\"articleSection\":[\"Highlights\"],\"inLanguage\":\"en-US\"},{\"@type\":\"WebPage\",\"@id\":\"https:\\\/\\\/iffartfilm.com\\\/en\\\/blog\\\/highlights\\\/2009\\\/04\\\/art-film-fest-to-bring-prize-winning-pictures-from-vienna-berlin-and-locarno\\\/\",\"url\":\"https:\\\/\\\/iffartfilm.com\\\/en\\\/blog\\\/highlights\\\/2009\\\/04\\\/art-film-fest-to-bring-prize-winning-pictures-from-vienna-berlin-and-locarno\\\/\",\"name\":\"Art Film Fest to Bring Prize-Winning Pictures from Vienna, Berlin and Locarno &#8226; IFF ART FILM\",\"isPartOf\":{\"@id\":\"https:\\\/\\\/iffartfilm.com\\\/en\\\/#website\"},\"datePublished\":\"2009-04-23T19:55:00+00:00\",\"dateModified\":\"2016-02-08T11:39:13+00:00\",\"breadcrumb\":{\"@id\":\"https:\\\/\\\/iffartfilm.com\\\/en\\\/blog\\\/highlights\\\/2009\\\/04\\\/art-film-fest-to-bring-prize-winning-pictures-from-vienna-berlin-and-locarno\\\/#breadcrumb\"},\"inLanguage\":\"en-US\",\"potentialAction\":[{\"@type\":\"ReadAction\",\"target\":[\"https:\\\/\\\/iffartfilm.com\\\/en\\\/blog\\\/highlights\\\/2009\\\/04\\\/art-film-fest-to-bring-prize-winning-pictures-from-vienna-berlin-and-locarno\\\/\"]}]},{\"@type\":\"BreadcrumbList\",\"@id\":\"https:\\\/\\\/iffartfilm.com\\\/en\\\/blog\\\/highlights\\\/2009\\\/04\\\/art-film-fest-to-bring-prize-winning-pictures-from-vienna-berlin-and-locarno\\\/#breadcrumb\",\"itemListElement\":[{\"@type\":\"ListItem\",\"position\":1,\"name\":\"Dom\u00e1ca str\u00e1nka\",\"item\":\"https:\\\/\\\/iffartfilm.com\\\/en\\\/\"},{\"@type\":\"ListItem\",\"position\":2,\"name\":\"Art Film Fest to Bring Prize-Winning Pictures from Vienna, Berlin and Locarno\"}]},{\"@type\":\"WebSite\",\"@id\":\"https:\\\/\\\/iffartfilm.com\\\/en\\\/#website\",\"url\":\"https:\\\/\\\/iffartfilm.com\\\/en\\\/\",\"name\":\"IFF ART FILM\",\"description\":\"Medzin\u00e1rodn\u00fd filmov\u00fd festival\",\"publisher\":{\"@id\":\"https:\\\/\\\/iffartfilm.com\\\/en\\\/#organization\"},\"alternateName\":\"Art Film\",\"potentialAction\":[{\"@type\":\"SearchAction\",\"target\":{\"@type\":\"EntryPoint\",\"urlTemplate\":\"https:\\\/\\\/iffartfilm.com\\\/en\\\/?s={search_term_string}\"},\"query-input\":{\"@type\":\"PropertyValueSpecification\",\"valueRequired\":true,\"valueName\":\"search_term_string\"}}],\"inLanguage\":\"en-US\"},{\"@type\":\"Organization\",\"@id\":\"https:\\\/\\\/iffartfilm.com\\\/en\\\/#organization\",\"name\":\"ART FILM FEST, s.r.o.\",\"url\":\"https:\\\/\\\/iffartfilm.com\\\/en\\\/\",\"logo\":{\"@type\":\"ImageObject\",\"inLanguage\":\"en-US\",\"@id\":\"https:\\\/\\\/iffartfilm.com\\\/en\\\/#\\\/schema\\\/logo\\\/image\\\/\",\"url\":\"https:\\\/\\\/iffartfilm.com\\\/wp-content\\\/uploads\\\/2024\\\/11\\\/aff-cinepass-2025.png\",\"contentUrl\":\"https:\\\/\\\/iffartfilm.com\\\/wp-content\\\/uploads\\\/2024\\\/11\\\/aff-cinepass-2025.png\",\"width\":486,\"height\":215,\"caption\":\"ART FILM FEST, s.r.o.\"},\"image\":{\"@id\":\"https:\\\/\\\/iffartfilm.com\\\/en\\\/#\\\/schema\\\/logo\\\/image\\\/\"},\"sameAs\":[\"https:\\\/\\\/www.facebook.com\\\/IFFArtFilmKosice\",\"https:\\\/\\\/x.com\\\/ArtFilmFestSVK\",\"https:\\\/\\\/www.instagram.com\\\/iffartfilmkosice\\\/\",\"https:\\\/\\\/www.youtube.com\\\/user\\\/artfilmfest81\\\/\",\"https:\\\/\\\/www.linkedin.com\\\/company\\\/international-film-festival-art-film\"]},{\"@type\":\"Person\",\"@id\":\"https:\\\/\\\/iffartfilm.com\\\/en\\\/#\\\/schema\\\/person\\\/55a097b32d28a560cbcd295bffd8f266\",\"name\":\"AFF Admin\",\"image\":{\"@type\":\"ImageObject\",\"inLanguage\":\"en-US\",\"@id\":\"https:\\\/\\\/secure.gravatar.com\\\/avatar\\\/5db5d37617da01600ba354e911ea20846b0b249da42f7c6e2aa10bdd0adaa7dc?s=96&d=mm&r=g\",\"url\":\"https:\\\/\\\/secure.gravatar.com\\\/avatar\\\/5db5d37617da01600ba354e911ea20846b0b249da42f7c6e2aa10bdd0adaa7dc?s=96&d=mm&r=g\",\"contentUrl\":\"https:\\\/\\\/secure.gravatar.com\\\/avatar\\\/5db5d37617da01600ba354e911ea20846b0b249da42f7c6e2aa10bdd0adaa7dc?s=96&d=mm&r=g\",\"caption\":\"AFF Admin\"},\"url\":\"https:\\\/\\\/iffartfilm.com\\\/en\\\/blog\\\/author\\\/branor\\\/\"}]}<\/script>\n<!-- \/ Yoast SEO Premium plugin. -->","yoast_head_json":{"title":"Art Film Fest to Bring Prize-Winning Pictures from Vienna, Berlin and Locarno &#8226; IFF ART FILM","robots":{"index":"index","follow":"follow","max-snippet":"max-snippet:-1","max-image-preview":"max-image-preview:large","max-video-preview":"max-video-preview:-1"},"canonical":"https:\/\/iffartfilm.com\/en\/blog\/highlights\/2009\/04\/art-film-fest-to-bring-prize-winning-pictures-from-vienna-berlin-and-locarno\/","og_locale":"en_US","og_type":"article","og_title":"Art Film Fest to Bring Prize-Winning Pictures from Vienna, Berlin and Locarno","og_description":"This year\u2019s Art Film Fest will present two competition sections.&nbsp; The International Competition of Feature Films will introduce the works of talented","og_url":"https:\/\/iffartfilm.com\/en\/blog\/highlights\/2009\/04\/art-film-fest-to-bring-prize-winning-pictures-from-vienna-berlin-and-locarno\/","og_site_name":"IFF ART FILM","article_publisher":"https:\/\/www.facebook.com\/IFFArtFilmKosice","article_published_time":"2009-04-23T19:55:00+00:00","article_modified_time":"2016-02-08T11:39:13+00:00","og_image":[{"width":1200,"height":628,"url":"https:\/\/iffartfilm.com\/wp-content\/uploads\/2023\/12\/MFF_Art_Film_24_FB_IG_1200x628.jpg","type":"image\/jpeg"}],"author":"AFF Admin","twitter_card":"summary_large_image","twitter_creator":"@ArtFilmFestSVK","twitter_site":"@ArtFilmFestSVK","twitter_misc":{"Written by":"AFF Admin","Est. reading time":"7 minutes"},"schema":{"@context":"https:\/\/schema.org","@graph":[{"@type":"Article","@id":"https:\/\/iffartfilm.com\/en\/blog\/highlights\/2009\/04\/art-film-fest-to-bring-prize-winning-pictures-from-vienna-berlin-and-locarno\/#article","isPartOf":{"@id":"https:\/\/iffartfilm.com\/en\/blog\/highlights\/2009\/04\/art-film-fest-to-bring-prize-winning-pictures-from-vienna-berlin-and-locarno\/"},"author":{"name":"AFF Admin","@id":"https:\/\/iffartfilm.com\/en\/#\/schema\/person\/55a097b32d28a560cbcd295bffd8f266"},"headline":"Art Film Fest to Bring Prize-Winning Pictures from Vienna, Berlin and Locarno","datePublished":"2009-04-23T19:55:00+00:00","dateModified":"2016-02-08T11:39:13+00:00","mainEntityOfPage":{"@id":"https:\/\/iffartfilm.com\/en\/blog\/highlights\/2009\/04\/art-film-fest-to-bring-prize-winning-pictures-from-vienna-berlin-and-locarno\/"},"wordCount":1360,"commentCount":0,"publisher":{"@id":"https:\/\/iffartfilm.com\/en\/#organization"},"articleSection":["Highlights"],"inLanguage":"en-US"},{"@type":"WebPage","@id":"https:\/\/iffartfilm.com\/en\/blog\/highlights\/2009\/04\/art-film-fest-to-bring-prize-winning-pictures-from-vienna-berlin-and-locarno\/","url":"https:\/\/iffartfilm.com\/en\/blog\/highlights\/2009\/04\/art-film-fest-to-bring-prize-winning-pictures-from-vienna-berlin-and-locarno\/","name":"Art Film Fest to Bring Prize-Winning Pictures from Vienna, Berlin and Locarno &#8226; IFF ART FILM","isPartOf":{"@id":"https:\/\/iffartfilm.com\/en\/#website"},"datePublished":"2009-04-23T19:55:00+00:00","dateModified":"2016-02-08T11:39:13+00:00","breadcrumb":{"@id":"https:\/\/iffartfilm.com\/en\/blog\/highlights\/2009\/04\/art-film-fest-to-bring-prize-winning-pictures-from-vienna-berlin-and-locarno\/#breadcrumb"},"inLanguage":"en-US","potentialAction":[{"@type":"ReadAction","target":["https:\/\/iffartfilm.com\/en\/blog\/highlights\/2009\/04\/art-film-fest-to-bring-prize-winning-pictures-from-vienna-berlin-and-locarno\/"]}]},{"@type":"BreadcrumbList","@id":"https:\/\/iffartfilm.com\/en\/blog\/highlights\/2009\/04\/art-film-fest-to-bring-prize-winning-pictures-from-vienna-berlin-and-locarno\/#breadcrumb","itemListElement":[{"@type":"ListItem","position":1,"name":"Dom\u00e1ca str\u00e1nka","item":"https:\/\/iffartfilm.com\/en\/"},{"@type":"ListItem","position":2,"name":"Art Film Fest to Bring Prize-Winning Pictures from Vienna, Berlin and Locarno"}]},{"@type":"WebSite","@id":"https:\/\/iffartfilm.com\/en\/#website","url":"https:\/\/iffartfilm.com\/en\/","name":"IFF ART FILM","description":"Medzin\u00e1rodn\u00fd filmov\u00fd festival","publisher":{"@id":"https:\/\/iffartfilm.com\/en\/#organization"},"alternateName":"Art Film","potentialAction":[{"@type":"SearchAction","target":{"@type":"EntryPoint","urlTemplate":"https:\/\/iffartfilm.com\/en\/?s={search_term_string}"},"query-input":{"@type":"PropertyValueSpecification","valueRequired":true,"valueName":"search_term_string"}}],"inLanguage":"en-US"},{"@type":"Organization","@id":"https:\/\/iffartfilm.com\/en\/#organization","name":"ART FILM FEST, s.r.o.","url":"https:\/\/iffartfilm.com\/en\/","logo":{"@type":"ImageObject","inLanguage":"en-US","@id":"https:\/\/iffartfilm.com\/en\/#\/schema\/logo\/image\/","url":"https:\/\/iffartfilm.com\/wp-content\/uploads\/2024\/11\/aff-cinepass-2025.png","contentUrl":"https:\/\/iffartfilm.com\/wp-content\/uploads\/2024\/11\/aff-cinepass-2025.png","width":486,"height":215,"caption":"ART FILM FEST, s.r.o."},"image":{"@id":"https:\/\/iffartfilm.com\/en\/#\/schema\/logo\/image\/"},"sameAs":["https:\/\/www.facebook.com\/IFFArtFilmKosice","https:\/\/x.com\/ArtFilmFestSVK","https:\/\/www.instagram.com\/iffartfilmkosice\/","https:\/\/www.youtube.com\/user\/artfilmfest81\/","https:\/\/www.linkedin.com\/company\/international-film-festival-art-film"]},{"@type":"Person","@id":"https:\/\/iffartfilm.com\/en\/#\/schema\/person\/55a097b32d28a560cbcd295bffd8f266","name":"AFF Admin","image":{"@type":"ImageObject","inLanguage":"en-US","@id":"https:\/\/secure.gravatar.com\/avatar\/5db5d37617da01600ba354e911ea20846b0b249da42f7c6e2aa10bdd0adaa7dc?s=96&d=mm&r=g","url":"https:\/\/secure.gravatar.com\/avatar\/5db5d37617da01600ba354e911ea20846b0b249da42f7c6e2aa10bdd0adaa7dc?s=96&d=mm&r=g","contentUrl":"https:\/\/secure.gravatar.com\/avatar\/5db5d37617da01600ba354e911ea20846b0b249da42f7c6e2aa10bdd0adaa7dc?s=96&d=mm&r=g","caption":"AFF Admin"},"url":"https:\/\/iffartfilm.com\/en\/blog\/author\/branor\/"}]}},"_links":{"self":[{"href":"https:\/\/iffartfilm.com\/en\/wp-json\/wp\/v2\/posts\/2728","targetHints":{"allow":["GET"]}}],"collection":[{"href":"https:\/\/iffartfilm.com\/en\/wp-json\/wp\/v2\/posts"}],"about":[{"href":"https:\/\/iffartfilm.com\/en\/wp-json\/wp\/v2\/types\/post"}],"author":[{"embeddable":true,"href":"https:\/\/iffartfilm.com\/en\/wp-json\/wp\/v2\/users\/2"}],"replies":[{"embeddable":true,"href":"https:\/\/iffartfilm.com\/en\/wp-json\/wp\/v2\/comments?post=2728"}],"version-history":[{"count":0,"href":"https:\/\/iffartfilm.com\/en\/wp-json\/wp\/v2\/posts\/2728\/revisions"}],"wp:attachment":[{"href":"https:\/\/iffartfilm.com\/en\/wp-json\/wp\/v2\/media?parent=2728"}],"wp:term":[{"taxonomy":"category","embeddable":true,"href":"https:\/\/iffartfilm.com\/en\/wp-json\/wp\/v2\/categories?post=2728"},{"taxonomy":"post_tag","embeddable":true,"href":"https:\/\/iffartfilm.com\/en\/wp-json\/wp\/v2\/tags?post=2728"}],"curies":[{"name":"wp","href":"https:\/\/api.w.org\/{rel}","templated":true}]}}