{"id":2726,"date":"2009-05-05T11:46:00","date_gmt":"2009-05-05T10:46:00","guid":{"rendered":"https:\/\/www.artfilmfest.sk\/en\/blog\/uncategorized\/2009\/05\/students-free-again-at-this-years-art-film-fest\/"},"modified":"2016-02-08T12:39:12","modified_gmt":"2016-02-08T11:39:12","slug":"students-free-again-at-this-years-art-film-fest","status":"publish","type":"post","link":"https:\/\/iffartfilm.com\/en\/blog\/nezaradene\/2009\/05\/students-free-again-at-this-years-art-film-fest\/","title":{"rendered":"Students Free Again At This Year\u2019s Art Film Fest!"},"content":{"rendered":"<p class=\"align-justify\">In addition to full festival access, students will also be offered free camping space in Tren\u010dianske Teplice.<\/p>\n<p class=\"align-justify\">\u201cThe organizers have a&nbsp;commitment to bringing Slovak audiences back to cinemas and fostering a&nbsp;new generation of film fans,\u201d says Art Film Fest\u2019s Program Director, Peter N\u00e1gel.&nbsp; This is how he expects the festival to bring in new blood, the 18-to-30-year-old \u201cbackpacker\u201d set who are a part of every major film festival\u2019s atmosphere, drawn above all by the art of cinema.<\/p>\n<p class=\"align-justify\">Students who don\u2019t manage to complete the website\u2019s form will be able to purchase a <b>discount Cinepass <\/b>at the festival box offices for 5 euros.&nbsp; <b>Discount Cinepasses <\/b>will also be available holders of Teplice cards, 2009 ASFK Film Club membership cards, EURO 26 cards, ITIC cards and Z\u0164P cards for 10 euros through Ticketportal from 1 April to 19 June and at the festival for 15 euros. <b><br \/>Standard 8-day permanent passes<\/b> will be for sale on Ticketportal at the reduced price of 16 euros until the end of May, from 1 June until 16 June for 23 euros and at the festival for 30 euros. <b><br \/>Guests above 62 years of age<\/b> will pay 5 euros for a Cinepass onsite, except those with permanent residence in Tren\u010diansk\u00e9 Teplice or Tren\u010d\u00edn, who will pay only 2 euros. <br \/>A <b>three-day Cinepass <\/b>will cost 20 euros, a <b>one-day pass <\/b>5 euros, and a <b>single-admission ticket<\/b> to a festival cinema will cost 2 euros.&nbsp;&nbsp; <\/p>\n<p class=\"align-justify\">This year, Art Film Fest will offer an even richer bounty of films than ever before, including pictures from world-famous festivals like Berlin, Cannes, San Sebasti\u00e1n, Toronto, Venice and Locarno, cult classics that have made film history, upbeat dance films, classic comedies and premiering Slovak films.<\/p>\n<p class=\"align-justify\">Already a festival tradition, the programme\u2019s centrepiece will be the <b>International Competition of Feature Films<\/b>, which will present the work of talented filmmakers from the world over.&nbsp; The winner will receive the <b>Blue Angel Award<\/b>.<\/p>\n<p class=\"align-justify\">Leave your worries behind and have some fun with the section <b>Dancing 80\u2019s<\/b>, personally presented by Slovak dancer and choreographer J\u00e1n \u010eurov\u010d\u00edk.&nbsp; The festival\u2019s president, actor and comedian Milan Lasica, has prepared some entertainment as well, in the form of the section <b>Best of Comedy<\/b>. <b><br \/>European Corner<\/b> will present old-world films which have been receiving increasing attention around the world.&nbsp; Festival cinemas may also screen the latest legend of the bloodthirsty countess Al\u017ebeta B\u00e1thory, <i>The Countess<\/i>,<i> <\/i>created by and starring the distinguished French actress and director Julie Delpy. <br \/>The section <b>Cult! <\/b>will again feature films which have made cinema history.&nbsp;&nbsp; The selections span the genres of war film, musical, horror, as well as science fiction.&nbsp; The section with the compelling title <b>Love &amp; Anarchy<\/b> surveys the latest trends in European, American and Asian cinema.&nbsp; The special section <b>Late Night Show <\/b>will present a yet another sampling of unique and shocking works.<br \/>New to Art Film Fest will be a section of new Slovak films, which will even feature several premieres.<\/p>\n<p class=\"align-justify\">As in previous years, the festival will bestow the distinctive <b>Actor\u2019s Mission Award<\/b>, as well as the <b>Golden Camera<\/b>, whose laureates have already achieved fame.<br \/>This year the award goes to one of the most distinguished directors in Europe, Czech filmmaker <b>V\u011bra Chytilov\u00e1<\/b>, who has recently celebrated her 80<sup>th<\/sup> birthday, and whose accomplishments include cult classics such as <i>A Bagful of Fleas<\/i>, <i>Daisies<\/i>, <i>The Apple Game<\/i>, <i>Panelstory<\/i>, <i>Wolf\u2019s Lair<\/i>, <i>The Jester and the Queen<\/i>, <i>Traps<\/i> and <i>The Inheritance<\/i>.&nbsp; Her films have also been featured at the Cannes, Berlin and Venice festivals.The second award recipient will be Italian director <b>Ettore Scola, who made his name with the film<\/b> <i>Le Bal<\/i>, where he portrayed significant moments in 20<sup>th<\/sup> century French history through dance and music.&nbsp; His films include performances by stars such as Marcello Mastroianni, Sophia Loren and Ornella Muti, and his previous honours include prizes from Cannes and Berlin.<\/p>\n<p class=\"align-justify\">This year\u2019s festival screenings will take place in six projection locations: in <b>Tren\u010d\u00edn<\/b> &#8211; the <b>Cultural and Methodological Centre of the Slovak Military, ArtKino Metro,<\/b> <b>Cinemax,<\/b> and the open-air <b>Ba\u017eant Cinematograph<\/b> on \u0160t\u00far Square; and in <b>Tren\u010dianske Teplice<\/b> &#8211; <b>Prame\u0148 <\/b>Cinema (200 seats) and the <b>Tatra Banka Cinema Tent<\/b> (200 seats) in Spa Park.<\/p>\n<p class=\"align-justify\">&#8212;&#8212;&#8212;&#8212;&#8212;&#8212;&#8212;&#8212;&#8212;&#8212;&#8212;&#8212;&#8212;&#8212;&#8212;&#8212;&#8212;&#8212;&#8212;&#8212;&#8212;&#8212;&#8212;&#8212;&#8212;&#8212;&#8212;&#8212;&#8212;&#8212;&#8212;&#8212;&#8212;&#8212;&#8212;&#8211;<\/p>\n<p class=\"align-justify\"><b>Organizers:<\/b> ART FILM, n.o., FORZA Production House<br \/> <b>Co-Organizers:<\/b> The Town of Tren\u010dianske Teplice, The Town of Tren\u010d\u00edn, Health Spa Tren\u010dianske Teplice<\/p>\n<p class=\"align-justify\"><b>Main Media Sponsors:<\/b> Slovensk\u00e1 telev\u00edzia, Slovensk\u00fd rozhlas, Pravda, Zoznam.sk<br \/><b>Media Sponsors:<\/b> telev\u00edzia Mark\u00edza, FilmBox, Telev\u00edzia Central, R\u00e1dio Okey, R\u00e1dio FM, R\u00e1dio Regina, R\u00e1dio GO Dee Jay, R\u00e1dio Hit FM, t\u00fd\u017edenn\u00edk Mark\u00edza, \u017durn\u00e1l, Pardon, Tren\u010dianske Echo, Kam do mesta, port.sk, superobed.sk, SITA, ISPA, Q-EX&nbsp;&nbsp;<\/p>\n","protected":false},"excerpt":{"rendered":"<p>In addition to full festival access, students will also be offered free camping space in Tren\u010dianske Teplice. \u201cThe","protected":false},"author":2,"featured_media":0,"comment_status":"open","ping_status":"open","sticky":false,"template":"","format":"standard","meta":{"_acf_changed":false,"footnotes":""},"categories":[3],"tags":[],"class_list":["post-2726","post","type-post","status-publish","format-standard","hentry","category-nezaradene"],"acf":[],"yoast_head":"<!-- This site is optimized with the Yoast SEO Premium plugin v27.2 (Yoast SEO v27.5) - https:\/\/yoast.com\/product\/yoast-seo-premium-wordpress\/ -->\n<title>Students Free Again At This Year\u2019s Art Film Fest! &#8226; IFF ART FILM<\/title>\n<meta name=\"robots\" content=\"index, follow, max-snippet:-1, max-image-preview:large, max-video-preview:-1\" \/>\n<link rel=\"canonical\" href=\"https:\/\/iffartfilm.com\/en\/blog\/nezaradene\/2009\/05\/students-free-again-at-this-years-art-film-fest\/\" \/>\n<meta property=\"og:locale\" content=\"en_US\" \/>\n<meta property=\"og:type\" content=\"article\" \/>\n<meta property=\"og:title\" content=\"Students Free Again At This Year\u2019s Art Film Fest!\" \/>\n<meta property=\"og:description\" content=\"In addition to full festival access, students will also be offered free camping space in Tren\u010dianske Teplice. \u201cThe organizers have a&nbsp;commitment to\" \/>\n<meta property=\"og:url\" content=\"https:\/\/iffartfilm.com\/en\/blog\/nezaradene\/2009\/05\/students-free-again-at-this-years-art-film-fest\/\" \/>\n<meta property=\"og:site_name\" content=\"IFF ART FILM\" \/>\n<meta property=\"article:publisher\" content=\"https:\/\/www.facebook.com\/IFFArtFilmKosice\" \/>\n<meta property=\"article:published_time\" content=\"2009-05-05T10:46:00+00:00\" \/>\n<meta property=\"article:modified_time\" content=\"2016-02-08T11:39:12+00:00\" \/>\n<meta property=\"og:image\" content=\"https:\/\/iffartfilm.com\/wp-content\/uploads\/2023\/12\/MFF_Art_Film_24_FB_IG_1200x628.jpg\" \/>\n\t<meta property=\"og:image:width\" content=\"1200\" \/>\n\t<meta property=\"og:image:height\" content=\"628\" \/>\n\t<meta property=\"og:image:type\" content=\"image\/jpeg\" \/>\n<meta name=\"author\" content=\"AFF Admin\" \/>\n<meta name=\"twitter:card\" content=\"summary_large_image\" \/>\n<meta name=\"twitter:creator\" content=\"@ArtFilmFestSVK\" \/>\n<meta name=\"twitter:site\" content=\"@ArtFilmFestSVK\" \/>\n<meta name=\"twitter:label1\" content=\"Written by\" \/>\n\t<meta name=\"twitter:data1\" content=\"AFF Admin\" \/>\n\t<meta name=\"twitter:label2\" content=\"Est. reading time\" \/>\n\t<meta name=\"twitter:data2\" content=\"4 minutes\" \/>\n<script type=\"application\/ld+json\" class=\"yoast-schema-graph\">{\"@context\":\"https:\\\/\\\/schema.org\",\"@graph\":[{\"@type\":\"Article\",\"@id\":\"https:\\\/\\\/iffartfilm.com\\\/en\\\/blog\\\/nezaradene\\\/2009\\\/05\\\/students-free-again-at-this-years-art-film-fest\\\/#article\",\"isPartOf\":{\"@id\":\"https:\\\/\\\/iffartfilm.com\\\/en\\\/blog\\\/nezaradene\\\/2009\\\/05\\\/students-free-again-at-this-years-art-film-fest\\\/\"},\"author\":{\"name\":\"AFF Admin\",\"@id\":\"https:\\\/\\\/iffartfilm.com\\\/en\\\/#\\\/schema\\\/person\\\/55a097b32d28a560cbcd295bffd8f266\"},\"headline\":\"Students Free Again At This Year\u2019s Art Film Fest!\",\"datePublished\":\"2009-05-05T10:46:00+00:00\",\"dateModified\":\"2016-02-08T11:39:12+00:00\",\"mainEntityOfPage\":{\"@id\":\"https:\\\/\\\/iffartfilm.com\\\/en\\\/blog\\\/nezaradene\\\/2009\\\/05\\\/students-free-again-at-this-years-art-film-fest\\\/\"},\"wordCount\":810,\"commentCount\":0,\"publisher\":{\"@id\":\"https:\\\/\\\/iffartfilm.com\\\/en\\\/#organization\"},\"articleSection\":[\"Nezaraden\u00e9\"],\"inLanguage\":\"en-US\"},{\"@type\":\"WebPage\",\"@id\":\"https:\\\/\\\/iffartfilm.com\\\/en\\\/blog\\\/nezaradene\\\/2009\\\/05\\\/students-free-again-at-this-years-art-film-fest\\\/\",\"url\":\"https:\\\/\\\/iffartfilm.com\\\/en\\\/blog\\\/nezaradene\\\/2009\\\/05\\\/students-free-again-at-this-years-art-film-fest\\\/\",\"name\":\"Students Free Again At This Year\u2019s Art Film Fest! &#8226; IFF ART FILM\",\"isPartOf\":{\"@id\":\"https:\\\/\\\/iffartfilm.com\\\/en\\\/#website\"},\"datePublished\":\"2009-05-05T10:46:00+00:00\",\"dateModified\":\"2016-02-08T11:39:12+00:00\",\"breadcrumb\":{\"@id\":\"https:\\\/\\\/iffartfilm.com\\\/en\\\/blog\\\/nezaradene\\\/2009\\\/05\\\/students-free-again-at-this-years-art-film-fest\\\/#breadcrumb\"},\"inLanguage\":\"en-US\",\"potentialAction\":[{\"@type\":\"ReadAction\",\"target\":[\"https:\\\/\\\/iffartfilm.com\\\/en\\\/blog\\\/nezaradene\\\/2009\\\/05\\\/students-free-again-at-this-years-art-film-fest\\\/\"]}]},{\"@type\":\"BreadcrumbList\",\"@id\":\"https:\\\/\\\/iffartfilm.com\\\/en\\\/blog\\\/nezaradene\\\/2009\\\/05\\\/students-free-again-at-this-years-art-film-fest\\\/#breadcrumb\",\"itemListElement\":[{\"@type\":\"ListItem\",\"position\":1,\"name\":\"Dom\u00e1ca str\u00e1nka\",\"item\":\"https:\\\/\\\/iffartfilm.com\\\/en\\\/\"},{\"@type\":\"ListItem\",\"position\":2,\"name\":\"Students Free Again At This Year\u2019s Art Film Fest!\"}]},{\"@type\":\"WebSite\",\"@id\":\"https:\\\/\\\/iffartfilm.com\\\/en\\\/#website\",\"url\":\"https:\\\/\\\/iffartfilm.com\\\/en\\\/\",\"name\":\"IFF ART FILM\",\"description\":\"Medzin\u00e1rodn\u00fd filmov\u00fd festival\",\"publisher\":{\"@id\":\"https:\\\/\\\/iffartfilm.com\\\/en\\\/#organization\"},\"alternateName\":\"Art Film\",\"potentialAction\":[{\"@type\":\"SearchAction\",\"target\":{\"@type\":\"EntryPoint\",\"urlTemplate\":\"https:\\\/\\\/iffartfilm.com\\\/en\\\/?s={search_term_string}\"},\"query-input\":{\"@type\":\"PropertyValueSpecification\",\"valueRequired\":true,\"valueName\":\"search_term_string\"}}],\"inLanguage\":\"en-US\"},{\"@type\":\"Organization\",\"@id\":\"https:\\\/\\\/iffartfilm.com\\\/en\\\/#organization\",\"name\":\"ART FILM FEST, s.r.o.\",\"url\":\"https:\\\/\\\/iffartfilm.com\\\/en\\\/\",\"logo\":{\"@type\":\"ImageObject\",\"inLanguage\":\"en-US\",\"@id\":\"https:\\\/\\\/iffartfilm.com\\\/en\\\/#\\\/schema\\\/logo\\\/image\\\/\",\"url\":\"https:\\\/\\\/iffartfilm.com\\\/wp-content\\\/uploads\\\/2024\\\/11\\\/aff-cinepass-2025.png\",\"contentUrl\":\"https:\\\/\\\/iffartfilm.com\\\/wp-content\\\/uploads\\\/2024\\\/11\\\/aff-cinepass-2025.png\",\"width\":486,\"height\":215,\"caption\":\"ART FILM FEST, s.r.o.\"},\"image\":{\"@id\":\"https:\\\/\\\/iffartfilm.com\\\/en\\\/#\\\/schema\\\/logo\\\/image\\\/\"},\"sameAs\":[\"https:\\\/\\\/www.facebook.com\\\/IFFArtFilmKosice\",\"https:\\\/\\\/x.com\\\/ArtFilmFestSVK\",\"https:\\\/\\\/www.instagram.com\\\/iffartfilmkosice\\\/\",\"https:\\\/\\\/www.youtube.com\\\/user\\\/artfilmfest81\\\/\",\"https:\\\/\\\/www.linkedin.com\\\/company\\\/international-film-festival-art-film\"]},{\"@type\":\"Person\",\"@id\":\"https:\\\/\\\/iffartfilm.com\\\/en\\\/#\\\/schema\\\/person\\\/55a097b32d28a560cbcd295bffd8f266\",\"name\":\"AFF Admin\",\"image\":{\"@type\":\"ImageObject\",\"inLanguage\":\"en-US\",\"@id\":\"https:\\\/\\\/secure.gravatar.com\\\/avatar\\\/5db5d37617da01600ba354e911ea20846b0b249da42f7c6e2aa10bdd0adaa7dc?s=96&d=mm&r=g\",\"url\":\"https:\\\/\\\/secure.gravatar.com\\\/avatar\\\/5db5d37617da01600ba354e911ea20846b0b249da42f7c6e2aa10bdd0adaa7dc?s=96&d=mm&r=g\",\"contentUrl\":\"https:\\\/\\\/secure.gravatar.com\\\/avatar\\\/5db5d37617da01600ba354e911ea20846b0b249da42f7c6e2aa10bdd0adaa7dc?s=96&d=mm&r=g\",\"caption\":\"AFF Admin\"},\"url\":\"https:\\\/\\\/iffartfilm.com\\\/en\\\/blog\\\/author\\\/branor\\\/\"}]}<\/script>\n<!-- \/ Yoast SEO Premium plugin. -->","yoast_head_json":{"title":"Students Free Again At This Year\u2019s Art Film Fest! &#8226; IFF ART FILM","robots":{"index":"index","follow":"follow","max-snippet":"max-snippet:-1","max-image-preview":"max-image-preview:large","max-video-preview":"max-video-preview:-1"},"canonical":"https:\/\/iffartfilm.com\/en\/blog\/nezaradene\/2009\/05\/students-free-again-at-this-years-art-film-fest\/","og_locale":"en_US","og_type":"article","og_title":"Students Free Again At This Year\u2019s Art Film Fest!","og_description":"In addition to full festival access, students will also be offered free camping space in Tren\u010dianske Teplice. \u201cThe organizers have a&nbsp;commitment to","og_url":"https:\/\/iffartfilm.com\/en\/blog\/nezaradene\/2009\/05\/students-free-again-at-this-years-art-film-fest\/","og_site_name":"IFF ART FILM","article_publisher":"https:\/\/www.facebook.com\/IFFArtFilmKosice","article_published_time":"2009-05-05T10:46:00+00:00","article_modified_time":"2016-02-08T11:39:12+00:00","og_image":[{"width":1200,"height":628,"url":"https:\/\/iffartfilm.com\/wp-content\/uploads\/2023\/12\/MFF_Art_Film_24_FB_IG_1200x628.jpg","type":"image\/jpeg"}],"author":"AFF Admin","twitter_card":"summary_large_image","twitter_creator":"@ArtFilmFestSVK","twitter_site":"@ArtFilmFestSVK","twitter_misc":{"Written by":"AFF Admin","Est. reading time":"4 minutes"},"schema":{"@context":"https:\/\/schema.org","@graph":[{"@type":"Article","@id":"https:\/\/iffartfilm.com\/en\/blog\/nezaradene\/2009\/05\/students-free-again-at-this-years-art-film-fest\/#article","isPartOf":{"@id":"https:\/\/iffartfilm.com\/en\/blog\/nezaradene\/2009\/05\/students-free-again-at-this-years-art-film-fest\/"},"author":{"name":"AFF Admin","@id":"https:\/\/iffartfilm.com\/en\/#\/schema\/person\/55a097b32d28a560cbcd295bffd8f266"},"headline":"Students Free Again At This Year\u2019s Art Film Fest!","datePublished":"2009-05-05T10:46:00+00:00","dateModified":"2016-02-08T11:39:12+00:00","mainEntityOfPage":{"@id":"https:\/\/iffartfilm.com\/en\/blog\/nezaradene\/2009\/05\/students-free-again-at-this-years-art-film-fest\/"},"wordCount":810,"commentCount":0,"publisher":{"@id":"https:\/\/iffartfilm.com\/en\/#organization"},"articleSection":["Nezaraden\u00e9"],"inLanguage":"en-US"},{"@type":"WebPage","@id":"https:\/\/iffartfilm.com\/en\/blog\/nezaradene\/2009\/05\/students-free-again-at-this-years-art-film-fest\/","url":"https:\/\/iffartfilm.com\/en\/blog\/nezaradene\/2009\/05\/students-free-again-at-this-years-art-film-fest\/","name":"Students Free Again At This Year\u2019s Art Film Fest! &#8226; IFF ART FILM","isPartOf":{"@id":"https:\/\/iffartfilm.com\/en\/#website"},"datePublished":"2009-05-05T10:46:00+00:00","dateModified":"2016-02-08T11:39:12+00:00","breadcrumb":{"@id":"https:\/\/iffartfilm.com\/en\/blog\/nezaradene\/2009\/05\/students-free-again-at-this-years-art-film-fest\/#breadcrumb"},"inLanguage":"en-US","potentialAction":[{"@type":"ReadAction","target":["https:\/\/iffartfilm.com\/en\/blog\/nezaradene\/2009\/05\/students-free-again-at-this-years-art-film-fest\/"]}]},{"@type":"BreadcrumbList","@id":"https:\/\/iffartfilm.com\/en\/blog\/nezaradene\/2009\/05\/students-free-again-at-this-years-art-film-fest\/#breadcrumb","itemListElement":[{"@type":"ListItem","position":1,"name":"Dom\u00e1ca str\u00e1nka","item":"https:\/\/iffartfilm.com\/en\/"},{"@type":"ListItem","position":2,"name":"Students Free Again At This Year\u2019s Art Film Fest!"}]},{"@type":"WebSite","@id":"https:\/\/iffartfilm.com\/en\/#website","url":"https:\/\/iffartfilm.com\/en\/","name":"IFF ART FILM","description":"Medzin\u00e1rodn\u00fd filmov\u00fd festival","publisher":{"@id":"https:\/\/iffartfilm.com\/en\/#organization"},"alternateName":"Art Film","potentialAction":[{"@type":"SearchAction","target":{"@type":"EntryPoint","urlTemplate":"https:\/\/iffartfilm.com\/en\/?s={search_term_string}"},"query-input":{"@type":"PropertyValueSpecification","valueRequired":true,"valueName":"search_term_string"}}],"inLanguage":"en-US"},{"@type":"Organization","@id":"https:\/\/iffartfilm.com\/en\/#organization","name":"ART FILM FEST, s.r.o.","url":"https:\/\/iffartfilm.com\/en\/","logo":{"@type":"ImageObject","inLanguage":"en-US","@id":"https:\/\/iffartfilm.com\/en\/#\/schema\/logo\/image\/","url":"https:\/\/iffartfilm.com\/wp-content\/uploads\/2024\/11\/aff-cinepass-2025.png","contentUrl":"https:\/\/iffartfilm.com\/wp-content\/uploads\/2024\/11\/aff-cinepass-2025.png","width":486,"height":215,"caption":"ART FILM FEST, s.r.o."},"image":{"@id":"https:\/\/iffartfilm.com\/en\/#\/schema\/logo\/image\/"},"sameAs":["https:\/\/www.facebook.com\/IFFArtFilmKosice","https:\/\/x.com\/ArtFilmFestSVK","https:\/\/www.instagram.com\/iffartfilmkosice\/","https:\/\/www.youtube.com\/user\/artfilmfest81\/","https:\/\/www.linkedin.com\/company\/international-film-festival-art-film"]},{"@type":"Person","@id":"https:\/\/iffartfilm.com\/en\/#\/schema\/person\/55a097b32d28a560cbcd295bffd8f266","name":"AFF Admin","image":{"@type":"ImageObject","inLanguage":"en-US","@id":"https:\/\/secure.gravatar.com\/avatar\/5db5d37617da01600ba354e911ea20846b0b249da42f7c6e2aa10bdd0adaa7dc?s=96&d=mm&r=g","url":"https:\/\/secure.gravatar.com\/avatar\/5db5d37617da01600ba354e911ea20846b0b249da42f7c6e2aa10bdd0adaa7dc?s=96&d=mm&r=g","contentUrl":"https:\/\/secure.gravatar.com\/avatar\/5db5d37617da01600ba354e911ea20846b0b249da42f7c6e2aa10bdd0adaa7dc?s=96&d=mm&r=g","caption":"AFF Admin"},"url":"https:\/\/iffartfilm.com\/en\/blog\/author\/branor\/"}]}},"_links":{"self":[{"href":"https:\/\/iffartfilm.com\/en\/wp-json\/wp\/v2\/posts\/2726","targetHints":{"allow":["GET"]}}],"collection":[{"href":"https:\/\/iffartfilm.com\/en\/wp-json\/wp\/v2\/posts"}],"about":[{"href":"https:\/\/iffartfilm.com\/en\/wp-json\/wp\/v2\/types\/post"}],"author":[{"embeddable":true,"href":"https:\/\/iffartfilm.com\/en\/wp-json\/wp\/v2\/users\/2"}],"replies":[{"embeddable":true,"href":"https:\/\/iffartfilm.com\/en\/wp-json\/wp\/v2\/comments?post=2726"}],"version-history":[{"count":0,"href":"https:\/\/iffartfilm.com\/en\/wp-json\/wp\/v2\/posts\/2726\/revisions"}],"wp:attachment":[{"href":"https:\/\/iffartfilm.com\/en\/wp-json\/wp\/v2\/media?parent=2726"}],"wp:term":[{"taxonomy":"category","embeddable":true,"href":"https:\/\/iffartfilm.com\/en\/wp-json\/wp\/v2\/categories?post=2726"},{"taxonomy":"post_tag","embeddable":true,"href":"https:\/\/iffartfilm.com\/en\/wp-json\/wp\/v2\/tags?post=2726"}],"curies":[{"name":"wp","href":"https:\/\/api.w.org\/{rel}","templated":true}]}}