{"id":2724,"date":"2009-05-11T15:44:00","date_gmt":"2009-05-11T14:44:00","guid":{"rendered":"https:\/\/www.artfilmfest.sk\/en\/blog\/uncategorized\/2009\/05\/art-film-fests-organizers-leave-for-prestigious-cannes-film-festival\/"},"modified":"2016-02-08T12:39:11","modified_gmt":"2016-02-08T11:39:11","slug":"art-film-fests-organizers-leave-for-prestigious-cannes-film-festival","status":"publish","type":"post","link":"https:\/\/iffartfilm.com\/en\/blog\/nezaradene\/2009\/05\/art-film-fests-organizers-leave-for-prestigious-cannes-film-festival\/","title":{"rendered":"Art Film Fest\u2019s Organizers Leave For Prestigious Cannes Film Festival"},"content":{"rendered":"<p class=\"align-justify\">The organizers of Art Film Fest, which will be held from 20 \u2013 27 June, want to augment the festival\u2019s program with the hottest new releases world cinema has to offer. \u201cAs of our departure for Cannes, the 17<sup>t<\/sup><sup>h<\/sup> Annual Art Film Fest\u2019s program is just about settled.&nbsp; But because Cannes is rightfully regarded by film experts as the most distinguished, most comprehensive festival of all, it is the responsibility of other festival organizers to attend,\u201d explained Peter N\u00e1gel, Art Film Fest\u2019s Program Director, who would gladly bring Tren\u010dianske Teplice and Tren\u010d\u00edn &nbsp;some of the pictures that thrill expert and lay-audiences alike at Cannes. <\/p>\n<p class=\"align-justify\">\u201cIf it\u2019s possible to acquire some new releases from the Cannes program at the last minute, this would surely be a great added bonus for our program,\u201d N\u00e1gel pointed out. Art Film Fest, whose audience of Slovak film fans grows yearly, as does its international reputation, will make use of the shared Slovak\/Czech pavilion at Cannes. Along with presentation materials and information, the stand will also provide a meeting space for film fans and film professionals from around the world.&nbsp; \u201cIt is a place for making contacts which will be very important to the future of Art Film Fest,\u201d added N\u00e1gel.<\/p>\n<p> &#8212;&#8212;&#8212;&#8212;&#8212;&#8212;&#8212;&#8212;&#8212;&#8212;&#8212;&#8212;&#8212;&#8212;&#8212;&#8212;&#8212;&#8212;&#8212;&#8212;&#8212;&#8212;&#8212;&#8212;&#8212;&#8212;&#8212;&#8212;&#8212;&#8212;&#8212;&#8212;&#8212;&#8212;&#8212;&#8211; <\/p>\n<p class=\"align-justify\"><b>Organizers:<\/b> ART FILM, n.o., FORZA Production House <b><br \/>Co-Organizers:<\/b> the Town of Tren\u010dianske Teplice, the Town of Tren\u010d\u00edn, Health Spa Tren\u010dianske Teplice<\/p>\n<p><b>Main Media Sponsors:<\/b> Slovensk\u00e1 telev\u00edzia, Slovensk\u00fd rozhlas, Pravda, Zoznam.sk<br \/><b>Media Sponsors:<\/b> telev\u00edzia Mark\u00edza, FilmBox, Telev\u00edzia Central, R\u00e1dio Okey, R\u00e1dio FM, R\u00e1dio Regina, R\u00e1dio GO Dee Jay, R\u00e1dio Hit FM, t\u00fd\u017edenn\u00edk Mark\u00edza, \u017durn\u00e1l, Pardon, Tren\u010dianske Echo, Kam do mesta, port.sk, superobed.sk, SITA, ISPA, Q-EX&nbsp;<\/p>\n","protected":false},"excerpt":{"rendered":"<p>The organizers of Art Film Fest, which will be held from 20 \u2013 27 June, want to augment the festival\u2019s<span class=\"excerpt-hellip\">","protected":false},"author":2,"featured_media":0,"comment_status":"open","ping_status":"open","sticky":false,"template":"","format":"standard","meta":{"_acf_changed":false,"footnotes":""},"categories":[3],"tags":[],"class_list":["post-2724","post","type-post","status-publish","format-standard","hentry","category-nezaradene"],"acf":[],"yoast_head":"<!-- This site is optimized with the Yoast SEO Premium plugin v27.2 (Yoast SEO v27.5) - https:\/\/yoast.com\/product\/yoast-seo-premium-wordpress\/ -->\n<title>Art Film Fest\u2019s Organizers Leave For Prestigious Cannes Film Festival &#8226; IFF ART FILM<\/title>\n<meta name=\"robots\" content=\"index, follow, max-snippet:-1, max-image-preview:large, max-video-preview:-1\" \/>\n<link rel=\"canonical\" href=\"https:\/\/iffartfilm.com\/en\/blog\/nezaradene\/2009\/05\/art-film-fests-organizers-leave-for-prestigious-cannes-film-festival\/\" \/>\n<meta property=\"og:locale\" content=\"en_US\" \/>\n<meta property=\"og:type\" content=\"article\" \/>\n<meta property=\"og:title\" content=\"Art Film Fest\u2019s Organizers Leave For Prestigious Cannes Film Festival\" \/>\n<meta property=\"og:description\" content=\"The organizers of Art Film Fest, which will be held from 20 \u2013 27 June, want to augment the festival\u2019s program with the hottest new releases world cinema\" \/>\n<meta property=\"og:url\" content=\"https:\/\/iffartfilm.com\/en\/blog\/nezaradene\/2009\/05\/art-film-fests-organizers-leave-for-prestigious-cannes-film-festival\/\" \/>\n<meta property=\"og:site_name\" content=\"IFF ART FILM\" \/>\n<meta property=\"article:publisher\" content=\"https:\/\/www.facebook.com\/IFFArtFilmKosice\" \/>\n<meta property=\"article:published_time\" content=\"2009-05-11T14:44:00+00:00\" \/>\n<meta property=\"article:modified_time\" content=\"2016-02-08T11:39:11+00:00\" \/>\n<meta property=\"og:image\" content=\"https:\/\/iffartfilm.com\/wp-content\/uploads\/2023\/12\/MFF_Art_Film_24_FB_IG_1200x628.jpg\" \/>\n\t<meta property=\"og:image:width\" content=\"1200\" \/>\n\t<meta property=\"og:image:height\" content=\"628\" \/>\n\t<meta property=\"og:image:type\" content=\"image\/jpeg\" \/>\n<meta name=\"author\" content=\"AFF Admin\" \/>\n<meta name=\"twitter:card\" content=\"summary_large_image\" \/>\n<meta name=\"twitter:creator\" content=\"@ArtFilmFestSVK\" \/>\n<meta name=\"twitter:site\" content=\"@ArtFilmFestSVK\" \/>\n<meta name=\"twitter:label1\" content=\"Written by\" \/>\n\t<meta name=\"twitter:data1\" content=\"AFF Admin\" \/>\n\t<meta name=\"twitter:label2\" content=\"Est. reading time\" \/>\n\t<meta name=\"twitter:data2\" content=\"2 minutes\" \/>\n<script type=\"application\/ld+json\" class=\"yoast-schema-graph\">{\"@context\":\"https:\\\/\\\/schema.org\",\"@graph\":[{\"@type\":\"Article\",\"@id\":\"https:\\\/\\\/iffartfilm.com\\\/en\\\/blog\\\/nezaradene\\\/2009\\\/05\\\/art-film-fests-organizers-leave-for-prestigious-cannes-film-festival\\\/#article\",\"isPartOf\":{\"@id\":\"https:\\\/\\\/iffartfilm.com\\\/en\\\/blog\\\/nezaradene\\\/2009\\\/05\\\/art-film-fests-organizers-leave-for-prestigious-cannes-film-festival\\\/\"},\"author\":{\"name\":\"AFF Admin\",\"@id\":\"https:\\\/\\\/iffartfilm.com\\\/en\\\/#\\\/schema\\\/person\\\/55a097b32d28a560cbcd295bffd8f266\"},\"headline\":\"Art Film Fest\u2019s Organizers Leave For Prestigious Cannes Film Festival\",\"datePublished\":\"2009-05-11T14:44:00+00:00\",\"dateModified\":\"2016-02-08T11:39:11+00:00\",\"mainEntityOfPage\":{\"@id\":\"https:\\\/\\\/iffartfilm.com\\\/en\\\/blog\\\/nezaradene\\\/2009\\\/05\\\/art-film-fests-organizers-leave-for-prestigious-cannes-film-festival\\\/\"},\"wordCount\":314,\"commentCount\":0,\"publisher\":{\"@id\":\"https:\\\/\\\/iffartfilm.com\\\/en\\\/#organization\"},\"articleSection\":[\"Nezaraden\u00e9\"],\"inLanguage\":\"en-US\"},{\"@type\":\"WebPage\",\"@id\":\"https:\\\/\\\/iffartfilm.com\\\/en\\\/blog\\\/nezaradene\\\/2009\\\/05\\\/art-film-fests-organizers-leave-for-prestigious-cannes-film-festival\\\/\",\"url\":\"https:\\\/\\\/iffartfilm.com\\\/en\\\/blog\\\/nezaradene\\\/2009\\\/05\\\/art-film-fests-organizers-leave-for-prestigious-cannes-film-festival\\\/\",\"name\":\"Art Film Fest\u2019s Organizers Leave For Prestigious Cannes Film Festival &#8226; IFF ART FILM\",\"isPartOf\":{\"@id\":\"https:\\\/\\\/iffartfilm.com\\\/en\\\/#website\"},\"datePublished\":\"2009-05-11T14:44:00+00:00\",\"dateModified\":\"2016-02-08T11:39:11+00:00\",\"breadcrumb\":{\"@id\":\"https:\\\/\\\/iffartfilm.com\\\/en\\\/blog\\\/nezaradene\\\/2009\\\/05\\\/art-film-fests-organizers-leave-for-prestigious-cannes-film-festival\\\/#breadcrumb\"},\"inLanguage\":\"en-US\",\"potentialAction\":[{\"@type\":\"ReadAction\",\"target\":[\"https:\\\/\\\/iffartfilm.com\\\/en\\\/blog\\\/nezaradene\\\/2009\\\/05\\\/art-film-fests-organizers-leave-for-prestigious-cannes-film-festival\\\/\"]}]},{\"@type\":\"BreadcrumbList\",\"@id\":\"https:\\\/\\\/iffartfilm.com\\\/en\\\/blog\\\/nezaradene\\\/2009\\\/05\\\/art-film-fests-organizers-leave-for-prestigious-cannes-film-festival\\\/#breadcrumb\",\"itemListElement\":[{\"@type\":\"ListItem\",\"position\":1,\"name\":\"Dom\u00e1ca str\u00e1nka\",\"item\":\"https:\\\/\\\/iffartfilm.com\\\/en\\\/\"},{\"@type\":\"ListItem\",\"position\":2,\"name\":\"Art Film Fest\u2019s Organizers Leave For Prestigious Cannes Film Festival\"}]},{\"@type\":\"WebSite\",\"@id\":\"https:\\\/\\\/iffartfilm.com\\\/en\\\/#website\",\"url\":\"https:\\\/\\\/iffartfilm.com\\\/en\\\/\",\"name\":\"IFF ART FILM\",\"description\":\"Medzin\u00e1rodn\u00fd filmov\u00fd festival\",\"publisher\":{\"@id\":\"https:\\\/\\\/iffartfilm.com\\\/en\\\/#organization\"},\"alternateName\":\"Art Film\",\"potentialAction\":[{\"@type\":\"SearchAction\",\"target\":{\"@type\":\"EntryPoint\",\"urlTemplate\":\"https:\\\/\\\/iffartfilm.com\\\/en\\\/?s={search_term_string}\"},\"query-input\":{\"@type\":\"PropertyValueSpecification\",\"valueRequired\":true,\"valueName\":\"search_term_string\"}}],\"inLanguage\":\"en-US\"},{\"@type\":\"Organization\",\"@id\":\"https:\\\/\\\/iffartfilm.com\\\/en\\\/#organization\",\"name\":\"ART FILM FEST, s.r.o.\",\"url\":\"https:\\\/\\\/iffartfilm.com\\\/en\\\/\",\"logo\":{\"@type\":\"ImageObject\",\"inLanguage\":\"en-US\",\"@id\":\"https:\\\/\\\/iffartfilm.com\\\/en\\\/#\\\/schema\\\/logo\\\/image\\\/\",\"url\":\"https:\\\/\\\/iffartfilm.com\\\/wp-content\\\/uploads\\\/2024\\\/11\\\/aff-cinepass-2025.png\",\"contentUrl\":\"https:\\\/\\\/iffartfilm.com\\\/wp-content\\\/uploads\\\/2024\\\/11\\\/aff-cinepass-2025.png\",\"width\":486,\"height\":215,\"caption\":\"ART FILM FEST, s.r.o.\"},\"image\":{\"@id\":\"https:\\\/\\\/iffartfilm.com\\\/en\\\/#\\\/schema\\\/logo\\\/image\\\/\"},\"sameAs\":[\"https:\\\/\\\/www.facebook.com\\\/IFFArtFilmKosice\",\"https:\\\/\\\/x.com\\\/ArtFilmFestSVK\",\"https:\\\/\\\/www.instagram.com\\\/iffartfilmkosice\\\/\",\"https:\\\/\\\/www.youtube.com\\\/user\\\/artfilmfest81\\\/\",\"https:\\\/\\\/www.linkedin.com\\\/company\\\/international-film-festival-art-film\"]},{\"@type\":\"Person\",\"@id\":\"https:\\\/\\\/iffartfilm.com\\\/en\\\/#\\\/schema\\\/person\\\/55a097b32d28a560cbcd295bffd8f266\",\"name\":\"AFF Admin\",\"image\":{\"@type\":\"ImageObject\",\"inLanguage\":\"en-US\",\"@id\":\"https:\\\/\\\/secure.gravatar.com\\\/avatar\\\/5db5d37617da01600ba354e911ea20846b0b249da42f7c6e2aa10bdd0adaa7dc?s=96&d=mm&r=g\",\"url\":\"https:\\\/\\\/secure.gravatar.com\\\/avatar\\\/5db5d37617da01600ba354e911ea20846b0b249da42f7c6e2aa10bdd0adaa7dc?s=96&d=mm&r=g\",\"contentUrl\":\"https:\\\/\\\/secure.gravatar.com\\\/avatar\\\/5db5d37617da01600ba354e911ea20846b0b249da42f7c6e2aa10bdd0adaa7dc?s=96&d=mm&r=g\",\"caption\":\"AFF Admin\"},\"url\":\"https:\\\/\\\/iffartfilm.com\\\/en\\\/blog\\\/author\\\/branor\\\/\"}]}<\/script>\n<!-- \/ Yoast SEO Premium plugin. -->","yoast_head_json":{"title":"Art Film Fest\u2019s Organizers Leave For Prestigious Cannes Film Festival &#8226; IFF ART FILM","robots":{"index":"index","follow":"follow","max-snippet":"max-snippet:-1","max-image-preview":"max-image-preview:large","max-video-preview":"max-video-preview:-1"},"canonical":"https:\/\/iffartfilm.com\/en\/blog\/nezaradene\/2009\/05\/art-film-fests-organizers-leave-for-prestigious-cannes-film-festival\/","og_locale":"en_US","og_type":"article","og_title":"Art Film Fest\u2019s Organizers Leave For Prestigious Cannes Film Festival","og_description":"The organizers of Art Film Fest, which will be held from 20 \u2013 27 June, want to augment the festival\u2019s program with the hottest new releases world cinema","og_url":"https:\/\/iffartfilm.com\/en\/blog\/nezaradene\/2009\/05\/art-film-fests-organizers-leave-for-prestigious-cannes-film-festival\/","og_site_name":"IFF ART FILM","article_publisher":"https:\/\/www.facebook.com\/IFFArtFilmKosice","article_published_time":"2009-05-11T14:44:00+00:00","article_modified_time":"2016-02-08T11:39:11+00:00","og_image":[{"width":1200,"height":628,"url":"https:\/\/iffartfilm.com\/wp-content\/uploads\/2023\/12\/MFF_Art_Film_24_FB_IG_1200x628.jpg","type":"image\/jpeg"}],"author":"AFF Admin","twitter_card":"summary_large_image","twitter_creator":"@ArtFilmFestSVK","twitter_site":"@ArtFilmFestSVK","twitter_misc":{"Written by":"AFF Admin","Est. reading time":"2 minutes"},"schema":{"@context":"https:\/\/schema.org","@graph":[{"@type":"Article","@id":"https:\/\/iffartfilm.com\/en\/blog\/nezaradene\/2009\/05\/art-film-fests-organizers-leave-for-prestigious-cannes-film-festival\/#article","isPartOf":{"@id":"https:\/\/iffartfilm.com\/en\/blog\/nezaradene\/2009\/05\/art-film-fests-organizers-leave-for-prestigious-cannes-film-festival\/"},"author":{"name":"AFF Admin","@id":"https:\/\/iffartfilm.com\/en\/#\/schema\/person\/55a097b32d28a560cbcd295bffd8f266"},"headline":"Art Film Fest\u2019s Organizers Leave For Prestigious Cannes Film Festival","datePublished":"2009-05-11T14:44:00+00:00","dateModified":"2016-02-08T11:39:11+00:00","mainEntityOfPage":{"@id":"https:\/\/iffartfilm.com\/en\/blog\/nezaradene\/2009\/05\/art-film-fests-organizers-leave-for-prestigious-cannes-film-festival\/"},"wordCount":314,"commentCount":0,"publisher":{"@id":"https:\/\/iffartfilm.com\/en\/#organization"},"articleSection":["Nezaraden\u00e9"],"inLanguage":"en-US"},{"@type":"WebPage","@id":"https:\/\/iffartfilm.com\/en\/blog\/nezaradene\/2009\/05\/art-film-fests-organizers-leave-for-prestigious-cannes-film-festival\/","url":"https:\/\/iffartfilm.com\/en\/blog\/nezaradene\/2009\/05\/art-film-fests-organizers-leave-for-prestigious-cannes-film-festival\/","name":"Art Film Fest\u2019s Organizers Leave For Prestigious Cannes Film Festival &#8226; IFF ART FILM","isPartOf":{"@id":"https:\/\/iffartfilm.com\/en\/#website"},"datePublished":"2009-05-11T14:44:00+00:00","dateModified":"2016-02-08T11:39:11+00:00","breadcrumb":{"@id":"https:\/\/iffartfilm.com\/en\/blog\/nezaradene\/2009\/05\/art-film-fests-organizers-leave-for-prestigious-cannes-film-festival\/#breadcrumb"},"inLanguage":"en-US","potentialAction":[{"@type":"ReadAction","target":["https:\/\/iffartfilm.com\/en\/blog\/nezaradene\/2009\/05\/art-film-fests-organizers-leave-for-prestigious-cannes-film-festival\/"]}]},{"@type":"BreadcrumbList","@id":"https:\/\/iffartfilm.com\/en\/blog\/nezaradene\/2009\/05\/art-film-fests-organizers-leave-for-prestigious-cannes-film-festival\/#breadcrumb","itemListElement":[{"@type":"ListItem","position":1,"name":"Dom\u00e1ca str\u00e1nka","item":"https:\/\/iffartfilm.com\/en\/"},{"@type":"ListItem","position":2,"name":"Art Film Fest\u2019s Organizers Leave For Prestigious Cannes Film Festival"}]},{"@type":"WebSite","@id":"https:\/\/iffartfilm.com\/en\/#website","url":"https:\/\/iffartfilm.com\/en\/","name":"IFF ART FILM","description":"Medzin\u00e1rodn\u00fd filmov\u00fd festival","publisher":{"@id":"https:\/\/iffartfilm.com\/en\/#organization"},"alternateName":"Art Film","potentialAction":[{"@type":"SearchAction","target":{"@type":"EntryPoint","urlTemplate":"https:\/\/iffartfilm.com\/en\/?s={search_term_string}"},"query-input":{"@type":"PropertyValueSpecification","valueRequired":true,"valueName":"search_term_string"}}],"inLanguage":"en-US"},{"@type":"Organization","@id":"https:\/\/iffartfilm.com\/en\/#organization","name":"ART FILM FEST, s.r.o.","url":"https:\/\/iffartfilm.com\/en\/","logo":{"@type":"ImageObject","inLanguage":"en-US","@id":"https:\/\/iffartfilm.com\/en\/#\/schema\/logo\/image\/","url":"https:\/\/iffartfilm.com\/wp-content\/uploads\/2024\/11\/aff-cinepass-2025.png","contentUrl":"https:\/\/iffartfilm.com\/wp-content\/uploads\/2024\/11\/aff-cinepass-2025.png","width":486,"height":215,"caption":"ART FILM FEST, s.r.o."},"image":{"@id":"https:\/\/iffartfilm.com\/en\/#\/schema\/logo\/image\/"},"sameAs":["https:\/\/www.facebook.com\/IFFArtFilmKosice","https:\/\/x.com\/ArtFilmFestSVK","https:\/\/www.instagram.com\/iffartfilmkosice\/","https:\/\/www.youtube.com\/user\/artfilmfest81\/","https:\/\/www.linkedin.com\/company\/international-film-festival-art-film"]},{"@type":"Person","@id":"https:\/\/iffartfilm.com\/en\/#\/schema\/person\/55a097b32d28a560cbcd295bffd8f266","name":"AFF Admin","image":{"@type":"ImageObject","inLanguage":"en-US","@id":"https:\/\/secure.gravatar.com\/avatar\/5db5d37617da01600ba354e911ea20846b0b249da42f7c6e2aa10bdd0adaa7dc?s=96&d=mm&r=g","url":"https:\/\/secure.gravatar.com\/avatar\/5db5d37617da01600ba354e911ea20846b0b249da42f7c6e2aa10bdd0adaa7dc?s=96&d=mm&r=g","contentUrl":"https:\/\/secure.gravatar.com\/avatar\/5db5d37617da01600ba354e911ea20846b0b249da42f7c6e2aa10bdd0adaa7dc?s=96&d=mm&r=g","caption":"AFF Admin"},"url":"https:\/\/iffartfilm.com\/en\/blog\/author\/branor\/"}]}},"_links":{"self":[{"href":"https:\/\/iffartfilm.com\/en\/wp-json\/wp\/v2\/posts\/2724","targetHints":{"allow":["GET"]}}],"collection":[{"href":"https:\/\/iffartfilm.com\/en\/wp-json\/wp\/v2\/posts"}],"about":[{"href":"https:\/\/iffartfilm.com\/en\/wp-json\/wp\/v2\/types\/post"}],"author":[{"embeddable":true,"href":"https:\/\/iffartfilm.com\/en\/wp-json\/wp\/v2\/users\/2"}],"replies":[{"embeddable":true,"href":"https:\/\/iffartfilm.com\/en\/wp-json\/wp\/v2\/comments?post=2724"}],"version-history":[{"count":0,"href":"https:\/\/iffartfilm.com\/en\/wp-json\/wp\/v2\/posts\/2724\/revisions"}],"wp:attachment":[{"href":"https:\/\/iffartfilm.com\/en\/wp-json\/wp\/v2\/media?parent=2724"}],"wp:term":[{"taxonomy":"category","embeddable":true,"href":"https:\/\/iffartfilm.com\/en\/wp-json\/wp\/v2\/categories?post=2724"},{"taxonomy":"post_tag","embeddable":true,"href":"https:\/\/iffartfilm.com\/en\/wp-json\/wp\/v2\/tags?post=2724"}],"curies":[{"name":"wp","href":"https:\/\/api.w.org\/{rel}","templated":true}]}}