{"id":2720,"date":"2009-05-26T11:00:00","date_gmt":"2009-05-26T10:00:00","guid":{"rendered":"https:\/\/www.artfilmfest.sk\/en\/blog\/uncategorized\/2009\/05\/eben-brothers-krystof-and-jana-kirschner-to-perform-at-art-film-fest\/"},"modified":"2016-02-08T12:39:09","modified_gmt":"2016-02-08T11:39:09","slug":"eben-brothers-krystof-and-jana-kirschner-to-perform-at-art-film-fest","status":"publish","type":"post","link":"https:\/\/iffartfilm.com\/en\/blog\/highlights\/2009\/05\/eben-brothers-krystof-and-jana-kirschner-to-perform-at-art-film-fest\/","title":{"rendered":"Eben Brothers, Kry\u0161tof and Jana Kirschner to Perform at Art Film Fest"},"content":{"rendered":"<p>Right at the very beginning of Art Film Fest, <b>on Sunday, 21 June<\/b>, Tren\u010d\u00edn\u2019s main square will welcome an extraordinary group from our western neighbours, the Eben Brothers, whose leader is the well-known TV presenter Marek Eben. The Eben Brothers will perform at Art Film Fest with the rock rhythms of the Vladim\u00edr Mi\u0161\u00edk ETC. Band.<br \/>Art Film Fest\u2019s second major concert will take place <b>on Wednesday, 24 June<\/b>, and fans can look forward to the popular Czech group Kry\u0161tof, with the charismatic Richard Kraj\u010do at the helm. Some consider the Eben Brothers to be the most extraordinary band in the history of Czech pop music. Indeed, they don\u2019t follow any of the rules of show business, trusting only their own urges, evidenced by the vast breaks between their albums. The three brothers, Kry\u0161tof, Marek and David, arrived on the scene at the end of the seventies. They reaped success with their clever lyrics written by Marek Eben, today a well-known actor and TV presenter. In fact, he has become the most popular television personality in the Czech Republic, and a few years ago Czech periodicals named him Person of the Year. <br \/>The sibling trio released their first album <i>Mal\u00e9 p\u00edsn\u011b do tmy<\/i> in 1984, and it took eleven years for their next CD, <i>Tich\u00e1 dom\u00e1cnost, <\/i>to reach completion.&nbsp; It was a huge comeback, for which the musicians received a Gold Disc, which it is said they have yet to collect, incidentally.&nbsp; In 1990 they took a break for <i>Adventn\u00ed p\u00edsn\u011b a koledy<\/i>, which they recorded with the legendary Marta Kubi\u0161ov\u00e1.&nbsp; And for their remaining album <i>J\u00e1 na tom d\u011bl\u00e1m<\/i>, listeners  had to wait another seven years. In 2002 they received an Angel award in the folk and country category, and the album went platinum.<br \/>From the very beginning, the Eben Brothers have intertwined classical music, folk, rock and jazz in their music.&nbsp; It is therefore impossible to pigeonhole them into a single musical style.&nbsp; The combination of Marek\u2019s guitar, Kry\u0161tof\u2019s piano and flute and David\u2019s clarinet and saxophone makes for an extraordinary sound which we could call \u201cEbenesque\u201d.<br \/>\u201cWe listened to a lot of Frank Zappa, David was into jazz.&nbsp; It\u2019s basically never happened that one of us has listened to music that another couldn\u2019t stand,\u201d said Marek, who has in the meantime accrued over one hundred television interviews on his programme \u201cNa plov\u00e1rn\u011b\u201d (At the Swimming Pool), as well as an eminent role as the host of the Karlovy Vary Film Festival.&nbsp; David studied music at a conservatory and Kry\u0161tof is a&nbsp;mathematician. Tren\u010d\u00edn\u2019s main square will undoubtedly break into song and dance with the group Kry\u0161tof, who dominated the list of nominees for the Czech Academy of Popular Music\u2019s annual award, coming away with the 2008 Angel prize in the categories of Song of the Year and Group of the Year.&nbsp; Fifteen years have passed since Richard Kraj\u010do and company founded the band.&nbsp; In that time the group has taken many steps forward and brought their fans countless first-rate, unforgettable hits.&nbsp; Their debut album<i> Magnetick\u00e9 pole<\/i> was a smash hit, pulling out all the stops, and their sweet rock catapulted the group to the highest pedestal of the Czech pop scene. The tunes \u201cLolita\u201d and \u201cCosmoshop\u201d made a big and unexpected splash. A year later, the album arrived, with the gigantic hit \u201cObchodn\u00edk s&nbsp;de\u0161t\u011bm\u201d, which confidently shot to the top of the Slovak and Czech charts, and was for a long time the most-played song on the radio.<br \/>The genius of this group, led by rebellious Richard Kraj\u010do, is also in how the musicians manage to switch between many musical genres, from pop through jazz, funk and even hip-hop, while always keeping their music tasteful.&nbsp; Richard Kraj\u010do and company aren\u2019t afraid to improvise, and they are notorious for dressing up familiar songs in new clothes.<br \/>Right after Kry\u0161tof\u2019s concert, <b>on Wednesday, 24 June, <\/b>the festival caf\u00e9 in Tren\u010dianske Teplice will present the diva of the Slovak music world, Jana Kirschner, whose title song from the film <i>Pokoj v du\u0161i <\/i>has already been heard on YouTube by one million people.  &#8212;&#8212;&#8212;&#8212;&#8212;&#8212;&#8212;&#8212;&#8212;&#8212;&#8212;&#8212;&#8212;&#8212;&#8212;&#8212;&#8212;&#8212;&#8212;&#8212;&#8212;&#8212;&#8212;&#8212;&#8212;&#8212;&#8212;&#8212;&#8212;&#8212;&#8212;&#8212;&#8212;&#8212;&#8212;&#8211; <b><span style=\"font-family: Arial;\" lang=\"EN-GB\">Organizers:<\/span><\/b><span style=\"font-family: Arial;\" lang=\"EN-GB\"> ART FILM, n.o., FORZA Production House <b>Co-Organizers:<\/b> the Town of Tren\u010dianske  Teplice, the Town of Tren\u010d\u00edn, Health Spa Tren\u010dianske Teplice <\/span> <b><span style=\"font-family: Arial; letter-spacing: -0.2pt;\" lang=\"EN-GB\">The Festival is made possible through the financial support of the Ministry of Culture of the Slovak Republic<\/span><\/b><span style=\"font-family: Arial;\" lang=\"EN-GB\">.<\/p>\n<p> <\/span><b><span style=\"font-family: Arial;\" lang=\"EN-GB\">General Sponsors:<\/span><\/b><span style=\"font-family: Arial;\" lang=\"EN-GB\"> AquaCity Poprad, zdravotn\u00e1 pois\u0165ov\u0148a D\u00f4vera<br \/> <b>Main Sponsors:<\/b> Omnia Holding, Tatra banka, Tauris, the Central European Foundation,&nbsp;Slovnaft <b>Official Transport Provider:<\/b> Lancia&nbsp; <\/span><b>Logistics Sponsor:<\/b> DHL <b>Sponsors:<\/b> Provimi Pet Food, Dr. Max,&nbsp; Hotel Baske, AVI Studio <b>Official Suppliers:<\/b> Hubert, Segafredo Zanetti SR, Philips, GS design, Parkhotel Bara\u010dka <b>Slovak cinema is brought to you by <span style=\"color: black;\">Zlat\u00fd Ba\u017eant<\/span><\/b><b><span style=\"font-family: Arial;\" lang=\"EN-GB\"><br \/>Main Media Sponsors:<\/span><\/b><span style=\"font-family: Arial;\" lang=\"EN-GB\"> Slovensk\u00e1 telev\u00edzia, Pravda, Zoznam.sk, Boomerang, \u017durn\u00e1l <b>Media Sponsors:<\/b> telev\u00edzia Mark\u00edza, FilmBox, Telev\u00edzia Central, R\u00e1dio Okey, R\u00e1dio Hit FM, Mark\u00edza, Pardon, Cinemax,&nbsp;Kam do mesta, port.sk, kedykam.sk, superobed.sk, ISPA, SITA, Q-EX, Tren\u010dianske Echo<\/span><\/p>\n","protected":false},"excerpt":{"rendered":"<p>Right at the very beginning of Art Film Fest, on Sunday, 21 June, Tren\u010d\u00edn\u2019s main square will welcome an extraordinary<span","protected":false},"author":2,"featured_media":0,"comment_status":"open","ping_status":"open","sticky":false,"template":"","format":"standard","meta":{"_acf_changed":false,"footnotes":""},"categories":[16],"tags":[],"class_list":["post-2720","post","type-post","status-publish","format-standard","hentry","category-highlights"],"acf":[],"yoast_head":"<!-- This site is optimized with the Yoast SEO Premium plugin v27.2 (Yoast SEO v27.4) - https:\/\/yoast.com\/product\/yoast-seo-premium-wordpress\/ -->\n<title>Eben Brothers, Kry\u0161tof and Jana Kirschner to Perform at Art Film Fest &#8226; IFF ART FILM<\/title>\n<meta name=\"robots\" content=\"index, follow, max-snippet:-1, max-image-preview:large, max-video-preview:-1\" \/>\n<link rel=\"canonical\" href=\"https:\/\/iffartfilm.com\/en\/blog\/highlights\/2009\/05\/eben-brothers-krystof-and-jana-kirschner-to-perform-at-art-film-fest\/\" \/>\n<meta property=\"og:locale\" content=\"en_US\" \/>\n<meta property=\"og:type\" content=\"article\" \/>\n<meta property=\"og:title\" content=\"Eben Brothers, Kry\u0161tof and Jana Kirschner to Perform at Art Film Fest\" \/>\n<meta property=\"og:description\" content=\"Right at the very beginning of Art Film Fest, on Sunday, 21 June, Tren\u010d\u00edn\u2019s main square will welcome an extraordinary group from our western neighbours,\" \/>\n<meta property=\"og:url\" content=\"https:\/\/iffartfilm.com\/en\/blog\/highlights\/2009\/05\/eben-brothers-krystof-and-jana-kirschner-to-perform-at-art-film-fest\/\" \/>\n<meta property=\"og:site_name\" content=\"IFF ART FILM\" \/>\n<meta property=\"article:publisher\" content=\"https:\/\/www.facebook.com\/IFFArtFilmKosice\" \/>\n<meta property=\"article:published_time\" content=\"2009-05-26T10:00:00+00:00\" \/>\n<meta property=\"article:modified_time\" content=\"2016-02-08T11:39:09+00:00\" \/>\n<meta property=\"og:image\" content=\"https:\/\/iffartfilm.com\/wp-content\/uploads\/2023\/12\/MFF_Art_Film_24_FB_IG_1200x628.jpg\" \/>\n\t<meta property=\"og:image:width\" content=\"1200\" \/>\n\t<meta property=\"og:image:height\" content=\"628\" \/>\n\t<meta property=\"og:image:type\" content=\"image\/jpeg\" \/>\n<meta name=\"author\" content=\"AFF Admin\" \/>\n<meta name=\"twitter:card\" content=\"summary_large_image\" \/>\n<meta name=\"twitter:creator\" content=\"@ArtFilmFestSVK\" \/>\n<meta name=\"twitter:site\" content=\"@ArtFilmFestSVK\" \/>\n<meta name=\"twitter:label1\" content=\"Written by\" \/>\n\t<meta name=\"twitter:data1\" content=\"AFF Admin\" \/>\n\t<meta name=\"twitter:label2\" content=\"Est. reading time\" \/>\n\t<meta name=\"twitter:data2\" content=\"4 minutes\" \/>\n<script type=\"application\/ld+json\" class=\"yoast-schema-graph\">{\"@context\":\"https:\\\/\\\/schema.org\",\"@graph\":[{\"@type\":\"Article\",\"@id\":\"https:\\\/\\\/iffartfilm.com\\\/en\\\/blog\\\/highlights\\\/2009\\\/05\\\/eben-brothers-krystof-and-jana-kirschner-to-perform-at-art-film-fest\\\/#article\",\"isPartOf\":{\"@id\":\"https:\\\/\\\/iffartfilm.com\\\/en\\\/blog\\\/highlights\\\/2009\\\/05\\\/eben-brothers-krystof-and-jana-kirschner-to-perform-at-art-film-fest\\\/\"},\"author\":{\"name\":\"AFF Admin\",\"@id\":\"https:\\\/\\\/iffartfilm.com\\\/en\\\/#\\\/schema\\\/person\\\/55a097b32d28a560cbcd295bffd8f266\"},\"headline\":\"Eben Brothers, Kry\u0161tof and Jana Kirschner to Perform at Art Film Fest\",\"datePublished\":\"2009-05-26T10:00:00+00:00\",\"dateModified\":\"2016-02-08T11:39:09+00:00\",\"mainEntityOfPage\":{\"@id\":\"https:\\\/\\\/iffartfilm.com\\\/en\\\/blog\\\/highlights\\\/2009\\\/05\\\/eben-brothers-krystof-and-jana-kirschner-to-perform-at-art-film-fest\\\/\"},\"wordCount\":897,\"commentCount\":0,\"publisher\":{\"@id\":\"https:\\\/\\\/iffartfilm.com\\\/en\\\/#organization\"},\"articleSection\":[\"Highlights\"],\"inLanguage\":\"en-US\"},{\"@type\":\"WebPage\",\"@id\":\"https:\\\/\\\/iffartfilm.com\\\/en\\\/blog\\\/highlights\\\/2009\\\/05\\\/eben-brothers-krystof-and-jana-kirschner-to-perform-at-art-film-fest\\\/\",\"url\":\"https:\\\/\\\/iffartfilm.com\\\/en\\\/blog\\\/highlights\\\/2009\\\/05\\\/eben-brothers-krystof-and-jana-kirschner-to-perform-at-art-film-fest\\\/\",\"name\":\"Eben Brothers, Kry\u0161tof and Jana Kirschner to Perform at Art Film Fest &#8226; IFF ART FILM\",\"isPartOf\":{\"@id\":\"https:\\\/\\\/iffartfilm.com\\\/en\\\/#website\"},\"datePublished\":\"2009-05-26T10:00:00+00:00\",\"dateModified\":\"2016-02-08T11:39:09+00:00\",\"breadcrumb\":{\"@id\":\"https:\\\/\\\/iffartfilm.com\\\/en\\\/blog\\\/highlights\\\/2009\\\/05\\\/eben-brothers-krystof-and-jana-kirschner-to-perform-at-art-film-fest\\\/#breadcrumb\"},\"inLanguage\":\"en-US\",\"potentialAction\":[{\"@type\":\"ReadAction\",\"target\":[\"https:\\\/\\\/iffartfilm.com\\\/en\\\/blog\\\/highlights\\\/2009\\\/05\\\/eben-brothers-krystof-and-jana-kirschner-to-perform-at-art-film-fest\\\/\"]}]},{\"@type\":\"BreadcrumbList\",\"@id\":\"https:\\\/\\\/iffartfilm.com\\\/en\\\/blog\\\/highlights\\\/2009\\\/05\\\/eben-brothers-krystof-and-jana-kirschner-to-perform-at-art-film-fest\\\/#breadcrumb\",\"itemListElement\":[{\"@type\":\"ListItem\",\"position\":1,\"name\":\"Dom\u00e1ca str\u00e1nka\",\"item\":\"https:\\\/\\\/iffartfilm.com\\\/en\\\/\"},{\"@type\":\"ListItem\",\"position\":2,\"name\":\"Eben Brothers, Kry\u0161tof and Jana Kirschner to Perform at Art Film Fest\"}]},{\"@type\":\"WebSite\",\"@id\":\"https:\\\/\\\/iffartfilm.com\\\/en\\\/#website\",\"url\":\"https:\\\/\\\/iffartfilm.com\\\/en\\\/\",\"name\":\"IFF ART FILM\",\"description\":\"Medzin\u00e1rodn\u00fd filmov\u00fd festival\",\"publisher\":{\"@id\":\"https:\\\/\\\/iffartfilm.com\\\/en\\\/#organization\"},\"alternateName\":\"Art Film\",\"potentialAction\":[{\"@type\":\"SearchAction\",\"target\":{\"@type\":\"EntryPoint\",\"urlTemplate\":\"https:\\\/\\\/iffartfilm.com\\\/en\\\/?s={search_term_string}\"},\"query-input\":{\"@type\":\"PropertyValueSpecification\",\"valueRequired\":true,\"valueName\":\"search_term_string\"}}],\"inLanguage\":\"en-US\"},{\"@type\":\"Organization\",\"@id\":\"https:\\\/\\\/iffartfilm.com\\\/en\\\/#organization\",\"name\":\"ART FILM FEST, s.r.o.\",\"url\":\"https:\\\/\\\/iffartfilm.com\\\/en\\\/\",\"logo\":{\"@type\":\"ImageObject\",\"inLanguage\":\"en-US\",\"@id\":\"https:\\\/\\\/iffartfilm.com\\\/en\\\/#\\\/schema\\\/logo\\\/image\\\/\",\"url\":\"https:\\\/\\\/iffartfilm.com\\\/wp-content\\\/uploads\\\/2024\\\/11\\\/aff-cinepass-2025.png\",\"contentUrl\":\"https:\\\/\\\/iffartfilm.com\\\/wp-content\\\/uploads\\\/2024\\\/11\\\/aff-cinepass-2025.png\",\"width\":486,\"height\":215,\"caption\":\"ART FILM FEST, s.r.o.\"},\"image\":{\"@id\":\"https:\\\/\\\/iffartfilm.com\\\/en\\\/#\\\/schema\\\/logo\\\/image\\\/\"},\"sameAs\":[\"https:\\\/\\\/www.facebook.com\\\/IFFArtFilmKosice\",\"https:\\\/\\\/x.com\\\/ArtFilmFestSVK\",\"https:\\\/\\\/www.instagram.com\\\/iffartfilmkosice\\\/\",\"https:\\\/\\\/www.youtube.com\\\/user\\\/artfilmfest81\\\/\",\"https:\\\/\\\/www.linkedin.com\\\/company\\\/international-film-festival-art-film\"]},{\"@type\":\"Person\",\"@id\":\"https:\\\/\\\/iffartfilm.com\\\/en\\\/#\\\/schema\\\/person\\\/55a097b32d28a560cbcd295bffd8f266\",\"name\":\"AFF Admin\",\"image\":{\"@type\":\"ImageObject\",\"inLanguage\":\"en-US\",\"@id\":\"https:\\\/\\\/secure.gravatar.com\\\/avatar\\\/5db5d37617da01600ba354e911ea20846b0b249da42f7c6e2aa10bdd0adaa7dc?s=96&d=mm&r=g\",\"url\":\"https:\\\/\\\/secure.gravatar.com\\\/avatar\\\/5db5d37617da01600ba354e911ea20846b0b249da42f7c6e2aa10bdd0adaa7dc?s=96&d=mm&r=g\",\"contentUrl\":\"https:\\\/\\\/secure.gravatar.com\\\/avatar\\\/5db5d37617da01600ba354e911ea20846b0b249da42f7c6e2aa10bdd0adaa7dc?s=96&d=mm&r=g\",\"caption\":\"AFF Admin\"},\"url\":\"https:\\\/\\\/iffartfilm.com\\\/en\\\/blog\\\/author\\\/branor\\\/\"}]}<\/script>\n<!-- \/ Yoast SEO Premium plugin. -->","yoast_head_json":{"title":"Eben Brothers, Kry\u0161tof and Jana Kirschner to Perform at Art Film Fest &#8226; IFF ART FILM","robots":{"index":"index","follow":"follow","max-snippet":"max-snippet:-1","max-image-preview":"max-image-preview:large","max-video-preview":"max-video-preview:-1"},"canonical":"https:\/\/iffartfilm.com\/en\/blog\/highlights\/2009\/05\/eben-brothers-krystof-and-jana-kirschner-to-perform-at-art-film-fest\/","og_locale":"en_US","og_type":"article","og_title":"Eben Brothers, Kry\u0161tof and Jana Kirschner to Perform at Art Film Fest","og_description":"Right at the very beginning of Art Film Fest, on Sunday, 21 June, Tren\u010d\u00edn\u2019s main square will welcome an extraordinary group from our western neighbours,","og_url":"https:\/\/iffartfilm.com\/en\/blog\/highlights\/2009\/05\/eben-brothers-krystof-and-jana-kirschner-to-perform-at-art-film-fest\/","og_site_name":"IFF ART FILM","article_publisher":"https:\/\/www.facebook.com\/IFFArtFilmKosice","article_published_time":"2009-05-26T10:00:00+00:00","article_modified_time":"2016-02-08T11:39:09+00:00","og_image":[{"width":1200,"height":628,"url":"https:\/\/iffartfilm.com\/wp-content\/uploads\/2023\/12\/MFF_Art_Film_24_FB_IG_1200x628.jpg","type":"image\/jpeg"}],"author":"AFF Admin","twitter_card":"summary_large_image","twitter_creator":"@ArtFilmFestSVK","twitter_site":"@ArtFilmFestSVK","twitter_misc":{"Written by":"AFF Admin","Est. reading time":"4 minutes"},"schema":{"@context":"https:\/\/schema.org","@graph":[{"@type":"Article","@id":"https:\/\/iffartfilm.com\/en\/blog\/highlights\/2009\/05\/eben-brothers-krystof-and-jana-kirschner-to-perform-at-art-film-fest\/#article","isPartOf":{"@id":"https:\/\/iffartfilm.com\/en\/blog\/highlights\/2009\/05\/eben-brothers-krystof-and-jana-kirschner-to-perform-at-art-film-fest\/"},"author":{"name":"AFF Admin","@id":"https:\/\/iffartfilm.com\/en\/#\/schema\/person\/55a097b32d28a560cbcd295bffd8f266"},"headline":"Eben Brothers, Kry\u0161tof and Jana Kirschner to Perform at Art Film Fest","datePublished":"2009-05-26T10:00:00+00:00","dateModified":"2016-02-08T11:39:09+00:00","mainEntityOfPage":{"@id":"https:\/\/iffartfilm.com\/en\/blog\/highlights\/2009\/05\/eben-brothers-krystof-and-jana-kirschner-to-perform-at-art-film-fest\/"},"wordCount":897,"commentCount":0,"publisher":{"@id":"https:\/\/iffartfilm.com\/en\/#organization"},"articleSection":["Highlights"],"inLanguage":"en-US"},{"@type":"WebPage","@id":"https:\/\/iffartfilm.com\/en\/blog\/highlights\/2009\/05\/eben-brothers-krystof-and-jana-kirschner-to-perform-at-art-film-fest\/","url":"https:\/\/iffartfilm.com\/en\/blog\/highlights\/2009\/05\/eben-brothers-krystof-and-jana-kirschner-to-perform-at-art-film-fest\/","name":"Eben Brothers, Kry\u0161tof and Jana Kirschner to Perform at Art Film Fest &#8226; IFF ART FILM","isPartOf":{"@id":"https:\/\/iffartfilm.com\/en\/#website"},"datePublished":"2009-05-26T10:00:00+00:00","dateModified":"2016-02-08T11:39:09+00:00","breadcrumb":{"@id":"https:\/\/iffartfilm.com\/en\/blog\/highlights\/2009\/05\/eben-brothers-krystof-and-jana-kirschner-to-perform-at-art-film-fest\/#breadcrumb"},"inLanguage":"en-US","potentialAction":[{"@type":"ReadAction","target":["https:\/\/iffartfilm.com\/en\/blog\/highlights\/2009\/05\/eben-brothers-krystof-and-jana-kirschner-to-perform-at-art-film-fest\/"]}]},{"@type":"BreadcrumbList","@id":"https:\/\/iffartfilm.com\/en\/blog\/highlights\/2009\/05\/eben-brothers-krystof-and-jana-kirschner-to-perform-at-art-film-fest\/#breadcrumb","itemListElement":[{"@type":"ListItem","position":1,"name":"Dom\u00e1ca str\u00e1nka","item":"https:\/\/iffartfilm.com\/en\/"},{"@type":"ListItem","position":2,"name":"Eben Brothers, Kry\u0161tof and Jana Kirschner to Perform at Art Film Fest"}]},{"@type":"WebSite","@id":"https:\/\/iffartfilm.com\/en\/#website","url":"https:\/\/iffartfilm.com\/en\/","name":"IFF ART FILM","description":"Medzin\u00e1rodn\u00fd filmov\u00fd festival","publisher":{"@id":"https:\/\/iffartfilm.com\/en\/#organization"},"alternateName":"Art Film","potentialAction":[{"@type":"SearchAction","target":{"@type":"EntryPoint","urlTemplate":"https:\/\/iffartfilm.com\/en\/?s={search_term_string}"},"query-input":{"@type":"PropertyValueSpecification","valueRequired":true,"valueName":"search_term_string"}}],"inLanguage":"en-US"},{"@type":"Organization","@id":"https:\/\/iffartfilm.com\/en\/#organization","name":"ART FILM FEST, s.r.o.","url":"https:\/\/iffartfilm.com\/en\/","logo":{"@type":"ImageObject","inLanguage":"en-US","@id":"https:\/\/iffartfilm.com\/en\/#\/schema\/logo\/image\/","url":"https:\/\/iffartfilm.com\/wp-content\/uploads\/2024\/11\/aff-cinepass-2025.png","contentUrl":"https:\/\/iffartfilm.com\/wp-content\/uploads\/2024\/11\/aff-cinepass-2025.png","width":486,"height":215,"caption":"ART FILM FEST, s.r.o."},"image":{"@id":"https:\/\/iffartfilm.com\/en\/#\/schema\/logo\/image\/"},"sameAs":["https:\/\/www.facebook.com\/IFFArtFilmKosice","https:\/\/x.com\/ArtFilmFestSVK","https:\/\/www.instagram.com\/iffartfilmkosice\/","https:\/\/www.youtube.com\/user\/artfilmfest81\/","https:\/\/www.linkedin.com\/company\/international-film-festival-art-film"]},{"@type":"Person","@id":"https:\/\/iffartfilm.com\/en\/#\/schema\/person\/55a097b32d28a560cbcd295bffd8f266","name":"AFF Admin","image":{"@type":"ImageObject","inLanguage":"en-US","@id":"https:\/\/secure.gravatar.com\/avatar\/5db5d37617da01600ba354e911ea20846b0b249da42f7c6e2aa10bdd0adaa7dc?s=96&d=mm&r=g","url":"https:\/\/secure.gravatar.com\/avatar\/5db5d37617da01600ba354e911ea20846b0b249da42f7c6e2aa10bdd0adaa7dc?s=96&d=mm&r=g","contentUrl":"https:\/\/secure.gravatar.com\/avatar\/5db5d37617da01600ba354e911ea20846b0b249da42f7c6e2aa10bdd0adaa7dc?s=96&d=mm&r=g","caption":"AFF Admin"},"url":"https:\/\/iffartfilm.com\/en\/blog\/author\/branor\/"}]}},"_links":{"self":[{"href":"https:\/\/iffartfilm.com\/en\/wp-json\/wp\/v2\/posts\/2720","targetHints":{"allow":["GET"]}}],"collection":[{"href":"https:\/\/iffartfilm.com\/en\/wp-json\/wp\/v2\/posts"}],"about":[{"href":"https:\/\/iffartfilm.com\/en\/wp-json\/wp\/v2\/types\/post"}],"author":[{"embeddable":true,"href":"https:\/\/iffartfilm.com\/en\/wp-json\/wp\/v2\/users\/2"}],"replies":[{"embeddable":true,"href":"https:\/\/iffartfilm.com\/en\/wp-json\/wp\/v2\/comments?post=2720"}],"version-history":[{"count":0,"href":"https:\/\/iffartfilm.com\/en\/wp-json\/wp\/v2\/posts\/2720\/revisions"}],"wp:attachment":[{"href":"https:\/\/iffartfilm.com\/en\/wp-json\/wp\/v2\/media?parent=2720"}],"wp:term":[{"taxonomy":"category","embeddable":true,"href":"https:\/\/iffartfilm.com\/en\/wp-json\/wp\/v2\/categories?post=2720"},{"taxonomy":"post_tag","embeddable":true,"href":"https:\/\/iffartfilm.com\/en\/wp-json\/wp\/v2\/tags?post=2720"}],"curies":[{"name":"wp","href":"https:\/\/api.w.org\/{rel}","templated":true}]}}