{"id":2716,"date":"2009-06-02T09:07:00","date_gmt":"2009-06-02T08:07:00","guid":{"rendered":"https:\/\/www.artfilmfest.sk\/en\/blog\/uncategorized\/2009\/06\/george-bush-che-guevara-and-even-mike-tyson-at-art-film-fest\/"},"modified":"2016-02-08T12:39:07","modified_gmt":"2016-02-08T11:39:07","slug":"george-bush-che-guevara-and-even-mike-tyson-at-art-film-fest","status":"publish","type":"post","link":"https:\/\/iffartfilm.com\/en\/blog\/news\/2009\/06\/george-bush-che-guevara-and-even-mike-tyson-at-art-film-fest\/","title":{"rendered":"George Bush, Che Guevara and Even Mike Tyson at Art Film Fest!"},"content":{"rendered":"<p>Multiple Oscar winner Oliver Stone, whose filmography includes biopics of the famous American presidents JFK and Nixon, last year augmented his cycle of heads of state with George W. Bush, one of the most controversial, secretive and cynical presidents in American history.In the film W., which Art Film Fest will screen for the first time in Slovakia, Stone follows the life of the forty-third American president from the year 1967 on:&nbsp; from his wild college days full of parties, through his military service, his stint in the big business of the oil industry, his presidential campaign in 2000 and his first four years in office, up to his second campaign in 2004.&nbsp; Stone portrays Bush as poised, charismatic, ironic and idealistic.&nbsp; And while it is a film about a top-ranking politician, it is more a portrait of a person who went into politics but perhaps shouldn\u2019t have.&nbsp; One of the film\u2019s greatest assets is the performance of the lead actor, Josh Brolin. The name of another hero who will grace the festival screen is one that still resonates forty yeas after his death.&nbsp; Ernesto \u201cChe\u201d Guevara is a symbol of the 1960s, a time when revolution was in the air.<br \/>This young, handsome and idealistic champion of the oppressed is the main character of Oscar-winning director Steven Soderbergh\u2019s films <i>Che: Part One<\/i>, which is already in our cinemas, and <i>Che: Part Two<\/i>, which Art Film Fest will screen for the first time in Slovakia. This fascinating portrayal of that symbol of idealism and heroism, who lives on in the hearts of people around the world, will be presented at the 17<sup>th<\/sup> Annual Art Film Fest in a double-feature screening.<br \/>The film is divided into the two crucial parts of Guevara\u2019s life: the first dating from 1955 to 1962, the second from 1966 until his death in October, 1967.<br \/>Soderbergh, lead actor Benicio Del Toro and Guevara\u2019s biographer Jon Lee Anderson had no easy task before them: to tell the story of an icon. The result, however, is fascinating.&nbsp; On-screen, Guevara is a strong and decisive person, but also humanly fallible and fragile. Admired and condemned: such is the former heavyweight champion.&nbsp; You don\u2019t have to be a boxing fan for the documentary <i>Mike Tyson<\/i> to move you.&nbsp; Director James Toback presents the gripping chronology of this controversial sports figure\u2019s undoubtedly remarkable life.&nbsp; You will learn how a boy from the poor black ghetto achieved his own American dream, but after all could not manage his extraordinary position, and ended up in prison. &nbsp;Pleasantly, Tyson\u2019s story is told by Tyson alone, and honestly and frankly at that. Festival cinemas will also screen director Darren Aronofsky\u2018s<i> Wrestler<\/i>, featuring the triumphant comeback of veteran actor Mickey Rourke. <i>Wrestler<\/i> began its success as the unexpected, but deserving, winner of the most recent festival in Venice. While this extraordinary picture will arrive at Slovak cinemas by the end of September, Art Film Fest is offering the unique opportunity to see this striking film three months earlier. <br \/>Aronofsky focused his camera\u2019s lens on the story of Randy Robinson, a former 1980s star wrestler, who tries to improve his standing with performances for the remaining supporters of this rough sport.&nbsp; He lives just for those short moments of excitement when he can feel the fervour of his few fans.&nbsp; But he is estranged from his daughter and isn\u2019t able to maintain a single real relationship.&nbsp; During one performance he has a serious heart attack, and he may not even survive another show.&nbsp; The aging man reassesses his life.&nbsp; He attempts to revitalise his relationship with his daughter and starts dating a middle-aged stripper, but his passion for combat beckons him back to the ring\u2026 Charlie Kaufman first achieved fame as an intelligent and very unconventional screenwriter.&nbsp; His past works include the film <i>Ada<\/i><i>ptation<\/i>, nominated for an Oscar and a Golden Globe and <i>Eternal Sunshine of the Spotless Mind<\/i>, for which the screenwriter also received Oscar and Golden Globe nominations.<br \/>This time Kaufman is back with his directorial debut, <i>Synecdoche, New York<\/i>, which was recognised in the main competition at Cannes 2008, and later received five international prizes.<br \/>The hero of this story about the fear of death, anxiety, people\u2019s incompetence and love is Caden Cotard, who sees both his health and his marriage collapse.&nbsp; His wife disappears with their daughter, and a great void opens in Caden\u2019s life.&nbsp; But this is unexpectedly disrupted by a generous grant, which offers him the opportunity to finally create his masterpiece: a true-to-life stage play that encompasses \u201ceverything\u201d. Love him or hate him, but one thing is certain: Kim Ki-Duk is the most famous contemporary Korean director, recognized worldwide.&nbsp; And his work can\u2019t be absent from Art Film Fest, either.&nbsp; He captivates with his unique visual flair and powerful, timeless messages.&nbsp; His accomplishments include a prize for best director from the Berlinale for the film <i>Samaritan Girl<\/i> and from Venice for the picture <i>3-Iron<\/i>.<br \/>Another must-see is his 15<sup>th<\/sup> picture, <i>Dream<\/i>.&nbsp; It may be the most unusual Kim Ki-Duk film yet.&nbsp; He goes very far in answering the question, \u201cwhat is reality and what are dreams?\u201d.<br \/>It tells the story of Jin, who wakes up one morning with an unpleasant feeling.&nbsp; He dreamed that he was driving a car, had an accident and fled before the police arrived.&nbsp; He is deeply worried, so he sets off for the place where the accident happened in the dream.&nbsp; He comes to the intersection, where there is a wrecked car and police, just like in the dream.&nbsp; And the police begin to question him, together with a young lady named Ran.&nbsp; One fateful night, Jin happens to have slept in her bed.&nbsp; After a series of psychological inquiries, Jin and Ran realize that they are inexplicably connected. Art Film Fest will present even more exceptional films in the section <b>All Around the World<\/b>, among them being the picture <i>Two-Legged Horse<\/i> from the talented Iranian director Samira Makhmalbaf, <i>The Window<\/i> from Argentinean director Carlos Sorin, <i>Notorious<\/i> from George Tillman Jr., the South Korean film <i>The Good, the Bad, the Weird<\/i> from Kim Ji-woon and the comedy <i>The Yes Men Fix the World <\/i>from the workshop of the comedic \u201cculture jammers\u201d Andy Bichlbaum, Mike Bonanno and Kurt Engfehr. &#8212;&#8212;&#8212;&#8212;&#8212;&#8212;&#8212;&#8212;&#8212;&#8212;&#8212;&#8212;&#8212;&#8212;&#8212;&#8212;&#8212;&#8212;&#8212;&#8212;&#8212;&#8212;&#8212;&#8212;&#8212;&#8212;&#8212;&#8212;&#8212;&#8212;&#8212;&#8212;&#8212;&#8212;&#8212;&#8211; <b>Organizers:<\/b> ART FILM, n.o., FORZA Production House <b>Co-Organizers:<\/b> the Town of Tren\u010dianske Teplice, the Town of Tren\u010d\u00edn, Health Spa Tren\u010dianske Teplice  <b>The Festival is made possible through the financial support of the Ministry of Culture of the Slovak Republic<\/b>.<\/p>\n<p> <b>General Sponsors:<\/b> AquaCity Poprad, zdravotn\u00e1 pois\u0165ov\u0148a D\u00f4vera<br \/> <b>Main Sponsors:<\/b> Omnia Holding, Tatra banka, Tauris, the Central European Foundation,&nbsp;Slovnaft <b>Official Transport Provider:<\/b> Lancia&nbsp; <b>Logistics Sponsor:<\/b> DHL <b>Sponsors:<\/b> Provimi Pet Food, Dr. Max,&nbsp; Hotel Baske, AVI Studio <b>Official Suppliers:<\/b> Hubert, Segafredo Zanetti SR, Philips, GS design, Parkhotel Bara\u010dka <b>Slovak cinema is brought to you by Zlat\u00fd Ba\u017eant<\/b><b><br \/>Main Media Sponsors:<\/b> Slovensk\u00e1 telev\u00edzia, Pravda, Zoznam.sk, Boomerang, \u017durn\u00e1l <b>Media Sponsors:<\/b> telev\u00edzia Mark\u00edza, FilmBox, Telev\u00edzia Central, R\u00e1dio Okey, R\u00e1dio Hit FM, Mark\u00edza, Pardon, Cinemax,&nbsp;Kam do mesta, port.sk, kedykam.sk, superobed.sk, ISPA, SITA, Q-EX, Tren\u010dianske Echo<\/p>\n","protected":false},"excerpt":{"rendered":"<p>Multiple Oscar winner Oliver Stone, whose filmography includes biopics of the famous American presidents JFK and Nixon,","protected":false},"author":2,"featured_media":0,"comment_status":"open","ping_status":"open","sticky":false,"template":"","format":"standard","meta":{"_acf_changed":false,"footnotes":""},"categories":[17],"tags":[],"class_list":["post-2716","post","type-post","status-publish","format-standard","hentry","category-news"],"acf":[],"yoast_head":"<!-- This site is optimized with the Yoast SEO Premium plugin v27.2 (Yoast SEO v27.4) - https:\/\/yoast.com\/product\/yoast-seo-premium-wordpress\/ -->\n<title>George Bush, Che Guevara and Even Mike Tyson at Art Film Fest! &#8226; IFF ART FILM<\/title>\n<meta name=\"robots\" content=\"index, follow, max-snippet:-1, max-image-preview:large, max-video-preview:-1\" \/>\n<link rel=\"canonical\" href=\"https:\/\/iffartfilm.com\/en\/blog\/news\/2009\/06\/george-bush-che-guevara-and-even-mike-tyson-at-art-film-fest\/\" \/>\n<meta property=\"og:locale\" content=\"en_US\" \/>\n<meta property=\"og:type\" content=\"article\" \/>\n<meta property=\"og:title\" content=\"George Bush, Che Guevara and Even Mike Tyson at Art Film Fest!\" \/>\n<meta property=\"og:description\" content=\"Multiple Oscar winner Oliver Stone, whose filmography includes biopics of the famous American presidents JFK and Nixon, last year augmented his cycle of\" \/>\n<meta property=\"og:url\" content=\"https:\/\/iffartfilm.com\/en\/blog\/news\/2009\/06\/george-bush-che-guevara-and-even-mike-tyson-at-art-film-fest\/\" \/>\n<meta property=\"og:site_name\" content=\"IFF ART FILM\" \/>\n<meta property=\"article:publisher\" content=\"https:\/\/www.facebook.com\/IFFArtFilmKosice\" \/>\n<meta property=\"article:published_time\" content=\"2009-06-02T08:07:00+00:00\" \/>\n<meta property=\"article:modified_time\" content=\"2016-02-08T11:39:07+00:00\" \/>\n<meta property=\"og:image\" content=\"https:\/\/iffartfilm.com\/wp-content\/uploads\/2023\/12\/MFF_Art_Film_24_FB_IG_1200x628.jpg\" \/>\n\t<meta property=\"og:image:width\" content=\"1200\" \/>\n\t<meta property=\"og:image:height\" content=\"628\" \/>\n\t<meta property=\"og:image:type\" content=\"image\/jpeg\" \/>\n<meta name=\"author\" content=\"AFF Admin\" \/>\n<meta name=\"twitter:card\" content=\"summary_large_image\" \/>\n<meta name=\"twitter:creator\" content=\"@ArtFilmFestSVK\" \/>\n<meta name=\"twitter:site\" content=\"@ArtFilmFestSVK\" \/>\n<meta name=\"twitter:label1\" content=\"Written by\" \/>\n\t<meta name=\"twitter:data1\" content=\"AFF Admin\" \/>\n\t<meta name=\"twitter:label2\" content=\"Est. reading time\" \/>\n\t<meta name=\"twitter:data2\" content=\"6 minutes\" \/>\n<script type=\"application\/ld+json\" class=\"yoast-schema-graph\">{\"@context\":\"https:\\\/\\\/schema.org\",\"@graph\":[{\"@type\":\"Article\",\"@id\":\"https:\\\/\\\/iffartfilm.com\\\/en\\\/blog\\\/news\\\/2009\\\/06\\\/george-bush-che-guevara-and-even-mike-tyson-at-art-film-fest\\\/#article\",\"isPartOf\":{\"@id\":\"https:\\\/\\\/iffartfilm.com\\\/en\\\/blog\\\/news\\\/2009\\\/06\\\/george-bush-che-guevara-and-even-mike-tyson-at-art-film-fest\\\/\"},\"author\":{\"name\":\"AFF Admin\",\"@id\":\"https:\\\/\\\/iffartfilm.com\\\/en\\\/#\\\/schema\\\/person\\\/55a097b32d28a560cbcd295bffd8f266\"},\"headline\":\"George Bush, Che Guevara and Even Mike Tyson at Art Film Fest!\",\"datePublished\":\"2009-06-02T08:07:00+00:00\",\"dateModified\":\"2016-02-08T11:39:07+00:00\",\"mainEntityOfPage\":{\"@id\":\"https:\\\/\\\/iffartfilm.com\\\/en\\\/blog\\\/news\\\/2009\\\/06\\\/george-bush-che-guevara-and-even-mike-tyson-at-art-film-fest\\\/\"},\"wordCount\":1248,\"commentCount\":0,\"publisher\":{\"@id\":\"https:\\\/\\\/iffartfilm.com\\\/en\\\/#organization\"},\"articleSection\":[\"News\"],\"inLanguage\":\"en-US\"},{\"@type\":\"WebPage\",\"@id\":\"https:\\\/\\\/iffartfilm.com\\\/en\\\/blog\\\/news\\\/2009\\\/06\\\/george-bush-che-guevara-and-even-mike-tyson-at-art-film-fest\\\/\",\"url\":\"https:\\\/\\\/iffartfilm.com\\\/en\\\/blog\\\/news\\\/2009\\\/06\\\/george-bush-che-guevara-and-even-mike-tyson-at-art-film-fest\\\/\",\"name\":\"George Bush, Che Guevara and Even Mike Tyson at Art Film Fest! &#8226; IFF ART FILM\",\"isPartOf\":{\"@id\":\"https:\\\/\\\/iffartfilm.com\\\/en\\\/#website\"},\"datePublished\":\"2009-06-02T08:07:00+00:00\",\"dateModified\":\"2016-02-08T11:39:07+00:00\",\"breadcrumb\":{\"@id\":\"https:\\\/\\\/iffartfilm.com\\\/en\\\/blog\\\/news\\\/2009\\\/06\\\/george-bush-che-guevara-and-even-mike-tyson-at-art-film-fest\\\/#breadcrumb\"},\"inLanguage\":\"en-US\",\"potentialAction\":[{\"@type\":\"ReadAction\",\"target\":[\"https:\\\/\\\/iffartfilm.com\\\/en\\\/blog\\\/news\\\/2009\\\/06\\\/george-bush-che-guevara-and-even-mike-tyson-at-art-film-fest\\\/\"]}]},{\"@type\":\"BreadcrumbList\",\"@id\":\"https:\\\/\\\/iffartfilm.com\\\/en\\\/blog\\\/news\\\/2009\\\/06\\\/george-bush-che-guevara-and-even-mike-tyson-at-art-film-fest\\\/#breadcrumb\",\"itemListElement\":[{\"@type\":\"ListItem\",\"position\":1,\"name\":\"Dom\u00e1ca str\u00e1nka\",\"item\":\"https:\\\/\\\/iffartfilm.com\\\/en\\\/\"},{\"@type\":\"ListItem\",\"position\":2,\"name\":\"George Bush, Che Guevara and Even Mike Tyson at Art Film Fest!\"}]},{\"@type\":\"WebSite\",\"@id\":\"https:\\\/\\\/iffartfilm.com\\\/en\\\/#website\",\"url\":\"https:\\\/\\\/iffartfilm.com\\\/en\\\/\",\"name\":\"IFF ART FILM\",\"description\":\"Medzin\u00e1rodn\u00fd filmov\u00fd festival\",\"publisher\":{\"@id\":\"https:\\\/\\\/iffartfilm.com\\\/en\\\/#organization\"},\"alternateName\":\"Art Film\",\"potentialAction\":[{\"@type\":\"SearchAction\",\"target\":{\"@type\":\"EntryPoint\",\"urlTemplate\":\"https:\\\/\\\/iffartfilm.com\\\/en\\\/?s={search_term_string}\"},\"query-input\":{\"@type\":\"PropertyValueSpecification\",\"valueRequired\":true,\"valueName\":\"search_term_string\"}}],\"inLanguage\":\"en-US\"},{\"@type\":\"Organization\",\"@id\":\"https:\\\/\\\/iffartfilm.com\\\/en\\\/#organization\",\"name\":\"ART FILM FEST, s.r.o.\",\"url\":\"https:\\\/\\\/iffartfilm.com\\\/en\\\/\",\"logo\":{\"@type\":\"ImageObject\",\"inLanguage\":\"en-US\",\"@id\":\"https:\\\/\\\/iffartfilm.com\\\/en\\\/#\\\/schema\\\/logo\\\/image\\\/\",\"url\":\"https:\\\/\\\/iffartfilm.com\\\/wp-content\\\/uploads\\\/2024\\\/11\\\/aff-cinepass-2025.png\",\"contentUrl\":\"https:\\\/\\\/iffartfilm.com\\\/wp-content\\\/uploads\\\/2024\\\/11\\\/aff-cinepass-2025.png\",\"width\":486,\"height\":215,\"caption\":\"ART FILM FEST, s.r.o.\"},\"image\":{\"@id\":\"https:\\\/\\\/iffartfilm.com\\\/en\\\/#\\\/schema\\\/logo\\\/image\\\/\"},\"sameAs\":[\"https:\\\/\\\/www.facebook.com\\\/IFFArtFilmKosice\",\"https:\\\/\\\/x.com\\\/ArtFilmFestSVK\",\"https:\\\/\\\/www.instagram.com\\\/iffartfilmkosice\\\/\",\"https:\\\/\\\/www.youtube.com\\\/user\\\/artfilmfest81\\\/\",\"https:\\\/\\\/www.linkedin.com\\\/company\\\/international-film-festival-art-film\"]},{\"@type\":\"Person\",\"@id\":\"https:\\\/\\\/iffartfilm.com\\\/en\\\/#\\\/schema\\\/person\\\/55a097b32d28a560cbcd295bffd8f266\",\"name\":\"AFF Admin\",\"image\":{\"@type\":\"ImageObject\",\"inLanguage\":\"en-US\",\"@id\":\"https:\\\/\\\/secure.gravatar.com\\\/avatar\\\/5db5d37617da01600ba354e911ea20846b0b249da42f7c6e2aa10bdd0adaa7dc?s=96&d=mm&r=g\",\"url\":\"https:\\\/\\\/secure.gravatar.com\\\/avatar\\\/5db5d37617da01600ba354e911ea20846b0b249da42f7c6e2aa10bdd0adaa7dc?s=96&d=mm&r=g\",\"contentUrl\":\"https:\\\/\\\/secure.gravatar.com\\\/avatar\\\/5db5d37617da01600ba354e911ea20846b0b249da42f7c6e2aa10bdd0adaa7dc?s=96&d=mm&r=g\",\"caption\":\"AFF Admin\"},\"url\":\"https:\\\/\\\/iffartfilm.com\\\/en\\\/blog\\\/author\\\/branor\\\/\"}]}<\/script>\n<!-- \/ Yoast SEO Premium plugin. -->","yoast_head_json":{"title":"George Bush, Che Guevara and Even Mike Tyson at Art Film Fest! &#8226; IFF ART FILM","robots":{"index":"index","follow":"follow","max-snippet":"max-snippet:-1","max-image-preview":"max-image-preview:large","max-video-preview":"max-video-preview:-1"},"canonical":"https:\/\/iffartfilm.com\/en\/blog\/news\/2009\/06\/george-bush-che-guevara-and-even-mike-tyson-at-art-film-fest\/","og_locale":"en_US","og_type":"article","og_title":"George Bush, Che Guevara and Even Mike Tyson at Art Film Fest!","og_description":"Multiple Oscar winner Oliver Stone, whose filmography includes biopics of the famous American presidents JFK and Nixon, last year augmented his cycle of","og_url":"https:\/\/iffartfilm.com\/en\/blog\/news\/2009\/06\/george-bush-che-guevara-and-even-mike-tyson-at-art-film-fest\/","og_site_name":"IFF ART FILM","article_publisher":"https:\/\/www.facebook.com\/IFFArtFilmKosice","article_published_time":"2009-06-02T08:07:00+00:00","article_modified_time":"2016-02-08T11:39:07+00:00","og_image":[{"width":1200,"height":628,"url":"https:\/\/iffartfilm.com\/wp-content\/uploads\/2023\/12\/MFF_Art_Film_24_FB_IG_1200x628.jpg","type":"image\/jpeg"}],"author":"AFF Admin","twitter_card":"summary_large_image","twitter_creator":"@ArtFilmFestSVK","twitter_site":"@ArtFilmFestSVK","twitter_misc":{"Written by":"AFF Admin","Est. reading time":"6 minutes"},"schema":{"@context":"https:\/\/schema.org","@graph":[{"@type":"Article","@id":"https:\/\/iffartfilm.com\/en\/blog\/news\/2009\/06\/george-bush-che-guevara-and-even-mike-tyson-at-art-film-fest\/#article","isPartOf":{"@id":"https:\/\/iffartfilm.com\/en\/blog\/news\/2009\/06\/george-bush-che-guevara-and-even-mike-tyson-at-art-film-fest\/"},"author":{"name":"AFF Admin","@id":"https:\/\/iffartfilm.com\/en\/#\/schema\/person\/55a097b32d28a560cbcd295bffd8f266"},"headline":"George Bush, Che Guevara and Even Mike Tyson at Art Film Fest!","datePublished":"2009-06-02T08:07:00+00:00","dateModified":"2016-02-08T11:39:07+00:00","mainEntityOfPage":{"@id":"https:\/\/iffartfilm.com\/en\/blog\/news\/2009\/06\/george-bush-che-guevara-and-even-mike-tyson-at-art-film-fest\/"},"wordCount":1248,"commentCount":0,"publisher":{"@id":"https:\/\/iffartfilm.com\/en\/#organization"},"articleSection":["News"],"inLanguage":"en-US"},{"@type":"WebPage","@id":"https:\/\/iffartfilm.com\/en\/blog\/news\/2009\/06\/george-bush-che-guevara-and-even-mike-tyson-at-art-film-fest\/","url":"https:\/\/iffartfilm.com\/en\/blog\/news\/2009\/06\/george-bush-che-guevara-and-even-mike-tyson-at-art-film-fest\/","name":"George Bush, Che Guevara and Even Mike Tyson at Art Film Fest! &#8226; IFF ART FILM","isPartOf":{"@id":"https:\/\/iffartfilm.com\/en\/#website"},"datePublished":"2009-06-02T08:07:00+00:00","dateModified":"2016-02-08T11:39:07+00:00","breadcrumb":{"@id":"https:\/\/iffartfilm.com\/en\/blog\/news\/2009\/06\/george-bush-che-guevara-and-even-mike-tyson-at-art-film-fest\/#breadcrumb"},"inLanguage":"en-US","potentialAction":[{"@type":"ReadAction","target":["https:\/\/iffartfilm.com\/en\/blog\/news\/2009\/06\/george-bush-che-guevara-and-even-mike-tyson-at-art-film-fest\/"]}]},{"@type":"BreadcrumbList","@id":"https:\/\/iffartfilm.com\/en\/blog\/news\/2009\/06\/george-bush-che-guevara-and-even-mike-tyson-at-art-film-fest\/#breadcrumb","itemListElement":[{"@type":"ListItem","position":1,"name":"Dom\u00e1ca str\u00e1nka","item":"https:\/\/iffartfilm.com\/en\/"},{"@type":"ListItem","position":2,"name":"George Bush, Che Guevara and Even Mike Tyson at Art Film Fest!"}]},{"@type":"WebSite","@id":"https:\/\/iffartfilm.com\/en\/#website","url":"https:\/\/iffartfilm.com\/en\/","name":"IFF ART FILM","description":"Medzin\u00e1rodn\u00fd filmov\u00fd festival","publisher":{"@id":"https:\/\/iffartfilm.com\/en\/#organization"},"alternateName":"Art Film","potentialAction":[{"@type":"SearchAction","target":{"@type":"EntryPoint","urlTemplate":"https:\/\/iffartfilm.com\/en\/?s={search_term_string}"},"query-input":{"@type":"PropertyValueSpecification","valueRequired":true,"valueName":"search_term_string"}}],"inLanguage":"en-US"},{"@type":"Organization","@id":"https:\/\/iffartfilm.com\/en\/#organization","name":"ART FILM FEST, s.r.o.","url":"https:\/\/iffartfilm.com\/en\/","logo":{"@type":"ImageObject","inLanguage":"en-US","@id":"https:\/\/iffartfilm.com\/en\/#\/schema\/logo\/image\/","url":"https:\/\/iffartfilm.com\/wp-content\/uploads\/2024\/11\/aff-cinepass-2025.png","contentUrl":"https:\/\/iffartfilm.com\/wp-content\/uploads\/2024\/11\/aff-cinepass-2025.png","width":486,"height":215,"caption":"ART FILM FEST, s.r.o."},"image":{"@id":"https:\/\/iffartfilm.com\/en\/#\/schema\/logo\/image\/"},"sameAs":["https:\/\/www.facebook.com\/IFFArtFilmKosice","https:\/\/x.com\/ArtFilmFestSVK","https:\/\/www.instagram.com\/iffartfilmkosice\/","https:\/\/www.youtube.com\/user\/artfilmfest81\/","https:\/\/www.linkedin.com\/company\/international-film-festival-art-film"]},{"@type":"Person","@id":"https:\/\/iffartfilm.com\/en\/#\/schema\/person\/55a097b32d28a560cbcd295bffd8f266","name":"AFF Admin","image":{"@type":"ImageObject","inLanguage":"en-US","@id":"https:\/\/secure.gravatar.com\/avatar\/5db5d37617da01600ba354e911ea20846b0b249da42f7c6e2aa10bdd0adaa7dc?s=96&d=mm&r=g","url":"https:\/\/secure.gravatar.com\/avatar\/5db5d37617da01600ba354e911ea20846b0b249da42f7c6e2aa10bdd0adaa7dc?s=96&d=mm&r=g","contentUrl":"https:\/\/secure.gravatar.com\/avatar\/5db5d37617da01600ba354e911ea20846b0b249da42f7c6e2aa10bdd0adaa7dc?s=96&d=mm&r=g","caption":"AFF Admin"},"url":"https:\/\/iffartfilm.com\/en\/blog\/author\/branor\/"}]}},"_links":{"self":[{"href":"https:\/\/iffartfilm.com\/en\/wp-json\/wp\/v2\/posts\/2716","targetHints":{"allow":["GET"]}}],"collection":[{"href":"https:\/\/iffartfilm.com\/en\/wp-json\/wp\/v2\/posts"}],"about":[{"href":"https:\/\/iffartfilm.com\/en\/wp-json\/wp\/v2\/types\/post"}],"author":[{"embeddable":true,"href":"https:\/\/iffartfilm.com\/en\/wp-json\/wp\/v2\/users\/2"}],"replies":[{"embeddable":true,"href":"https:\/\/iffartfilm.com\/en\/wp-json\/wp\/v2\/comments?post=2716"}],"version-history":[{"count":0,"href":"https:\/\/iffartfilm.com\/en\/wp-json\/wp\/v2\/posts\/2716\/revisions"}],"wp:attachment":[{"href":"https:\/\/iffartfilm.com\/en\/wp-json\/wp\/v2\/media?parent=2716"}],"wp:term":[{"taxonomy":"category","embeddable":true,"href":"https:\/\/iffartfilm.com\/en\/wp-json\/wp\/v2\/categories?post=2716"},{"taxonomy":"post_tag","embeddable":true,"href":"https:\/\/iffartfilm.com\/en\/wp-json\/wp\/v2\/tags?post=2716"}],"curies":[{"name":"wp","href":"https:\/\/api.w.org\/{rel}","templated":true}]}}