{"id":2710,"date":"2009-06-10T09:43:00","date_gmt":"2009-06-10T08:43:00","guid":{"rendered":"https:\/\/www.artfilmfest.sk\/en\/blog\/uncategorized\/2009\/06\/tatra-banka-cinema-to-present-kubricks-cult-horror-film-and-the-banned-coach-to-vienna\/"},"modified":"2016-02-08T12:39:05","modified_gmt":"2016-02-08T11:39:05","slug":"tatra-banka-cinema-to-present-kubricks-cult-horror-film-and-the-banned-coach-to-vienna","status":"publish","type":"post","link":"https:\/\/iffartfilm.com\/en\/blog\/nezaradene\/2009\/06\/tatra-banka-cinema-to-present-kubricks-cult-horror-film-and-the-banned-coach-to-vienna\/","title":{"rendered":"Tatra Banka Cinema to Present Kubrick\u2019s Cult Horror Film and the Banned Coach to Vienna"},"content":{"rendered":"<p>Once again, Art Film Fest will include an unconventional screening space \u2013 the Tatra Banka Tented Cinema, located in Tren\u010dianske Teplice\u2019s Park.&nbsp; Over the course of the festival, as many as forty films will be screened there.&nbsp; Already on the first day of the festival, an adaptation of a classic of world literature awaits audiences \u2013 Volker Schl\u00f6ndorff\u2019s Swann in Love, based on the first volume of Proust\u2019s In Search of Lost Time.&nbsp; This sensual romantic drama will be personally presented by its star, the popular British actor Jeremy Irons. Art Film Fest\u2019s organizers have also expanded the festival program to include Stanley Kubrick\u2019s 1980 cult horror film <i>The Shining<\/i>, which is among the best in its genre and has yet to be shown in Slovak cinemas.&nbsp; Kubrick\u2019s horror film, based on the Stephen King novel of the same name, will be presented by its producer, Jan Harlan, at the Tatra Banka Cinema on 22 June. Another surely interesting addition to the Tatra Banka Cinema\u2019s programme will be a screening of the Czechoslovak war drama <i>Coach to Vienna<\/i>, from director Karel Kachy\u0148a.&nbsp; The film\u2019s screenplay was written by Karel Kachy\u0148a in cooperation with Jan Proch\u00e1zka, based on the book of the same name.&nbsp; The film, whose plot is played out in South Moravia immediately after the end of the Second World War, was long banned.&nbsp; It will be personally presented in Tren\u010dianske Teplice by actor Jarom\u00edr Hanzl\u00edk.<\/p>\n","protected":false},"excerpt":{"rendered":"<p>Once again, Art Film Fest will include an unconventional screening space \u2013 the Tatra Banka Tented Cinema, located in","protected":false},"author":2,"featured_media":0,"comment_status":"open","ping_status":"open","sticky":false,"template":"","format":"standard","meta":{"_acf_changed":false,"footnotes":""},"categories":[17,3],"tags":[],"class_list":["post-2710","post","type-post","status-publish","format-standard","hentry","category-news","category-nezaradene"],"acf":[],"yoast_head":"<!-- This site is optimized with the Yoast SEO Premium plugin v27.2 (Yoast SEO v27.4) - https:\/\/yoast.com\/product\/yoast-seo-premium-wordpress\/ -->\n<title>Tatra Banka Cinema to Present Kubrick\u2019s Cult Horror Film and the Banned Coach to Vienna &#8226; IFF ART FILM<\/title>\n<meta name=\"robots\" content=\"index, follow, max-snippet:-1, max-image-preview:large, max-video-preview:-1\" \/>\n<link rel=\"canonical\" href=\"https:\/\/iffartfilm.com\/en\/blog\/nezaradene\/2009\/06\/tatra-banka-cinema-to-present-kubricks-cult-horror-film-and-the-banned-coach-to-vienna\/\" \/>\n<meta property=\"og:locale\" content=\"en_US\" \/>\n<meta property=\"og:type\" content=\"article\" \/>\n<meta property=\"og:title\" content=\"Tatra Banka Cinema to Present Kubrick\u2019s Cult Horror Film and the Banned Coach to Vienna\" \/>\n<meta property=\"og:description\" content=\"Once again, Art Film Fest will include an unconventional screening space \u2013 the Tatra Banka Tented Cinema, located in Tren\u010dianske Teplice\u2019s Park.&nbsp;\" \/>\n<meta property=\"og:url\" content=\"https:\/\/iffartfilm.com\/en\/blog\/nezaradene\/2009\/06\/tatra-banka-cinema-to-present-kubricks-cult-horror-film-and-the-banned-coach-to-vienna\/\" \/>\n<meta property=\"og:site_name\" content=\"IFF ART FILM\" \/>\n<meta property=\"article:publisher\" content=\"https:\/\/www.facebook.com\/IFFArtFilmKosice\" \/>\n<meta property=\"article:published_time\" content=\"2009-06-10T08:43:00+00:00\" \/>\n<meta property=\"article:modified_time\" content=\"2016-02-08T11:39:05+00:00\" \/>\n<meta property=\"og:image\" content=\"https:\/\/iffartfilm.com\/wp-content\/uploads\/2023\/12\/MFF_Art_Film_24_FB_IG_1200x628.jpg\" \/>\n\t<meta property=\"og:image:width\" content=\"1200\" \/>\n\t<meta property=\"og:image:height\" content=\"628\" \/>\n\t<meta property=\"og:image:type\" content=\"image\/jpeg\" \/>\n<meta name=\"author\" content=\"AFF Admin\" \/>\n<meta name=\"twitter:card\" content=\"summary_large_image\" \/>\n<meta name=\"twitter:creator\" content=\"@ArtFilmFestSVK\" \/>\n<meta name=\"twitter:site\" content=\"@ArtFilmFestSVK\" \/>\n<meta name=\"twitter:label1\" content=\"Written by\" \/>\n\t<meta name=\"twitter:data1\" content=\"AFF Admin\" \/>\n\t<meta name=\"twitter:label2\" content=\"Est. reading time\" \/>\n\t<meta name=\"twitter:data2\" content=\"1 minute\" \/>\n<script type=\"application\/ld+json\" class=\"yoast-schema-graph\">{\"@context\":\"https:\\\/\\\/schema.org\",\"@graph\":[{\"@type\":\"Article\",\"@id\":\"https:\\\/\\\/iffartfilm.com\\\/en\\\/blog\\\/nezaradene\\\/2009\\\/06\\\/tatra-banka-cinema-to-present-kubricks-cult-horror-film-and-the-banned-coach-to-vienna\\\/#article\",\"isPartOf\":{\"@id\":\"https:\\\/\\\/iffartfilm.com\\\/en\\\/blog\\\/nezaradene\\\/2009\\\/06\\\/tatra-banka-cinema-to-present-kubricks-cult-horror-film-and-the-banned-coach-to-vienna\\\/\"},\"author\":{\"name\":\"AFF Admin\",\"@id\":\"https:\\\/\\\/iffartfilm.com\\\/en\\\/#\\\/schema\\\/person\\\/55a097b32d28a560cbcd295bffd8f266\"},\"headline\":\"Tatra Banka Cinema to Present Kubrick\u2019s Cult Horror Film and the Banned Coach to Vienna\",\"datePublished\":\"2009-06-10T08:43:00+00:00\",\"dateModified\":\"2016-02-08T11:39:05+00:00\",\"mainEntityOfPage\":{\"@id\":\"https:\\\/\\\/iffartfilm.com\\\/en\\\/blog\\\/nezaradene\\\/2009\\\/06\\\/tatra-banka-cinema-to-present-kubricks-cult-horror-film-and-the-banned-coach-to-vienna\\\/\"},\"wordCount\":272,\"commentCount\":0,\"publisher\":{\"@id\":\"https:\\\/\\\/iffartfilm.com\\\/en\\\/#organization\"},\"articleSection\":[\"News\",\"Nezaraden\u00e9\"],\"inLanguage\":\"en-US\"},{\"@type\":\"WebPage\",\"@id\":\"https:\\\/\\\/iffartfilm.com\\\/en\\\/blog\\\/nezaradene\\\/2009\\\/06\\\/tatra-banka-cinema-to-present-kubricks-cult-horror-film-and-the-banned-coach-to-vienna\\\/\",\"url\":\"https:\\\/\\\/iffartfilm.com\\\/en\\\/blog\\\/nezaradene\\\/2009\\\/06\\\/tatra-banka-cinema-to-present-kubricks-cult-horror-film-and-the-banned-coach-to-vienna\\\/\",\"name\":\"Tatra Banka Cinema to Present Kubrick\u2019s Cult Horror Film and the Banned Coach to Vienna &#8226; IFF ART FILM\",\"isPartOf\":{\"@id\":\"https:\\\/\\\/iffartfilm.com\\\/en\\\/#website\"},\"datePublished\":\"2009-06-10T08:43:00+00:00\",\"dateModified\":\"2016-02-08T11:39:05+00:00\",\"breadcrumb\":{\"@id\":\"https:\\\/\\\/iffartfilm.com\\\/en\\\/blog\\\/nezaradene\\\/2009\\\/06\\\/tatra-banka-cinema-to-present-kubricks-cult-horror-film-and-the-banned-coach-to-vienna\\\/#breadcrumb\"},\"inLanguage\":\"en-US\",\"potentialAction\":[{\"@type\":\"ReadAction\",\"target\":[\"https:\\\/\\\/iffartfilm.com\\\/en\\\/blog\\\/nezaradene\\\/2009\\\/06\\\/tatra-banka-cinema-to-present-kubricks-cult-horror-film-and-the-banned-coach-to-vienna\\\/\"]}]},{\"@type\":\"BreadcrumbList\",\"@id\":\"https:\\\/\\\/iffartfilm.com\\\/en\\\/blog\\\/nezaradene\\\/2009\\\/06\\\/tatra-banka-cinema-to-present-kubricks-cult-horror-film-and-the-banned-coach-to-vienna\\\/#breadcrumb\",\"itemListElement\":[{\"@type\":\"ListItem\",\"position\":1,\"name\":\"Dom\u00e1ca str\u00e1nka\",\"item\":\"https:\\\/\\\/iffartfilm.com\\\/en\\\/\"},{\"@type\":\"ListItem\",\"position\":2,\"name\":\"Tatra Banka Cinema to Present Kubrick\u2019s Cult Horror Film and the Banned Coach to Vienna\"}]},{\"@type\":\"WebSite\",\"@id\":\"https:\\\/\\\/iffartfilm.com\\\/en\\\/#website\",\"url\":\"https:\\\/\\\/iffartfilm.com\\\/en\\\/\",\"name\":\"IFF ART FILM\",\"description\":\"Medzin\u00e1rodn\u00fd filmov\u00fd festival\",\"publisher\":{\"@id\":\"https:\\\/\\\/iffartfilm.com\\\/en\\\/#organization\"},\"alternateName\":\"Art Film\",\"potentialAction\":[{\"@type\":\"SearchAction\",\"target\":{\"@type\":\"EntryPoint\",\"urlTemplate\":\"https:\\\/\\\/iffartfilm.com\\\/en\\\/?s={search_term_string}\"},\"query-input\":{\"@type\":\"PropertyValueSpecification\",\"valueRequired\":true,\"valueName\":\"search_term_string\"}}],\"inLanguage\":\"en-US\"},{\"@type\":\"Organization\",\"@id\":\"https:\\\/\\\/iffartfilm.com\\\/en\\\/#organization\",\"name\":\"ART FILM FEST, s.r.o.\",\"url\":\"https:\\\/\\\/iffartfilm.com\\\/en\\\/\",\"logo\":{\"@type\":\"ImageObject\",\"inLanguage\":\"en-US\",\"@id\":\"https:\\\/\\\/iffartfilm.com\\\/en\\\/#\\\/schema\\\/logo\\\/image\\\/\",\"url\":\"https:\\\/\\\/iffartfilm.com\\\/wp-content\\\/uploads\\\/2024\\\/11\\\/aff-cinepass-2025.png\",\"contentUrl\":\"https:\\\/\\\/iffartfilm.com\\\/wp-content\\\/uploads\\\/2024\\\/11\\\/aff-cinepass-2025.png\",\"width\":486,\"height\":215,\"caption\":\"ART FILM FEST, s.r.o.\"},\"image\":{\"@id\":\"https:\\\/\\\/iffartfilm.com\\\/en\\\/#\\\/schema\\\/logo\\\/image\\\/\"},\"sameAs\":[\"https:\\\/\\\/www.facebook.com\\\/IFFArtFilmKosice\",\"https:\\\/\\\/x.com\\\/ArtFilmFestSVK\",\"https:\\\/\\\/www.instagram.com\\\/iffartfilmkosice\\\/\",\"https:\\\/\\\/www.youtube.com\\\/user\\\/artfilmfest81\\\/\",\"https:\\\/\\\/www.linkedin.com\\\/company\\\/international-film-festival-art-film\"]},{\"@type\":\"Person\",\"@id\":\"https:\\\/\\\/iffartfilm.com\\\/en\\\/#\\\/schema\\\/person\\\/55a097b32d28a560cbcd295bffd8f266\",\"name\":\"AFF Admin\",\"image\":{\"@type\":\"ImageObject\",\"inLanguage\":\"en-US\",\"@id\":\"https:\\\/\\\/secure.gravatar.com\\\/avatar\\\/5db5d37617da01600ba354e911ea20846b0b249da42f7c6e2aa10bdd0adaa7dc?s=96&d=mm&r=g\",\"url\":\"https:\\\/\\\/secure.gravatar.com\\\/avatar\\\/5db5d37617da01600ba354e911ea20846b0b249da42f7c6e2aa10bdd0adaa7dc?s=96&d=mm&r=g\",\"contentUrl\":\"https:\\\/\\\/secure.gravatar.com\\\/avatar\\\/5db5d37617da01600ba354e911ea20846b0b249da42f7c6e2aa10bdd0adaa7dc?s=96&d=mm&r=g\",\"caption\":\"AFF Admin\"},\"url\":\"https:\\\/\\\/iffartfilm.com\\\/en\\\/blog\\\/author\\\/branor\\\/\"}]}<\/script>\n<!-- \/ Yoast SEO Premium plugin. -->","yoast_head_json":{"title":"Tatra Banka Cinema to Present Kubrick\u2019s Cult Horror Film and the Banned Coach to Vienna &#8226; IFF ART FILM","robots":{"index":"index","follow":"follow","max-snippet":"max-snippet:-1","max-image-preview":"max-image-preview:large","max-video-preview":"max-video-preview:-1"},"canonical":"https:\/\/iffartfilm.com\/en\/blog\/nezaradene\/2009\/06\/tatra-banka-cinema-to-present-kubricks-cult-horror-film-and-the-banned-coach-to-vienna\/","og_locale":"en_US","og_type":"article","og_title":"Tatra Banka Cinema to Present Kubrick\u2019s Cult Horror Film and the Banned Coach to Vienna","og_description":"Once again, Art Film Fest will include an unconventional screening space \u2013 the Tatra Banka Tented Cinema, located in Tren\u010dianske Teplice\u2019s Park.&nbsp;","og_url":"https:\/\/iffartfilm.com\/en\/blog\/nezaradene\/2009\/06\/tatra-banka-cinema-to-present-kubricks-cult-horror-film-and-the-banned-coach-to-vienna\/","og_site_name":"IFF ART FILM","article_publisher":"https:\/\/www.facebook.com\/IFFArtFilmKosice","article_published_time":"2009-06-10T08:43:00+00:00","article_modified_time":"2016-02-08T11:39:05+00:00","og_image":[{"width":1200,"height":628,"url":"https:\/\/iffartfilm.com\/wp-content\/uploads\/2023\/12\/MFF_Art_Film_24_FB_IG_1200x628.jpg","type":"image\/jpeg"}],"author":"AFF Admin","twitter_card":"summary_large_image","twitter_creator":"@ArtFilmFestSVK","twitter_site":"@ArtFilmFestSVK","twitter_misc":{"Written by":"AFF Admin","Est. reading time":"1 minute"},"schema":{"@context":"https:\/\/schema.org","@graph":[{"@type":"Article","@id":"https:\/\/iffartfilm.com\/en\/blog\/nezaradene\/2009\/06\/tatra-banka-cinema-to-present-kubricks-cult-horror-film-and-the-banned-coach-to-vienna\/#article","isPartOf":{"@id":"https:\/\/iffartfilm.com\/en\/blog\/nezaradene\/2009\/06\/tatra-banka-cinema-to-present-kubricks-cult-horror-film-and-the-banned-coach-to-vienna\/"},"author":{"name":"AFF Admin","@id":"https:\/\/iffartfilm.com\/en\/#\/schema\/person\/55a097b32d28a560cbcd295bffd8f266"},"headline":"Tatra Banka Cinema to Present Kubrick\u2019s Cult Horror Film and the Banned Coach to Vienna","datePublished":"2009-06-10T08:43:00+00:00","dateModified":"2016-02-08T11:39:05+00:00","mainEntityOfPage":{"@id":"https:\/\/iffartfilm.com\/en\/blog\/nezaradene\/2009\/06\/tatra-banka-cinema-to-present-kubricks-cult-horror-film-and-the-banned-coach-to-vienna\/"},"wordCount":272,"commentCount":0,"publisher":{"@id":"https:\/\/iffartfilm.com\/en\/#organization"},"articleSection":["News","Nezaraden\u00e9"],"inLanguage":"en-US"},{"@type":"WebPage","@id":"https:\/\/iffartfilm.com\/en\/blog\/nezaradene\/2009\/06\/tatra-banka-cinema-to-present-kubricks-cult-horror-film-and-the-banned-coach-to-vienna\/","url":"https:\/\/iffartfilm.com\/en\/blog\/nezaradene\/2009\/06\/tatra-banka-cinema-to-present-kubricks-cult-horror-film-and-the-banned-coach-to-vienna\/","name":"Tatra Banka Cinema to Present Kubrick\u2019s Cult Horror Film and the Banned Coach to Vienna &#8226; IFF ART FILM","isPartOf":{"@id":"https:\/\/iffartfilm.com\/en\/#website"},"datePublished":"2009-06-10T08:43:00+00:00","dateModified":"2016-02-08T11:39:05+00:00","breadcrumb":{"@id":"https:\/\/iffartfilm.com\/en\/blog\/nezaradene\/2009\/06\/tatra-banka-cinema-to-present-kubricks-cult-horror-film-and-the-banned-coach-to-vienna\/#breadcrumb"},"inLanguage":"en-US","potentialAction":[{"@type":"ReadAction","target":["https:\/\/iffartfilm.com\/en\/blog\/nezaradene\/2009\/06\/tatra-banka-cinema-to-present-kubricks-cult-horror-film-and-the-banned-coach-to-vienna\/"]}]},{"@type":"BreadcrumbList","@id":"https:\/\/iffartfilm.com\/en\/blog\/nezaradene\/2009\/06\/tatra-banka-cinema-to-present-kubricks-cult-horror-film-and-the-banned-coach-to-vienna\/#breadcrumb","itemListElement":[{"@type":"ListItem","position":1,"name":"Dom\u00e1ca str\u00e1nka","item":"https:\/\/iffartfilm.com\/en\/"},{"@type":"ListItem","position":2,"name":"Tatra Banka Cinema to Present Kubrick\u2019s Cult Horror Film and the Banned Coach to Vienna"}]},{"@type":"WebSite","@id":"https:\/\/iffartfilm.com\/en\/#website","url":"https:\/\/iffartfilm.com\/en\/","name":"IFF ART FILM","description":"Medzin\u00e1rodn\u00fd filmov\u00fd festival","publisher":{"@id":"https:\/\/iffartfilm.com\/en\/#organization"},"alternateName":"Art Film","potentialAction":[{"@type":"SearchAction","target":{"@type":"EntryPoint","urlTemplate":"https:\/\/iffartfilm.com\/en\/?s={search_term_string}"},"query-input":{"@type":"PropertyValueSpecification","valueRequired":true,"valueName":"search_term_string"}}],"inLanguage":"en-US"},{"@type":"Organization","@id":"https:\/\/iffartfilm.com\/en\/#organization","name":"ART FILM FEST, s.r.o.","url":"https:\/\/iffartfilm.com\/en\/","logo":{"@type":"ImageObject","inLanguage":"en-US","@id":"https:\/\/iffartfilm.com\/en\/#\/schema\/logo\/image\/","url":"https:\/\/iffartfilm.com\/wp-content\/uploads\/2024\/11\/aff-cinepass-2025.png","contentUrl":"https:\/\/iffartfilm.com\/wp-content\/uploads\/2024\/11\/aff-cinepass-2025.png","width":486,"height":215,"caption":"ART FILM FEST, s.r.o."},"image":{"@id":"https:\/\/iffartfilm.com\/en\/#\/schema\/logo\/image\/"},"sameAs":["https:\/\/www.facebook.com\/IFFArtFilmKosice","https:\/\/x.com\/ArtFilmFestSVK","https:\/\/www.instagram.com\/iffartfilmkosice\/","https:\/\/www.youtube.com\/user\/artfilmfest81\/","https:\/\/www.linkedin.com\/company\/international-film-festival-art-film"]},{"@type":"Person","@id":"https:\/\/iffartfilm.com\/en\/#\/schema\/person\/55a097b32d28a560cbcd295bffd8f266","name":"AFF Admin","image":{"@type":"ImageObject","inLanguage":"en-US","@id":"https:\/\/secure.gravatar.com\/avatar\/5db5d37617da01600ba354e911ea20846b0b249da42f7c6e2aa10bdd0adaa7dc?s=96&d=mm&r=g","url":"https:\/\/secure.gravatar.com\/avatar\/5db5d37617da01600ba354e911ea20846b0b249da42f7c6e2aa10bdd0adaa7dc?s=96&d=mm&r=g","contentUrl":"https:\/\/secure.gravatar.com\/avatar\/5db5d37617da01600ba354e911ea20846b0b249da42f7c6e2aa10bdd0adaa7dc?s=96&d=mm&r=g","caption":"AFF Admin"},"url":"https:\/\/iffartfilm.com\/en\/blog\/author\/branor\/"}]}},"_links":{"self":[{"href":"https:\/\/iffartfilm.com\/en\/wp-json\/wp\/v2\/posts\/2710","targetHints":{"allow":["GET"]}}],"collection":[{"href":"https:\/\/iffartfilm.com\/en\/wp-json\/wp\/v2\/posts"}],"about":[{"href":"https:\/\/iffartfilm.com\/en\/wp-json\/wp\/v2\/types\/post"}],"author":[{"embeddable":true,"href":"https:\/\/iffartfilm.com\/en\/wp-json\/wp\/v2\/users\/2"}],"replies":[{"embeddable":true,"href":"https:\/\/iffartfilm.com\/en\/wp-json\/wp\/v2\/comments?post=2710"}],"version-history":[{"count":0,"href":"https:\/\/iffartfilm.com\/en\/wp-json\/wp\/v2\/posts\/2710\/revisions"}],"wp:attachment":[{"href":"https:\/\/iffartfilm.com\/en\/wp-json\/wp\/v2\/media?parent=2710"}],"wp:term":[{"taxonomy":"category","embeddable":true,"href":"https:\/\/iffartfilm.com\/en\/wp-json\/wp\/v2\/categories?post=2710"},{"taxonomy":"post_tag","embeddable":true,"href":"https:\/\/iffartfilm.com\/en\/wp-json\/wp\/v2\/tags?post=2710"}],"curies":[{"name":"wp","href":"https:\/\/api.w.org\/{rel}","templated":true}]}}