{"id":2708,"date":"2009-06-10T14:43:00","date_gmt":"2009-06-10T13:43:00","guid":{"rendered":"https:\/\/www.artfilmfest.sk\/en\/blog\/uncategorized\/2009\/06\/international-jury-to-run-art-film-fest\/"},"modified":"2016-02-08T12:39:04","modified_gmt":"2016-02-08T11:39:04","slug":"international-jury-to-run-art-film-fest","status":"publish","type":"post","link":"https:\/\/iffartfilm.com\/en\/blog\/news\/2009\/06\/international-jury-to-run-art-film-fest\/","title":{"rendered":"International Jury to Run Art Film Fest"},"content":{"rendered":"<p>The jury will feature Hungarian artist Eniko Eszenyi, whose accomplishments include a Critics\u2019 Award and other prizes for best actress and director. She has performed in over fifty films. As soon as she graduated from the University of Drama, Film and Television in Budapest, she obtained an engagement at Hungary\u2019s biggest theatre. Before long she was taking lead roles and creating her own programme, and in 1992 she became the theatre\u2019s director. Since then she has been offered numerous positions at home and abroad, and she has worked in places such as Prague, Bratislava and even Washington, D.C. Another member of Art Film Fest\u2019s main jury will be German curator, dramaturge and film festival director <b>Heiko Fischer<\/b>. She has worked as project manager of Film Festival Cottbus as well as Braunschweig International Film Festival. She is the founder and current director of the Neisse Film Festival, which has since 2004 been held where the borders of Germany, Poland, and the Czech Republic meet. She has also functioned as the programme curator for the German film club Kommunales Kino Cottbus, and since 2000, for the Polish film festival Lubuskie Film Summer as well. The juror\u2019s bench will also welcome American critic and publicist <b>Jay Weissberg<\/b>.&nbsp; Living in Rome since 2001, he is an expert on Italian cinema. In 2003 he became a part of the team at the prestigious magazine <i>Variety<\/i>, where he is their resident critic of Italian film. His articles have also appeared in the specialised periodicals <i>Sight and Sound<\/i> and <i>Senses of Cinema<\/i>. He regularly takes part in numerous panel discussions and is invited to festival juries throughout Europe.<br \/>Arriving from the neighbouring Czech Republic, actor and director <b>Jan Ka\u010der <\/b>will grace the festival jury as well. In 1960 he graduated from the direction department of the Theatre Faculty at the Academy of Performing Arts in Prague.&nbsp; While still a student he worked at Ostrava\u2019s P. Bezru\u010da Theatre. His first leading film role was given by the Oscar-winning directors J\u00e1n Kad\u00e1r and&nbsp;Elmar Klos, in the novel-based film <i>Death Is Called Engelchen<\/i>.<br \/>In the 1960s and 70s, he was a founding member of Prague\u2019s \u010cinohern\u00ed Klub.&nbsp; There he functioned as director, with plays such as <i>The Cherry Orchard<\/i>, <i>The Inspector General <\/i>and <i>The Lower Depths<\/i> under his belt.&nbsp; As an actor, he appeared as Raskolnikov in the play <i>Crime and Punishment<\/i>. At the end of the 1970s, he became a member of E. F. Buriana Theatre in Prague and of Ostrava\u2019s St\u00e1tn\u00ed Divadlo. He also made guest appearances at other theatres, and even directed at Oslo\u2019s National Theatre. From 1990 to 1997, he directed plays at the National Theatre in Prague. And over the course of his career, Jan Ka\u010der hasn\u2019t avoided film or television either.<br \/>Slovakia will be represented in the five-member international jury by actress, singer and globetrotter <b>Dorota Nvotov\u00e1<\/b>. At the tender age of six, this daughter of actress Anna \u0160i\u0161kov\u00e1 appeared in the television film <i>Tajomstv\u00e1 pod vie\u010dkami<\/i> (Secrets Under Lids), directed by Juraj Nvota, and in the fairy-tale <i>Sleeping Beauty<\/i>, directed by Stanislav P\u00e1rnicky. As a nine-year-old, she acted in the children\u2019s musical <i>Bambi<\/i>, and at ten in Astorka Theatre. She has been shooting films since she was fourteen. She has performed in the films <i>Orbis Pictus<\/i>, <i>Landscape<\/i>, <i>Girlie<\/i>, <i>Coal Tower<\/i>, <i>A Matter of Life<\/i> and <i>Music<\/i>. She was a member of the Czech-Slovak musical collective Overground, where she sang, while also singing as a member of the cult group Slobodn\u00e1 Eur\u00f3pa, known by the nickname \u201cWhisky\u201d. Later she set off on her solo career. Among Art Film Fest\u2019s most diverse sections is the <b>Competition of Short Films<\/b>.&nbsp; The section\u2019s draw lies in the variety of its line-up, which will offer more than forty new releases from Iceland and New Zealand to Chile and the Phillippines.&nbsp; The award for best short film is coupled with a monetary prize of five-thousand euros for the director of the winning film, which will be decided by a three-member international jury, including distinguished Polish film historian and theorist <b>Jadwiga Glowa<\/b>, who holds the position of professor at Jagiellonian University.&nbsp; She already has a wealth of experience serving in film festival juries in many corners of the globe. One of her fellow-jurors will be Romanian screenwriter and director <b>Adrian Sitaru<\/b>. For his 2007 short film <i>Waves<\/i>, he won a Golden Leopard at the Locarno Film Festival and an award at the Sarajevo festival, in addition to over twenty other prizes. The picture even made it into the Official Competition of the 2008 Sundance Festival.<br \/>In 2008 he completed his first feature-length film, <i>Hooked<\/i>, which was selected for festivals in Venice and Toronto, screened at the Bratislava International Film Festival and awarded at festivals in Palm Springs, Thessaloniki and Buenos Aires. Slovakia will be represented by animator, director and producer <b>Ivana Zajacov\u00e1<\/b>. She graduated from the Animation Department of the Academy of Music and Dramatic Arts in Bratislava, where she currently teaches. Her bachelor\u2019s project <i>To Know<\/i> received the jury\u2019s recognition at the 2000 Cineteca Bologna festival in Italy, and was included in the official corporate presentation KODAK Talent 2000 at Cannes. Her graduation project, <i>NAZDRAV\u00cd\u010cKO! <\/i>(Gesundheit!), which she co-directed with Jozef Mita\u013e, was awarded with the 2006 Sun in a&nbsp;Net National Film Award in the Animated Film category. Holding positions from animated actress, designer and animator to production, she has co-operated on pictures by a&nbsp;variety of filmmakers, such as <i>Today is My First Date<\/i> from director Boris \u0160\u00edma and <i>Pik a Nik<\/i> from director Martin Snopek. In 2006 she established a&nbsp;company focusing on the production of animated films, and has since worked on various projects as producer. The first title produced by her company, director Ivana \u0160ebestov\u00e1\u2019s <i>Four<\/i>, was premiered in December 2007, and has since then amassed numerous international awards. &#8212;&#8212;&#8212;&#8212;&#8212;&#8212;&#8212;&#8212;&#8212;&#8212;&#8212;&#8212;&#8212;&#8212;&#8212;&#8212;&#8212;&#8212;&#8212;&#8212;&#8212;&#8212;&#8212;&#8212;&#8212;&#8212;&#8212;&#8212;&#8212;&#8212;&#8212;&#8212;&#8212;&#8212;&#8212;&#8211; <b>Organizers:<\/b> ART FILM, n.o., FORZA Production House <b>Co-Organizers:<\/b> the Town of Tren\u010dianske Teplice, the Town of Tren\u010d\u00edn, Health Spa Tren\u010dianske Teplice<b><br \/>The Festival is made possible through the financial support of the Ministry of Culture of the Slovak Republic<\/b>.<\/p>\n<p> <b>General Sponsors:<\/b> AquaCity Poprad, zdravotn\u00e1 pois\u0165ov\u0148a D\u00f4vera<br \/> <b>Main Sponsors:<\/b> Omnia Holding, Tatra banka, Tauris, the Central European Foundation,&nbsp;Slovnaft <b>Official Transport Provider:<\/b> Lancia&nbsp; <b>Logistics Sponsor:<\/b> DHL <b>Sponsors:<\/b> Provimi Pet Food, Dr. Max,&nbsp; Enagro, Hotel Baske, AVI Studio <b>Official Suppliers:<\/b> Hubert, Parkhotel na Bara\u010dke, GS design, Segafredo Zanetti SR, Philips, Via France <b>Slovak cinema is brought to you by <\/b>Zlat\u00fd Ba\u017eant<b><\/b> <b>Main Media Sponsors:<\/b> Slovensk\u00e1 telev\u00edzia, Pravda, Zoznam.sk, Boomerang, \u017durn\u00e1l <b>Media Sponsors:<\/b> telev\u00edzia Mark\u00edza, FilmBox, Telev\u00edzia Central, R\u00e1dio Okey, R\u00e1dio Hit FM, Mark\u00edza, Pardon, Cinemax,&nbsp;Kam do mesta, port.sk, kedykam.sk, superobed.sk, ISPA, SITA, Q-EX, Tren\u010dianske Echo <b>Partners:<\/b> Hotel Praha, Hotel Fl\u00f3ra, Hotel Tatra, Slovak Film Institute, Italian Cultural Institute Bratislava, CzechTourism, Intersonic, Tatrafilm, Slovak Film and Television Academy, Esterle &amp; Esterle, lampART, Celtima<\/p>\n","protected":false},"excerpt":{"rendered":"<p>The jury will feature Hungarian artist Eniko Eszenyi, whose accomplishments include a Critics\u2019 Award and other prizes","protected":false},"author":2,"featured_media":0,"comment_status":"open","ping_status":"open","sticky":false,"template":"","format":"standard","meta":{"_acf_changed":false,"footnotes":""},"categories":[17],"tags":[],"class_list":["post-2708","post","type-post","status-publish","format-standard","hentry","category-news"],"acf":[],"yoast_head":"<!-- This site is optimized with the Yoast SEO Premium plugin v27.2 (Yoast SEO v27.4) - https:\/\/yoast.com\/product\/yoast-seo-premium-wordpress\/ -->\n<title>International Jury to Run Art Film Fest &#8226; IFF ART FILM<\/title>\n<meta name=\"robots\" content=\"index, follow, max-snippet:-1, max-image-preview:large, max-video-preview:-1\" \/>\n<link rel=\"canonical\" href=\"https:\/\/iffartfilm.com\/en\/blog\/news\/2009\/06\/international-jury-to-run-art-film-fest\/\" \/>\n<meta property=\"og:locale\" content=\"en_US\" \/>\n<meta property=\"og:type\" content=\"article\" \/>\n<meta property=\"og:title\" content=\"International Jury to Run Art Film Fest\" \/>\n<meta property=\"og:description\" content=\"The jury will feature Hungarian artist Eniko Eszenyi, whose accomplishments include a Critics\u2019 Award and other prizes for best actress and director. She\" \/>\n<meta property=\"og:url\" content=\"https:\/\/iffartfilm.com\/en\/blog\/news\/2009\/06\/international-jury-to-run-art-film-fest\/\" \/>\n<meta property=\"og:site_name\" content=\"IFF ART FILM\" \/>\n<meta property=\"article:publisher\" content=\"https:\/\/www.facebook.com\/IFFArtFilmKosice\" \/>\n<meta property=\"article:published_time\" content=\"2009-06-10T13:43:00+00:00\" \/>\n<meta property=\"article:modified_time\" content=\"2016-02-08T11:39:04+00:00\" \/>\n<meta property=\"og:image\" content=\"https:\/\/iffartfilm.com\/wp-content\/uploads\/2023\/12\/MFF_Art_Film_24_FB_IG_1200x628.jpg\" \/>\n\t<meta property=\"og:image:width\" content=\"1200\" \/>\n\t<meta property=\"og:image:height\" content=\"628\" \/>\n\t<meta property=\"og:image:type\" content=\"image\/jpeg\" \/>\n<meta name=\"author\" content=\"AFF Admin\" \/>\n<meta name=\"twitter:card\" content=\"summary_large_image\" \/>\n<meta name=\"twitter:creator\" content=\"@ArtFilmFestSVK\" \/>\n<meta name=\"twitter:site\" content=\"@ArtFilmFestSVK\" \/>\n<meta name=\"twitter:label1\" content=\"Written by\" \/>\n\t<meta name=\"twitter:data1\" content=\"AFF Admin\" \/>\n\t<meta name=\"twitter:label2\" content=\"Est. reading time\" \/>\n\t<meta name=\"twitter:data2\" content=\"6 minutes\" \/>\n<script type=\"application\/ld+json\" class=\"yoast-schema-graph\">{\"@context\":\"https:\\\/\\\/schema.org\",\"@graph\":[{\"@type\":\"Article\",\"@id\":\"https:\\\/\\\/iffartfilm.com\\\/en\\\/blog\\\/news\\\/2009\\\/06\\\/international-jury-to-run-art-film-fest\\\/#article\",\"isPartOf\":{\"@id\":\"https:\\\/\\\/iffartfilm.com\\\/en\\\/blog\\\/news\\\/2009\\\/06\\\/international-jury-to-run-art-film-fest\\\/\"},\"author\":{\"name\":\"AFF Admin\",\"@id\":\"https:\\\/\\\/iffartfilm.com\\\/en\\\/#\\\/schema\\\/person\\\/55a097b32d28a560cbcd295bffd8f266\"},\"headline\":\"International Jury to Run Art Film Fest\",\"datePublished\":\"2009-06-10T13:43:00+00:00\",\"dateModified\":\"2016-02-08T11:39:04+00:00\",\"mainEntityOfPage\":{\"@id\":\"https:\\\/\\\/iffartfilm.com\\\/en\\\/blog\\\/news\\\/2009\\\/06\\\/international-jury-to-run-art-film-fest\\\/\"},\"wordCount\":1184,\"commentCount\":0,\"publisher\":{\"@id\":\"https:\\\/\\\/iffartfilm.com\\\/en\\\/#organization\"},\"articleSection\":[\"News\"],\"inLanguage\":\"en-US\"},{\"@type\":\"WebPage\",\"@id\":\"https:\\\/\\\/iffartfilm.com\\\/en\\\/blog\\\/news\\\/2009\\\/06\\\/international-jury-to-run-art-film-fest\\\/\",\"url\":\"https:\\\/\\\/iffartfilm.com\\\/en\\\/blog\\\/news\\\/2009\\\/06\\\/international-jury-to-run-art-film-fest\\\/\",\"name\":\"International Jury to Run Art Film Fest &#8226; IFF ART FILM\",\"isPartOf\":{\"@id\":\"https:\\\/\\\/iffartfilm.com\\\/en\\\/#website\"},\"datePublished\":\"2009-06-10T13:43:00+00:00\",\"dateModified\":\"2016-02-08T11:39:04+00:00\",\"breadcrumb\":{\"@id\":\"https:\\\/\\\/iffartfilm.com\\\/en\\\/blog\\\/news\\\/2009\\\/06\\\/international-jury-to-run-art-film-fest\\\/#breadcrumb\"},\"inLanguage\":\"en-US\",\"potentialAction\":[{\"@type\":\"ReadAction\",\"target\":[\"https:\\\/\\\/iffartfilm.com\\\/en\\\/blog\\\/news\\\/2009\\\/06\\\/international-jury-to-run-art-film-fest\\\/\"]}]},{\"@type\":\"BreadcrumbList\",\"@id\":\"https:\\\/\\\/iffartfilm.com\\\/en\\\/blog\\\/news\\\/2009\\\/06\\\/international-jury-to-run-art-film-fest\\\/#breadcrumb\",\"itemListElement\":[{\"@type\":\"ListItem\",\"position\":1,\"name\":\"Dom\u00e1ca str\u00e1nka\",\"item\":\"https:\\\/\\\/iffartfilm.com\\\/en\\\/\"},{\"@type\":\"ListItem\",\"position\":2,\"name\":\"International Jury to Run Art Film Fest\"}]},{\"@type\":\"WebSite\",\"@id\":\"https:\\\/\\\/iffartfilm.com\\\/en\\\/#website\",\"url\":\"https:\\\/\\\/iffartfilm.com\\\/en\\\/\",\"name\":\"IFF ART FILM\",\"description\":\"Medzin\u00e1rodn\u00fd filmov\u00fd festival\",\"publisher\":{\"@id\":\"https:\\\/\\\/iffartfilm.com\\\/en\\\/#organization\"},\"alternateName\":\"Art Film\",\"potentialAction\":[{\"@type\":\"SearchAction\",\"target\":{\"@type\":\"EntryPoint\",\"urlTemplate\":\"https:\\\/\\\/iffartfilm.com\\\/en\\\/?s={search_term_string}\"},\"query-input\":{\"@type\":\"PropertyValueSpecification\",\"valueRequired\":true,\"valueName\":\"search_term_string\"}}],\"inLanguage\":\"en-US\"},{\"@type\":\"Organization\",\"@id\":\"https:\\\/\\\/iffartfilm.com\\\/en\\\/#organization\",\"name\":\"ART FILM FEST, s.r.o.\",\"url\":\"https:\\\/\\\/iffartfilm.com\\\/en\\\/\",\"logo\":{\"@type\":\"ImageObject\",\"inLanguage\":\"en-US\",\"@id\":\"https:\\\/\\\/iffartfilm.com\\\/en\\\/#\\\/schema\\\/logo\\\/image\\\/\",\"url\":\"https:\\\/\\\/iffartfilm.com\\\/wp-content\\\/uploads\\\/2024\\\/11\\\/aff-cinepass-2025.png\",\"contentUrl\":\"https:\\\/\\\/iffartfilm.com\\\/wp-content\\\/uploads\\\/2024\\\/11\\\/aff-cinepass-2025.png\",\"width\":486,\"height\":215,\"caption\":\"ART FILM FEST, s.r.o.\"},\"image\":{\"@id\":\"https:\\\/\\\/iffartfilm.com\\\/en\\\/#\\\/schema\\\/logo\\\/image\\\/\"},\"sameAs\":[\"https:\\\/\\\/www.facebook.com\\\/IFFArtFilmKosice\",\"https:\\\/\\\/x.com\\\/ArtFilmFestSVK\",\"https:\\\/\\\/www.instagram.com\\\/iffartfilmkosice\\\/\",\"https:\\\/\\\/www.youtube.com\\\/user\\\/artfilmfest81\\\/\",\"https:\\\/\\\/www.linkedin.com\\\/company\\\/international-film-festival-art-film\"]},{\"@type\":\"Person\",\"@id\":\"https:\\\/\\\/iffartfilm.com\\\/en\\\/#\\\/schema\\\/person\\\/55a097b32d28a560cbcd295bffd8f266\",\"name\":\"AFF Admin\",\"image\":{\"@type\":\"ImageObject\",\"inLanguage\":\"en-US\",\"@id\":\"https:\\\/\\\/secure.gravatar.com\\\/avatar\\\/5db5d37617da01600ba354e911ea20846b0b249da42f7c6e2aa10bdd0adaa7dc?s=96&d=mm&r=g\",\"url\":\"https:\\\/\\\/secure.gravatar.com\\\/avatar\\\/5db5d37617da01600ba354e911ea20846b0b249da42f7c6e2aa10bdd0adaa7dc?s=96&d=mm&r=g\",\"contentUrl\":\"https:\\\/\\\/secure.gravatar.com\\\/avatar\\\/5db5d37617da01600ba354e911ea20846b0b249da42f7c6e2aa10bdd0adaa7dc?s=96&d=mm&r=g\",\"caption\":\"AFF Admin\"},\"url\":\"https:\\\/\\\/iffartfilm.com\\\/en\\\/blog\\\/author\\\/branor\\\/\"}]}<\/script>\n<!-- \/ Yoast SEO Premium plugin. -->","yoast_head_json":{"title":"International Jury to Run Art Film Fest &#8226; IFF ART FILM","robots":{"index":"index","follow":"follow","max-snippet":"max-snippet:-1","max-image-preview":"max-image-preview:large","max-video-preview":"max-video-preview:-1"},"canonical":"https:\/\/iffartfilm.com\/en\/blog\/news\/2009\/06\/international-jury-to-run-art-film-fest\/","og_locale":"en_US","og_type":"article","og_title":"International Jury to Run Art Film Fest","og_description":"The jury will feature Hungarian artist Eniko Eszenyi, whose accomplishments include a Critics\u2019 Award and other prizes for best actress and director. She","og_url":"https:\/\/iffartfilm.com\/en\/blog\/news\/2009\/06\/international-jury-to-run-art-film-fest\/","og_site_name":"IFF ART FILM","article_publisher":"https:\/\/www.facebook.com\/IFFArtFilmKosice","article_published_time":"2009-06-10T13:43:00+00:00","article_modified_time":"2016-02-08T11:39:04+00:00","og_image":[{"width":1200,"height":628,"url":"https:\/\/iffartfilm.com\/wp-content\/uploads\/2023\/12\/MFF_Art_Film_24_FB_IG_1200x628.jpg","type":"image\/jpeg"}],"author":"AFF Admin","twitter_card":"summary_large_image","twitter_creator":"@ArtFilmFestSVK","twitter_site":"@ArtFilmFestSVK","twitter_misc":{"Written by":"AFF Admin","Est. reading time":"6 minutes"},"schema":{"@context":"https:\/\/schema.org","@graph":[{"@type":"Article","@id":"https:\/\/iffartfilm.com\/en\/blog\/news\/2009\/06\/international-jury-to-run-art-film-fest\/#article","isPartOf":{"@id":"https:\/\/iffartfilm.com\/en\/blog\/news\/2009\/06\/international-jury-to-run-art-film-fest\/"},"author":{"name":"AFF Admin","@id":"https:\/\/iffartfilm.com\/en\/#\/schema\/person\/55a097b32d28a560cbcd295bffd8f266"},"headline":"International Jury to Run Art Film Fest","datePublished":"2009-06-10T13:43:00+00:00","dateModified":"2016-02-08T11:39:04+00:00","mainEntityOfPage":{"@id":"https:\/\/iffartfilm.com\/en\/blog\/news\/2009\/06\/international-jury-to-run-art-film-fest\/"},"wordCount":1184,"commentCount":0,"publisher":{"@id":"https:\/\/iffartfilm.com\/en\/#organization"},"articleSection":["News"],"inLanguage":"en-US"},{"@type":"WebPage","@id":"https:\/\/iffartfilm.com\/en\/blog\/news\/2009\/06\/international-jury-to-run-art-film-fest\/","url":"https:\/\/iffartfilm.com\/en\/blog\/news\/2009\/06\/international-jury-to-run-art-film-fest\/","name":"International Jury to Run Art Film Fest &#8226; IFF ART FILM","isPartOf":{"@id":"https:\/\/iffartfilm.com\/en\/#website"},"datePublished":"2009-06-10T13:43:00+00:00","dateModified":"2016-02-08T11:39:04+00:00","breadcrumb":{"@id":"https:\/\/iffartfilm.com\/en\/blog\/news\/2009\/06\/international-jury-to-run-art-film-fest\/#breadcrumb"},"inLanguage":"en-US","potentialAction":[{"@type":"ReadAction","target":["https:\/\/iffartfilm.com\/en\/blog\/news\/2009\/06\/international-jury-to-run-art-film-fest\/"]}]},{"@type":"BreadcrumbList","@id":"https:\/\/iffartfilm.com\/en\/blog\/news\/2009\/06\/international-jury-to-run-art-film-fest\/#breadcrumb","itemListElement":[{"@type":"ListItem","position":1,"name":"Dom\u00e1ca str\u00e1nka","item":"https:\/\/iffartfilm.com\/en\/"},{"@type":"ListItem","position":2,"name":"International Jury to Run Art Film Fest"}]},{"@type":"WebSite","@id":"https:\/\/iffartfilm.com\/en\/#website","url":"https:\/\/iffartfilm.com\/en\/","name":"IFF ART FILM","description":"Medzin\u00e1rodn\u00fd filmov\u00fd festival","publisher":{"@id":"https:\/\/iffartfilm.com\/en\/#organization"},"alternateName":"Art Film","potentialAction":[{"@type":"SearchAction","target":{"@type":"EntryPoint","urlTemplate":"https:\/\/iffartfilm.com\/en\/?s={search_term_string}"},"query-input":{"@type":"PropertyValueSpecification","valueRequired":true,"valueName":"search_term_string"}}],"inLanguage":"en-US"},{"@type":"Organization","@id":"https:\/\/iffartfilm.com\/en\/#organization","name":"ART FILM FEST, s.r.o.","url":"https:\/\/iffartfilm.com\/en\/","logo":{"@type":"ImageObject","inLanguage":"en-US","@id":"https:\/\/iffartfilm.com\/en\/#\/schema\/logo\/image\/","url":"https:\/\/iffartfilm.com\/wp-content\/uploads\/2024\/11\/aff-cinepass-2025.png","contentUrl":"https:\/\/iffartfilm.com\/wp-content\/uploads\/2024\/11\/aff-cinepass-2025.png","width":486,"height":215,"caption":"ART FILM FEST, s.r.o."},"image":{"@id":"https:\/\/iffartfilm.com\/en\/#\/schema\/logo\/image\/"},"sameAs":["https:\/\/www.facebook.com\/IFFArtFilmKosice","https:\/\/x.com\/ArtFilmFestSVK","https:\/\/www.instagram.com\/iffartfilmkosice\/","https:\/\/www.youtube.com\/user\/artfilmfest81\/","https:\/\/www.linkedin.com\/company\/international-film-festival-art-film"]},{"@type":"Person","@id":"https:\/\/iffartfilm.com\/en\/#\/schema\/person\/55a097b32d28a560cbcd295bffd8f266","name":"AFF Admin","image":{"@type":"ImageObject","inLanguage":"en-US","@id":"https:\/\/secure.gravatar.com\/avatar\/5db5d37617da01600ba354e911ea20846b0b249da42f7c6e2aa10bdd0adaa7dc?s=96&d=mm&r=g","url":"https:\/\/secure.gravatar.com\/avatar\/5db5d37617da01600ba354e911ea20846b0b249da42f7c6e2aa10bdd0adaa7dc?s=96&d=mm&r=g","contentUrl":"https:\/\/secure.gravatar.com\/avatar\/5db5d37617da01600ba354e911ea20846b0b249da42f7c6e2aa10bdd0adaa7dc?s=96&d=mm&r=g","caption":"AFF Admin"},"url":"https:\/\/iffartfilm.com\/en\/blog\/author\/branor\/"}]}},"_links":{"self":[{"href":"https:\/\/iffartfilm.com\/en\/wp-json\/wp\/v2\/posts\/2708","targetHints":{"allow":["GET"]}}],"collection":[{"href":"https:\/\/iffartfilm.com\/en\/wp-json\/wp\/v2\/posts"}],"about":[{"href":"https:\/\/iffartfilm.com\/en\/wp-json\/wp\/v2\/types\/post"}],"author":[{"embeddable":true,"href":"https:\/\/iffartfilm.com\/en\/wp-json\/wp\/v2\/users\/2"}],"replies":[{"embeddable":true,"href":"https:\/\/iffartfilm.com\/en\/wp-json\/wp\/v2\/comments?post=2708"}],"version-history":[{"count":0,"href":"https:\/\/iffartfilm.com\/en\/wp-json\/wp\/v2\/posts\/2708\/revisions"}],"wp:attachment":[{"href":"https:\/\/iffartfilm.com\/en\/wp-json\/wp\/v2\/media?parent=2708"}],"wp:term":[{"taxonomy":"category","embeddable":true,"href":"https:\/\/iffartfilm.com\/en\/wp-json\/wp\/v2\/categories?post=2708"},{"taxonomy":"post_tag","embeddable":true,"href":"https:\/\/iffartfilm.com\/en\/wp-json\/wp\/v2\/tags?post=2708"}],"curies":[{"name":"wp","href":"https:\/\/api.w.org\/{rel}","templated":true}]}}