{"id":2704,"date":"2009-06-10T15:50:00","date_gmt":"2009-06-10T14:50:00","guid":{"rendered":"https:\/\/www.artfilmfest.sk\/en\/blog\/uncategorized\/2009\/06\/art-film-fest-with-famous-films-and-famous-people\/"},"modified":"2016-02-08T12:39:03","modified_gmt":"2016-02-08T11:39:03","slug":"art-film-fest-with-famous-films-and-famous-people","status":"publish","type":"post","link":"https:\/\/iffartfilm.com\/en\/blog\/news\/2009\/06\/art-film-fest-with-famous-films-and-famous-people\/","title":{"rendered":"Art Film Fest With Famous Films and Famous People"},"content":{"rendered":"<p>This year, when we started to put together the programme for the 17th edition, I must confess that I was faced with doubts that we would be able to offer a sufficient quantity of films. Now, as we finalise the programme, I am seized by yet more doubts: whether we will find enough screening space for the sheer amount of selected films. What does that tell us? That the art of cinema is not doing nearly as badly as is often claimed. And perhaps also that the world knows substantially more about this festival than we are willing to admit here,\u201d said Art Film Fest\u2019s programme director Peter N\u00e1gel. The number of films at Art Film Fest has increased since last year. \u201cI hope that the audience appreciates that, and not just the long-time attendees, but also the newcomers who we hope will visit the festival\u2019s famous places. Tren\u010dianske Teplice\u2019s truly unique appeal and the inimitable atmosphere of the characteristic spa-town surroundings are as important to our festival\u2019s success as its plentiful film selection and accompanying events,\u201d he added. As in previous years, Art Film Fest will confer the exclusive festival prize <b>the Actor\u2019s Mission Award<\/b> for acting achievement to two figures of world cinema and two <b>Golden Camera<\/b> prizes for outstanding contributions to the art of cinema. On <b>Saturday, 20 June <\/b>in Tren\u010dianske Teplice, the Actor\u2019s Mission Award will be personally accepted and a bronze plaque personally fixed on the Bridge of Fame by world-famous British actor <b>Jeremy Irons<\/b> and on<b> Friday, <b>26 June <\/b>by Czech actor <b>Jarom\u00edr Hanzl\u00edk<\/b>.<\/b> The Golden Camera will be granted to famed Italian director <b>Ettore Scola<\/b>, who will accept it right at the opening of Art Film Fest on <b>Friday, 19 June<\/b>, and to the grande dame of Czech film, director <b>V\u011bra Chytilov\u00e1<\/b>, who arrives on <b>Saturday,<\/b> <b>27 June<\/b> to accept her prize. <span style=\"font-family: Arial;\" lang=\"EN-GB\"><\/span> This year\u2019s Art Film Fest will feature two competition sections. <b>The International Competition of Feature Films<\/b> will be judged by a five-member international jury, which will include Hungarian actress and director <b>Eniko Eszenyi<\/b>, German curator, dramaturge and film festival director <b>Heiko Fischer<\/b>, American critic and publicist <b>Jay Weissberg<\/b>, <b>Czech<\/b> actor and director <b>Jan Ka\u010der <\/b>and <b>Slovak<\/b> actress, singer and world traveller <b>Dorota Nvotov\u00e1<\/b>. The winner will receive the <b>Blue Angel Award <\/b>and fifteen-thousand euros. <b>The Competition of Short Films<\/b> will be judged by a three-member jury composed of: Polish film historian and theorist <b>Jadwiga Glowa<\/b>, Romanian screenwriter and director <b>Adrian Sitaru <\/b>and Slovak animator, director and producer <b>Ivana Zajacov\u00e1<\/b>. In addition to competition sections, Art Film Fest will also feature informative, non-competitive sections. <b>Slovak Season <\/b>will feature a selection of current Slovak pictures, including premieres. Audiences await, for example, director Ivan Vojn\u00e1r\u2019s long-anticipated film with the working title \u201cFlowers of Sakura\u201d, which will arrive at the cinemas as <i>My Husband\u2019s Women<\/i>. The festival will present films such as <i>Soul at Peace<\/i>, <i>Tango with Mosquitoes<\/i>, <i>Cooking History<\/i>, <i>Heaven, Hell\u2026 Earth<\/i> and <i>Broken Promise<\/i>. The section <b>Dancing 80\u2019s <\/b>contains pictures that for over twenty years have reminded multiple generations of their unforgettable dance numbers and hit songs. Audiences can look forward to <i>Fame<\/i> from director Alan Parker and <i>All That Jazz<\/i> from director Bob Fosse. Each dance film will be personally introduced to the audience by well-known Slovak dancer and choreographer J\u00e1n \u010eurov\u010d\u00edk.  Festival president Milan Lasica has hand-picked his favourite comedies for the section <b>Best of Comedy<\/b>, where he will personally introduce films such as <i>Beauties of the Night <\/i>with the legendary Gina Lollobrigida. The section <b>Around the World<\/b> contains true gems of world cinema. Among the confirmed films is winner of the latest festival in Venice and Oscar nominee <i>Wrestler<\/i> from director Darren Aronofsky, featuring the celebrated comeback of Mickey Rourke. We are also anticipating film portraits of George W. Bush, Che Guevara and Mike Tyson. The section <b>European Corner<\/b> will bring Art Film Fest the latest adaptation of the legend of Elizabeth Bathory, countess of \u010cachtice. The picture <i>The Countess <\/i>was shot and starred in by renowned French actress and director Julie Delpy. The film had its world premiere at the recent prestigious Berlin festival. <b>Cult!<\/b> will present films which have made cinema history. <b>Love &amp; Anarchy <\/b>surveys the latest trends of European, American and Asian film. <b>Late Night Show <\/b>will once again feature a selection of shocking and unique works. Art Film Fest will also commemorate the twentieth anniversary of the November, 1989 revolution. Festival cinemas will screen two pictures dedicated to this extraordinary historical event. The American documentary <i>The Power of the Powerless <\/i>from director Cory Taylor chronologically traces the Velvet Revolution in the streets of Prague and Bratislava and examines the harmful effects of \u201cerasing\u201d history. The film is also unique in being narrated by renowned actor Jeremy Irons, who will himself personally visit Art Film Fest. The second title will be <i>Citizen Havel Is Rolling Barrels <\/i>from American filmmaker of Czech descent Jan Nov\u00e1k and his son Adam. This documentary collage is a testimony to the absurdities of the normalisation era, illuminating the secret police\u2019s interrogation methods and the phenomenon of \u201chome theatre\u201d. In addition to films, visitors will be able to attend two major open-air concerts free of charge. On Sunday, 21 June, Tren\u010d\u00edn\u2019s main square will welcome an outstanding band from our western neighbours, the Eben Brothers, led by the famous TV moderator and actor Marek Eben. Art Film Fest\u2019s second major concert will take place on Wednesday, 24 June, when fans can look forward to the popular Czech group Kry\u0161tof with the charismatic Richard Kraj\u010do at the helm. Art Film Fest attendees will be able to sample concerts every day in Tren\u010dianske Teplice\u2019s festival cafes and Spa Hall. The music series \u201cEvery Evening Live with Oskar R\u00f3zsa\u201d starts off on Saturday, 20 June, when Tom\u00e1\u0161 Sloboda, former frontman of the cult band Le Payaco, will sing with his group Sounds Like This.&nbsp; Up to the festival\u2019s close, concerts will be played by jazz combo Oskar R\u00f3zsa Partnership Unlimited, the vocal group Fragile \u2013 eight singers without musical instruments, who present well-known international pop and jazz hits \u2013 Radek Pastr\u0148\u00e1k and Pakostra Blues \u2013 a group of first-rate Ostrava blues musicians \u2013 Slovak folk-rock singer So\u0148a Hor\u0148\u00e1kov\u00e1 with her band, Slovak singer Jana Kirschner with her band and popular singer Marcel Palonder with his new project TangoUltimo. This year festival screenings will take place at six screening sites: <b>Tren\u010d\u00edn <\/b>\u2013 <b>ODA Cinema<\/b>, <b>ArtKino Metro<\/b>, <b>Cinemax<\/b> and the open-air <b>Ba\u017eant Cinematograph<\/b> on \u0160t\u00far Square.&nbsp; <b>Tren\u010dianske Teplice <\/b>\u2013 <b>Prame\u0148 Cinema <\/b>and the <b>Tatra Banka Tented Cinema<\/b> in Spa Park. Again this year, <b>students up to 26 years of age <\/b>will have the opportunity to visit the Art Film Fest International Film Festival <b>free of charge<\/b>.&nbsp; All it takes is filling out the registration form at the festival website: <link http:\/\/www.artfilm.sk\/>artfilmfest.sk<\/link>, which will be available until 18 June, 2009. &#8212;&#8212;&#8212;&#8212;&#8212;&#8212;&#8212;&#8212;&#8212;&#8212;&#8212;&#8212;&#8212;&#8212;&#8212;&#8212;&#8212;&#8212;&#8212;&#8212;&#8212;&#8212;&#8212;&#8212;&#8212;&#8212;&#8212;&#8212;&#8212;&#8212;&#8212;&#8212;&#8212;&#8212;&#8212;&#8211; <b>Organizers:<\/b> ART FILM, n.o., FORZA Production House <b>Co-Organizers:<\/b> the Town of Tren\u010dianske Teplice, the Town of Tren\u010d\u00edn, Health Spa Tren\u010dianske Teplice<b><br \/>The Festival is made possible through the financial support of the Ministry of Culture of the Slovak Republic<\/b>.<b><\/b> <b>General Sponsors:<\/b> AquaCity Poprad, zdravotn\u00e1 pois\u0165ov\u0148a D\u00f4vera<br \/> <b>Main Sponsors:<\/b> Omnia Holding, Tatra banka, Tauris, the Central European Foundation,&nbsp;Slovnaft <b>Official Transport Provider:<\/b> Lancia&nbsp; <b>Logistics Sponsor:<\/b> DHL <b>Sponsors:<\/b> Provimi Pet Food, Dr. Max,&nbsp; Enagro, Hotel Baske, AVI Studio <b>Official Suppliers:<\/b> Hubert, Parkhotel na Bara\u010dke, GS design, Segafredo Zanetti SR, Philips, Via France <b>Slovak cinema is brought to you by <\/b>Zlat\u00fd Ba\u017eant<b><br \/>Main Media Sponsors:<\/b> Slovensk\u00e1 telev\u00edzia, Pravda, Zoznam.sk, Boomerang, \u017durn\u00e1l <b>Media Sponsors:<\/b> telev\u00edzia Mark\u00edza, FilmBox, Telev\u00edzia Central, R\u00e1dio Okey, R\u00e1dio Hit FM, Mark\u00edza, Pardon, Cinemax,&nbsp;Kam do mesta, port.sk, kedykam.sk, superobed.sk, ISPA, SITA, Q-EX, Tren\u010dianske Echo <b>Partners:<\/b> Hotel Praha, Hotel Fl\u00f3ra, Hotel Tatra, Slovak Film Institute, Italian Cultural Institute Bratislava, CzechTourism, Intersonic, Tatrafilm, Slovak Film and Television Academy, Esterle &amp; Esterle, lampART, Celtima <span style=\"font-family: Arial;\" lang=\"EN-GB\"><span style=\"color: black;\"><\/span><\/span><\/p>\n","protected":false},"excerpt":{"rendered":"<p>This year, when we started to put together the programme for the 17th edition, I must confess that I was<span class=\"excerpt-hellip\">","protected":false},"author":2,"featured_media":0,"comment_status":"open","ping_status":"open","sticky":false,"template":"","format":"standard","meta":{"_acf_changed":false,"footnotes":""},"categories":[17],"tags":[],"class_list":["post-2704","post","type-post","status-publish","format-standard","hentry","category-news"],"acf":[],"yoast_head":"<!-- This site is optimized with the Yoast SEO Premium plugin v27.2 (Yoast SEO v27.4) - https:\/\/yoast.com\/product\/yoast-seo-premium-wordpress\/ -->\n<title>Art Film Fest With Famous Films and Famous People &#8226; IFF ART FILM<\/title>\n<meta name=\"robots\" content=\"index, follow, max-snippet:-1, max-image-preview:large, max-video-preview:-1\" \/>\n<link rel=\"canonical\" href=\"https:\/\/iffartfilm.com\/en\/blog\/news\/2009\/06\/art-film-fest-with-famous-films-and-famous-people\/\" \/>\n<meta property=\"og:locale\" content=\"en_US\" \/>\n<meta property=\"og:type\" content=\"article\" \/>\n<meta property=\"og:title\" content=\"Art Film Fest With Famous Films and Famous People\" \/>\n<meta property=\"og:description\" content=\"This year, when we started to put together the programme for the 17th edition, I must confess that I was faced with doubts that we would be able to offer\" \/>\n<meta property=\"og:url\" content=\"https:\/\/iffartfilm.com\/en\/blog\/news\/2009\/06\/art-film-fest-with-famous-films-and-famous-people\/\" \/>\n<meta property=\"og:site_name\" content=\"IFF ART FILM\" \/>\n<meta property=\"article:publisher\" content=\"https:\/\/www.facebook.com\/IFFArtFilmKosice\" \/>\n<meta property=\"article:published_time\" content=\"2009-06-10T14:50:00+00:00\" \/>\n<meta property=\"article:modified_time\" content=\"2016-02-08T11:39:03+00:00\" \/>\n<meta property=\"og:image\" content=\"https:\/\/iffartfilm.com\/wp-content\/uploads\/2023\/12\/MFF_Art_Film_24_FB_IG_1200x628.jpg\" \/>\n\t<meta property=\"og:image:width\" content=\"1200\" \/>\n\t<meta property=\"og:image:height\" content=\"628\" \/>\n\t<meta property=\"og:image:type\" content=\"image\/jpeg\" \/>\n<meta name=\"author\" content=\"AFF Admin\" \/>\n<meta name=\"twitter:card\" content=\"summary_large_image\" \/>\n<meta name=\"twitter:creator\" content=\"@ArtFilmFestSVK\" \/>\n<meta name=\"twitter:site\" content=\"@ArtFilmFestSVK\" \/>\n<meta name=\"twitter:label1\" content=\"Written by\" \/>\n\t<meta name=\"twitter:data1\" content=\"AFF Admin\" \/>\n\t<meta name=\"twitter:label2\" content=\"Est. reading time\" \/>\n\t<meta name=\"twitter:data2\" content=\"7 minutes\" \/>\n<script type=\"application\/ld+json\" class=\"yoast-schema-graph\">{\"@context\":\"https:\\\/\\\/schema.org\",\"@graph\":[{\"@type\":\"Article\",\"@id\":\"https:\\\/\\\/iffartfilm.com\\\/en\\\/blog\\\/news\\\/2009\\\/06\\\/art-film-fest-with-famous-films-and-famous-people\\\/#article\",\"isPartOf\":{\"@id\":\"https:\\\/\\\/iffartfilm.com\\\/en\\\/blog\\\/news\\\/2009\\\/06\\\/art-film-fest-with-famous-films-and-famous-people\\\/\"},\"author\":{\"name\":\"AFF Admin\",\"@id\":\"https:\\\/\\\/iffartfilm.com\\\/en\\\/#\\\/schema\\\/person\\\/55a097b32d28a560cbcd295bffd8f266\"},\"headline\":\"Art Film Fest With Famous Films and Famous People\",\"datePublished\":\"2009-06-10T14:50:00+00:00\",\"dateModified\":\"2016-02-08T11:39:03+00:00\",\"mainEntityOfPage\":{\"@id\":\"https:\\\/\\\/iffartfilm.com\\\/en\\\/blog\\\/news\\\/2009\\\/06\\\/art-film-fest-with-famous-films-and-famous-people\\\/\"},\"wordCount\":1364,\"commentCount\":0,\"publisher\":{\"@id\":\"https:\\\/\\\/iffartfilm.com\\\/en\\\/#organization\"},\"articleSection\":[\"News\"],\"inLanguage\":\"en-US\"},{\"@type\":\"WebPage\",\"@id\":\"https:\\\/\\\/iffartfilm.com\\\/en\\\/blog\\\/news\\\/2009\\\/06\\\/art-film-fest-with-famous-films-and-famous-people\\\/\",\"url\":\"https:\\\/\\\/iffartfilm.com\\\/en\\\/blog\\\/news\\\/2009\\\/06\\\/art-film-fest-with-famous-films-and-famous-people\\\/\",\"name\":\"Art Film Fest With Famous Films and Famous People &#8226; IFF ART FILM\",\"isPartOf\":{\"@id\":\"https:\\\/\\\/iffartfilm.com\\\/en\\\/#website\"},\"datePublished\":\"2009-06-10T14:50:00+00:00\",\"dateModified\":\"2016-02-08T11:39:03+00:00\",\"breadcrumb\":{\"@id\":\"https:\\\/\\\/iffartfilm.com\\\/en\\\/blog\\\/news\\\/2009\\\/06\\\/art-film-fest-with-famous-films-and-famous-people\\\/#breadcrumb\"},\"inLanguage\":\"en-US\",\"potentialAction\":[{\"@type\":\"ReadAction\",\"target\":[\"https:\\\/\\\/iffartfilm.com\\\/en\\\/blog\\\/news\\\/2009\\\/06\\\/art-film-fest-with-famous-films-and-famous-people\\\/\"]}]},{\"@type\":\"BreadcrumbList\",\"@id\":\"https:\\\/\\\/iffartfilm.com\\\/en\\\/blog\\\/news\\\/2009\\\/06\\\/art-film-fest-with-famous-films-and-famous-people\\\/#breadcrumb\",\"itemListElement\":[{\"@type\":\"ListItem\",\"position\":1,\"name\":\"Dom\u00e1ca str\u00e1nka\",\"item\":\"https:\\\/\\\/iffartfilm.com\\\/en\\\/\"},{\"@type\":\"ListItem\",\"position\":2,\"name\":\"Art Film Fest With Famous Films and Famous People\"}]},{\"@type\":\"WebSite\",\"@id\":\"https:\\\/\\\/iffartfilm.com\\\/en\\\/#website\",\"url\":\"https:\\\/\\\/iffartfilm.com\\\/en\\\/\",\"name\":\"IFF ART FILM\",\"description\":\"Medzin\u00e1rodn\u00fd filmov\u00fd festival\",\"publisher\":{\"@id\":\"https:\\\/\\\/iffartfilm.com\\\/en\\\/#organization\"},\"alternateName\":\"Art Film\",\"potentialAction\":[{\"@type\":\"SearchAction\",\"target\":{\"@type\":\"EntryPoint\",\"urlTemplate\":\"https:\\\/\\\/iffartfilm.com\\\/en\\\/?s={search_term_string}\"},\"query-input\":{\"@type\":\"PropertyValueSpecification\",\"valueRequired\":true,\"valueName\":\"search_term_string\"}}],\"inLanguage\":\"en-US\"},{\"@type\":\"Organization\",\"@id\":\"https:\\\/\\\/iffartfilm.com\\\/en\\\/#organization\",\"name\":\"ART FILM FEST, s.r.o.\",\"url\":\"https:\\\/\\\/iffartfilm.com\\\/en\\\/\",\"logo\":{\"@type\":\"ImageObject\",\"inLanguage\":\"en-US\",\"@id\":\"https:\\\/\\\/iffartfilm.com\\\/en\\\/#\\\/schema\\\/logo\\\/image\\\/\",\"url\":\"https:\\\/\\\/iffartfilm.com\\\/wp-content\\\/uploads\\\/2024\\\/11\\\/aff-cinepass-2025.png\",\"contentUrl\":\"https:\\\/\\\/iffartfilm.com\\\/wp-content\\\/uploads\\\/2024\\\/11\\\/aff-cinepass-2025.png\",\"width\":486,\"height\":215,\"caption\":\"ART FILM FEST, s.r.o.\"},\"image\":{\"@id\":\"https:\\\/\\\/iffartfilm.com\\\/en\\\/#\\\/schema\\\/logo\\\/image\\\/\"},\"sameAs\":[\"https:\\\/\\\/www.facebook.com\\\/IFFArtFilmKosice\",\"https:\\\/\\\/x.com\\\/ArtFilmFestSVK\",\"https:\\\/\\\/www.instagram.com\\\/iffartfilmkosice\\\/\",\"https:\\\/\\\/www.youtube.com\\\/user\\\/artfilmfest81\\\/\",\"https:\\\/\\\/www.linkedin.com\\\/company\\\/international-film-festival-art-film\"]},{\"@type\":\"Person\",\"@id\":\"https:\\\/\\\/iffartfilm.com\\\/en\\\/#\\\/schema\\\/person\\\/55a097b32d28a560cbcd295bffd8f266\",\"name\":\"AFF Admin\",\"image\":{\"@type\":\"ImageObject\",\"inLanguage\":\"en-US\",\"@id\":\"https:\\\/\\\/secure.gravatar.com\\\/avatar\\\/5db5d37617da01600ba354e911ea20846b0b249da42f7c6e2aa10bdd0adaa7dc?s=96&d=mm&r=g\",\"url\":\"https:\\\/\\\/secure.gravatar.com\\\/avatar\\\/5db5d37617da01600ba354e911ea20846b0b249da42f7c6e2aa10bdd0adaa7dc?s=96&d=mm&r=g\",\"contentUrl\":\"https:\\\/\\\/secure.gravatar.com\\\/avatar\\\/5db5d37617da01600ba354e911ea20846b0b249da42f7c6e2aa10bdd0adaa7dc?s=96&d=mm&r=g\",\"caption\":\"AFF Admin\"},\"url\":\"https:\\\/\\\/iffartfilm.com\\\/en\\\/blog\\\/author\\\/branor\\\/\"}]}<\/script>\n<!-- \/ Yoast SEO Premium plugin. -->","yoast_head_json":{"title":"Art Film Fest With Famous Films and Famous People &#8226; IFF ART FILM","robots":{"index":"index","follow":"follow","max-snippet":"max-snippet:-1","max-image-preview":"max-image-preview:large","max-video-preview":"max-video-preview:-1"},"canonical":"https:\/\/iffartfilm.com\/en\/blog\/news\/2009\/06\/art-film-fest-with-famous-films-and-famous-people\/","og_locale":"en_US","og_type":"article","og_title":"Art Film Fest With Famous Films and Famous People","og_description":"This year, when we started to put together the programme for the 17th edition, I must confess that I was faced with doubts that we would be able to offer","og_url":"https:\/\/iffartfilm.com\/en\/blog\/news\/2009\/06\/art-film-fest-with-famous-films-and-famous-people\/","og_site_name":"IFF ART FILM","article_publisher":"https:\/\/www.facebook.com\/IFFArtFilmKosice","article_published_time":"2009-06-10T14:50:00+00:00","article_modified_time":"2016-02-08T11:39:03+00:00","og_image":[{"width":1200,"height":628,"url":"https:\/\/iffartfilm.com\/wp-content\/uploads\/2023\/12\/MFF_Art_Film_24_FB_IG_1200x628.jpg","type":"image\/jpeg"}],"author":"AFF Admin","twitter_card":"summary_large_image","twitter_creator":"@ArtFilmFestSVK","twitter_site":"@ArtFilmFestSVK","twitter_misc":{"Written by":"AFF Admin","Est. reading time":"7 minutes"},"schema":{"@context":"https:\/\/schema.org","@graph":[{"@type":"Article","@id":"https:\/\/iffartfilm.com\/en\/blog\/news\/2009\/06\/art-film-fest-with-famous-films-and-famous-people\/#article","isPartOf":{"@id":"https:\/\/iffartfilm.com\/en\/blog\/news\/2009\/06\/art-film-fest-with-famous-films-and-famous-people\/"},"author":{"name":"AFF Admin","@id":"https:\/\/iffartfilm.com\/en\/#\/schema\/person\/55a097b32d28a560cbcd295bffd8f266"},"headline":"Art Film Fest With Famous Films and Famous People","datePublished":"2009-06-10T14:50:00+00:00","dateModified":"2016-02-08T11:39:03+00:00","mainEntityOfPage":{"@id":"https:\/\/iffartfilm.com\/en\/blog\/news\/2009\/06\/art-film-fest-with-famous-films-and-famous-people\/"},"wordCount":1364,"commentCount":0,"publisher":{"@id":"https:\/\/iffartfilm.com\/en\/#organization"},"articleSection":["News"],"inLanguage":"en-US"},{"@type":"WebPage","@id":"https:\/\/iffartfilm.com\/en\/blog\/news\/2009\/06\/art-film-fest-with-famous-films-and-famous-people\/","url":"https:\/\/iffartfilm.com\/en\/blog\/news\/2009\/06\/art-film-fest-with-famous-films-and-famous-people\/","name":"Art Film Fest With Famous Films and Famous People &#8226; IFF ART FILM","isPartOf":{"@id":"https:\/\/iffartfilm.com\/en\/#website"},"datePublished":"2009-06-10T14:50:00+00:00","dateModified":"2016-02-08T11:39:03+00:00","breadcrumb":{"@id":"https:\/\/iffartfilm.com\/en\/blog\/news\/2009\/06\/art-film-fest-with-famous-films-and-famous-people\/#breadcrumb"},"inLanguage":"en-US","potentialAction":[{"@type":"ReadAction","target":["https:\/\/iffartfilm.com\/en\/blog\/news\/2009\/06\/art-film-fest-with-famous-films-and-famous-people\/"]}]},{"@type":"BreadcrumbList","@id":"https:\/\/iffartfilm.com\/en\/blog\/news\/2009\/06\/art-film-fest-with-famous-films-and-famous-people\/#breadcrumb","itemListElement":[{"@type":"ListItem","position":1,"name":"Dom\u00e1ca str\u00e1nka","item":"https:\/\/iffartfilm.com\/en\/"},{"@type":"ListItem","position":2,"name":"Art Film Fest With Famous Films and Famous People"}]},{"@type":"WebSite","@id":"https:\/\/iffartfilm.com\/en\/#website","url":"https:\/\/iffartfilm.com\/en\/","name":"IFF ART FILM","description":"Medzin\u00e1rodn\u00fd filmov\u00fd festival","publisher":{"@id":"https:\/\/iffartfilm.com\/en\/#organization"},"alternateName":"Art Film","potentialAction":[{"@type":"SearchAction","target":{"@type":"EntryPoint","urlTemplate":"https:\/\/iffartfilm.com\/en\/?s={search_term_string}"},"query-input":{"@type":"PropertyValueSpecification","valueRequired":true,"valueName":"search_term_string"}}],"inLanguage":"en-US"},{"@type":"Organization","@id":"https:\/\/iffartfilm.com\/en\/#organization","name":"ART FILM FEST, s.r.o.","url":"https:\/\/iffartfilm.com\/en\/","logo":{"@type":"ImageObject","inLanguage":"en-US","@id":"https:\/\/iffartfilm.com\/en\/#\/schema\/logo\/image\/","url":"https:\/\/iffartfilm.com\/wp-content\/uploads\/2024\/11\/aff-cinepass-2025.png","contentUrl":"https:\/\/iffartfilm.com\/wp-content\/uploads\/2024\/11\/aff-cinepass-2025.png","width":486,"height":215,"caption":"ART FILM FEST, s.r.o."},"image":{"@id":"https:\/\/iffartfilm.com\/en\/#\/schema\/logo\/image\/"},"sameAs":["https:\/\/www.facebook.com\/IFFArtFilmKosice","https:\/\/x.com\/ArtFilmFestSVK","https:\/\/www.instagram.com\/iffartfilmkosice\/","https:\/\/www.youtube.com\/user\/artfilmfest81\/","https:\/\/www.linkedin.com\/company\/international-film-festival-art-film"]},{"@type":"Person","@id":"https:\/\/iffartfilm.com\/en\/#\/schema\/person\/55a097b32d28a560cbcd295bffd8f266","name":"AFF Admin","image":{"@type":"ImageObject","inLanguage":"en-US","@id":"https:\/\/secure.gravatar.com\/avatar\/5db5d37617da01600ba354e911ea20846b0b249da42f7c6e2aa10bdd0adaa7dc?s=96&d=mm&r=g","url":"https:\/\/secure.gravatar.com\/avatar\/5db5d37617da01600ba354e911ea20846b0b249da42f7c6e2aa10bdd0adaa7dc?s=96&d=mm&r=g","contentUrl":"https:\/\/secure.gravatar.com\/avatar\/5db5d37617da01600ba354e911ea20846b0b249da42f7c6e2aa10bdd0adaa7dc?s=96&d=mm&r=g","caption":"AFF Admin"},"url":"https:\/\/iffartfilm.com\/en\/blog\/author\/branor\/"}]}},"_links":{"self":[{"href":"https:\/\/iffartfilm.com\/en\/wp-json\/wp\/v2\/posts\/2704","targetHints":{"allow":["GET"]}}],"collection":[{"href":"https:\/\/iffartfilm.com\/en\/wp-json\/wp\/v2\/posts"}],"about":[{"href":"https:\/\/iffartfilm.com\/en\/wp-json\/wp\/v2\/types\/post"}],"author":[{"embeddable":true,"href":"https:\/\/iffartfilm.com\/en\/wp-json\/wp\/v2\/users\/2"}],"replies":[{"embeddable":true,"href":"https:\/\/iffartfilm.com\/en\/wp-json\/wp\/v2\/comments?post=2704"}],"version-history":[{"count":0,"href":"https:\/\/iffartfilm.com\/en\/wp-json\/wp\/v2\/posts\/2704\/revisions"}],"wp:attachment":[{"href":"https:\/\/iffartfilm.com\/en\/wp-json\/wp\/v2\/media?parent=2704"}],"wp:term":[{"taxonomy":"category","embeddable":true,"href":"https:\/\/iffartfilm.com\/en\/wp-json\/wp\/v2\/categories?post=2704"},{"taxonomy":"post_tag","embeddable":true,"href":"https:\/\/iffartfilm.com\/en\/wp-json\/wp\/v2\/tags?post=2704"}],"curies":[{"name":"wp","href":"https:\/\/api.w.org\/{rel}","templated":true}]}}