{"id":2698,"date":"2009-06-12T20:05:00","date_gmt":"2009-06-12T19:05:00","guid":{"rendered":"https:\/\/www.artfilmfest.sk\/en\/blog\/uncategorized\/2009\/06\/free-sweet-breakfast-at-the-relaxation-zone-during-art-film-fest\/"},"modified":"2016-02-08T12:38:59","modified_gmt":"2016-02-08T11:38:59","slug":"free-sweet-breakfast-at-the-relaxation-zone-during-art-film-fest","status":"publish","type":"post","link":"https:\/\/iffartfilm.com\/en\/blog\/nezaradene\/2009\/06\/free-sweet-breakfast-at-the-relaxation-zone-during-art-film-fest\/","title":{"rendered":"Free Sweet Breakfast at the Relaxation Zone During Art Film Fest"},"content":{"rendered":"<p>This year, \u017durn\u00e1l weekly is sponsoring the Relaxation Zone. For the entire week, film festival visitors will be able to pleasantly relax right in the outdoors, in the immediate proximity of the Tatra banka Cinema in Tren\u010dianske Teplice. As an added bonus, festival-goers will also be invited for a sweet breakfast, which will be prepared for visitors of the \u017durn\u00e1l weekly Relaxation Zone every morning for the entire duration of the festival. In addition to films, visitors will be able to attend two major open-air concerts free of charge. On Sunday, 21 June, Tren\u010d\u00edn\u2019s main square will welcome an outstanding band from our western neighbours, the Eben Brothers, led by the famous TV moderator and actor Marek Eben. Art Film Fest\u2019s second major concert will take place on Wednesday, 24 June, when fans can look forward to the popular Czech group Kry\u0161tof, with the charismatic Richard Kraj\u010do at the helm. Art Film Fest attendees will be able to sample concerts every day in Tren\u010dianske Teplice\u2019s festival cafes and Spa Hall. The music series \u201cEvery Evening Live with Oskar R\u00f3zsa\u201d starts off on Saturday, 20 June, when Tom\u00e1\u0161 Sloboda, former frontman of the cult band Le Payaco, will sing with his group Sounds Like This.&nbsp; Up to the festival\u2019s close, concerts will be played by jazz combo Oskar R\u00f3zsa Partnership Unlimited, the vocal group Fragile \u2013 eight singers without musical instruments, who present well-known international pop and jazz hits \u2013 Radek Pastr\u0148\u00e1k and Pakostra Blues \u2013 a group of first-rate Ostrava blues musicians \u2013 Slovak folk-rock singer So\u0148a Hor\u0148\u00e1kov\u00e1 with her band, Slovak singer Jana Kirschner with her band and popular singer Marcel Palonder with his new project TangoUltimo. <b>Again this year, students up to 26 years of age will have the opportunity to visit the Art Film Fest International Film Festival free of charge. All it takes is filling out the registration form at the festival website: <\/b><link http:\/\/www.artfilm.sk\/>artfilmfest.sk<\/link><b>, which will be available until 18 June, 2009.<\/b> &#8212;&#8212;&#8212;&#8212;&#8212;&#8212;&#8212;&#8212;&#8212;&#8212;&#8212;&#8212;&#8212;&#8212;&#8212;&#8212;&#8212;&#8212;&#8212;&#8212;&#8212;&#8212;&#8212;&#8212;&#8212;&#8212;&#8212;&#8212;&#8212;&#8212;&#8212;&#8212;&#8212;&#8212;&#8212;&#8211; <b>Organizers:<\/b> ART FILM, n.o., FORZA Production House <b>Co-Organizers:<\/b> the Town of Tren\u010dianske Teplice, the Town of Tren\u010d\u00edn, Health Spa Tren\u010dianske Teplice<b><br \/>The Festival is made possible through the financial support of the Ministry of Culture of the Slovak Republic<\/b>.<b><\/b> <b>General Sponsors:<\/b> AquaCity Poprad, zdravotn\u00e1 pois\u0165ov\u0148a D\u00f4vera<b> Main Sponsors:<\/b> Omnia Holding, Tatra banka, Tauris, the Central European Foundation,&nbsp;Slovnaft <b>Official Transport Provider:<\/b> Lancia&nbsp; <b>Logistics Sponsor:<\/b> DHL <b>Sponsors:<\/b> Provimi Pet Food, Dr. Max,&nbsp; Enagro, Hotel Baske, AVI Studio <b>Official Suppliers:<\/b> Hubert, Parkhotel na Bara\u010dke, GS design, Segafredo Zanetti SR, Philips, Via France <b>Slovak cinema is brought to you by <\/b>Zlat\u00fd Ba\u017eant<b><br \/>Main Media Sponsors:<\/b> Slovensk\u00e1 telev\u00edzia, Pravda, Zoznam.sk, Boomerang, \u017durn\u00e1l <b>Media Sponsors:<\/b> telev\u00edzia Mark\u00edza, FilmBox, Telev\u00edzia Central, R\u00e1dio Okey, R\u00e1dio Hit FM, Mark\u00edza, Pardon, Cinemax,&nbsp;Kam do mesta, port.sk, kedykam.sk, superobed.sk, ISPA, SITA, Q-EX, Tren\u010dianske Echo <b>Partners:<\/b> Hotel Praha, Hotel Fl\u00f3ra, Hotel Tatra, Slovak Film Institute, Italian Cultural Institute Bratislava, CzechTourism, Intersonic, Tatrafilm, Slovak Film and Television Academy, Esterle &amp; Esterle, lampART, Celtima<\/p>\n","protected":false},"excerpt":{"rendered":"<p>This year, \u017durn\u00e1l weekly is sponsoring the Relaxation Zone. For the entire week, film festival visitors will be able","protected":false},"author":2,"featured_media":0,"comment_status":"open","ping_status":"open","sticky":false,"template":"","format":"standard","meta":{"_acf_changed":false,"footnotes":""},"categories":[17,3],"tags":[],"class_list":["post-2698","post","type-post","status-publish","format-standard","hentry","category-news","category-nezaradene"],"acf":[],"yoast_head":"<!-- This site is optimized with the Yoast SEO Premium plugin v27.2 (Yoast SEO v27.4) - https:\/\/yoast.com\/product\/yoast-seo-premium-wordpress\/ -->\n<title>Free Sweet Breakfast at the Relaxation Zone During Art Film Fest &#8226; IFF ART FILM<\/title>\n<meta name=\"robots\" content=\"index, follow, max-snippet:-1, max-image-preview:large, max-video-preview:-1\" \/>\n<link rel=\"canonical\" href=\"https:\/\/iffartfilm.com\/en\/blog\/nezaradene\/2009\/06\/free-sweet-breakfast-at-the-relaxation-zone-during-art-film-fest\/\" \/>\n<meta property=\"og:locale\" content=\"en_US\" \/>\n<meta property=\"og:type\" content=\"article\" \/>\n<meta property=\"og:title\" content=\"Free Sweet Breakfast at the Relaxation Zone During Art Film Fest\" \/>\n<meta property=\"og:description\" content=\"This year, \u017durn\u00e1l weekly is sponsoring the Relaxation Zone. For the entire week, film festival visitors will be able to pleasantly relax right in the\" \/>\n<meta property=\"og:url\" content=\"https:\/\/iffartfilm.com\/en\/blog\/nezaradene\/2009\/06\/free-sweet-breakfast-at-the-relaxation-zone-during-art-film-fest\/\" \/>\n<meta property=\"og:site_name\" content=\"IFF ART FILM\" \/>\n<meta property=\"article:publisher\" content=\"https:\/\/www.facebook.com\/IFFArtFilmKosice\" \/>\n<meta property=\"article:published_time\" content=\"2009-06-12T19:05:00+00:00\" \/>\n<meta property=\"article:modified_time\" content=\"2016-02-08T11:38:59+00:00\" \/>\n<meta property=\"og:image\" content=\"https:\/\/iffartfilm.com\/wp-content\/uploads\/2023\/12\/MFF_Art_Film_24_FB_IG_1200x628.jpg\" \/>\n\t<meta property=\"og:image:width\" content=\"1200\" \/>\n\t<meta property=\"og:image:height\" content=\"628\" \/>\n\t<meta property=\"og:image:type\" content=\"image\/jpeg\" \/>\n<meta name=\"author\" content=\"AFF Admin\" \/>\n<meta name=\"twitter:card\" content=\"summary_large_image\" \/>\n<meta name=\"twitter:creator\" content=\"@ArtFilmFestSVK\" \/>\n<meta name=\"twitter:site\" content=\"@ArtFilmFestSVK\" \/>\n<meta name=\"twitter:label1\" content=\"Written by\" \/>\n\t<meta name=\"twitter:data1\" content=\"AFF Admin\" \/>\n\t<meta name=\"twitter:label2\" content=\"Est. reading time\" \/>\n\t<meta name=\"twitter:data2\" content=\"3 minutes\" \/>\n<script type=\"application\/ld+json\" class=\"yoast-schema-graph\">{\"@context\":\"https:\\\/\\\/schema.org\",\"@graph\":[{\"@type\":\"Article\",\"@id\":\"https:\\\/\\\/iffartfilm.com\\\/en\\\/blog\\\/nezaradene\\\/2009\\\/06\\\/free-sweet-breakfast-at-the-relaxation-zone-during-art-film-fest\\\/#article\",\"isPartOf\":{\"@id\":\"https:\\\/\\\/iffartfilm.com\\\/en\\\/blog\\\/nezaradene\\\/2009\\\/06\\\/free-sweet-breakfast-at-the-relaxation-zone-during-art-film-fest\\\/\"},\"author\":{\"name\":\"AFF Admin\",\"@id\":\"https:\\\/\\\/iffartfilm.com\\\/en\\\/#\\\/schema\\\/person\\\/55a097b32d28a560cbcd295bffd8f266\"},\"headline\":\"Free Sweet Breakfast at the Relaxation Zone During Art Film Fest\",\"datePublished\":\"2009-06-12T19:05:00+00:00\",\"dateModified\":\"2016-02-08T11:38:59+00:00\",\"mainEntityOfPage\":{\"@id\":\"https:\\\/\\\/iffartfilm.com\\\/en\\\/blog\\\/nezaradene\\\/2009\\\/06\\\/free-sweet-breakfast-at-the-relaxation-zone-during-art-film-fest\\\/\"},\"wordCount\":534,\"commentCount\":0,\"publisher\":{\"@id\":\"https:\\\/\\\/iffartfilm.com\\\/en\\\/#organization\"},\"articleSection\":[\"News\",\"Nezaraden\u00e9\"],\"inLanguage\":\"en-US\"},{\"@type\":\"WebPage\",\"@id\":\"https:\\\/\\\/iffartfilm.com\\\/en\\\/blog\\\/nezaradene\\\/2009\\\/06\\\/free-sweet-breakfast-at-the-relaxation-zone-during-art-film-fest\\\/\",\"url\":\"https:\\\/\\\/iffartfilm.com\\\/en\\\/blog\\\/nezaradene\\\/2009\\\/06\\\/free-sweet-breakfast-at-the-relaxation-zone-during-art-film-fest\\\/\",\"name\":\"Free Sweet Breakfast at the Relaxation Zone During Art Film Fest &#8226; IFF ART FILM\",\"isPartOf\":{\"@id\":\"https:\\\/\\\/iffartfilm.com\\\/en\\\/#website\"},\"datePublished\":\"2009-06-12T19:05:00+00:00\",\"dateModified\":\"2016-02-08T11:38:59+00:00\",\"breadcrumb\":{\"@id\":\"https:\\\/\\\/iffartfilm.com\\\/en\\\/blog\\\/nezaradene\\\/2009\\\/06\\\/free-sweet-breakfast-at-the-relaxation-zone-during-art-film-fest\\\/#breadcrumb\"},\"inLanguage\":\"en-US\",\"potentialAction\":[{\"@type\":\"ReadAction\",\"target\":[\"https:\\\/\\\/iffartfilm.com\\\/en\\\/blog\\\/nezaradene\\\/2009\\\/06\\\/free-sweet-breakfast-at-the-relaxation-zone-during-art-film-fest\\\/\"]}]},{\"@type\":\"BreadcrumbList\",\"@id\":\"https:\\\/\\\/iffartfilm.com\\\/en\\\/blog\\\/nezaradene\\\/2009\\\/06\\\/free-sweet-breakfast-at-the-relaxation-zone-during-art-film-fest\\\/#breadcrumb\",\"itemListElement\":[{\"@type\":\"ListItem\",\"position\":1,\"name\":\"Dom\u00e1ca str\u00e1nka\",\"item\":\"https:\\\/\\\/iffartfilm.com\\\/en\\\/\"},{\"@type\":\"ListItem\",\"position\":2,\"name\":\"Free Sweet Breakfast at the Relaxation Zone During Art Film Fest\"}]},{\"@type\":\"WebSite\",\"@id\":\"https:\\\/\\\/iffartfilm.com\\\/en\\\/#website\",\"url\":\"https:\\\/\\\/iffartfilm.com\\\/en\\\/\",\"name\":\"IFF ART FILM\",\"description\":\"Medzin\u00e1rodn\u00fd filmov\u00fd festival\",\"publisher\":{\"@id\":\"https:\\\/\\\/iffartfilm.com\\\/en\\\/#organization\"},\"alternateName\":\"Art Film\",\"potentialAction\":[{\"@type\":\"SearchAction\",\"target\":{\"@type\":\"EntryPoint\",\"urlTemplate\":\"https:\\\/\\\/iffartfilm.com\\\/en\\\/?s={search_term_string}\"},\"query-input\":{\"@type\":\"PropertyValueSpecification\",\"valueRequired\":true,\"valueName\":\"search_term_string\"}}],\"inLanguage\":\"en-US\"},{\"@type\":\"Organization\",\"@id\":\"https:\\\/\\\/iffartfilm.com\\\/en\\\/#organization\",\"name\":\"ART FILM FEST, s.r.o.\",\"url\":\"https:\\\/\\\/iffartfilm.com\\\/en\\\/\",\"logo\":{\"@type\":\"ImageObject\",\"inLanguage\":\"en-US\",\"@id\":\"https:\\\/\\\/iffartfilm.com\\\/en\\\/#\\\/schema\\\/logo\\\/image\\\/\",\"url\":\"https:\\\/\\\/iffartfilm.com\\\/wp-content\\\/uploads\\\/2024\\\/11\\\/aff-cinepass-2025.png\",\"contentUrl\":\"https:\\\/\\\/iffartfilm.com\\\/wp-content\\\/uploads\\\/2024\\\/11\\\/aff-cinepass-2025.png\",\"width\":486,\"height\":215,\"caption\":\"ART FILM FEST, s.r.o.\"},\"image\":{\"@id\":\"https:\\\/\\\/iffartfilm.com\\\/en\\\/#\\\/schema\\\/logo\\\/image\\\/\"},\"sameAs\":[\"https:\\\/\\\/www.facebook.com\\\/IFFArtFilmKosice\",\"https:\\\/\\\/x.com\\\/ArtFilmFestSVK\",\"https:\\\/\\\/www.instagram.com\\\/iffartfilmkosice\\\/\",\"https:\\\/\\\/www.youtube.com\\\/user\\\/artfilmfest81\\\/\",\"https:\\\/\\\/www.linkedin.com\\\/company\\\/international-film-festival-art-film\"]},{\"@type\":\"Person\",\"@id\":\"https:\\\/\\\/iffartfilm.com\\\/en\\\/#\\\/schema\\\/person\\\/55a097b32d28a560cbcd295bffd8f266\",\"name\":\"AFF Admin\",\"image\":{\"@type\":\"ImageObject\",\"inLanguage\":\"en-US\",\"@id\":\"https:\\\/\\\/secure.gravatar.com\\\/avatar\\\/5db5d37617da01600ba354e911ea20846b0b249da42f7c6e2aa10bdd0adaa7dc?s=96&d=mm&r=g\",\"url\":\"https:\\\/\\\/secure.gravatar.com\\\/avatar\\\/5db5d37617da01600ba354e911ea20846b0b249da42f7c6e2aa10bdd0adaa7dc?s=96&d=mm&r=g\",\"contentUrl\":\"https:\\\/\\\/secure.gravatar.com\\\/avatar\\\/5db5d37617da01600ba354e911ea20846b0b249da42f7c6e2aa10bdd0adaa7dc?s=96&d=mm&r=g\",\"caption\":\"AFF Admin\"},\"url\":\"https:\\\/\\\/iffartfilm.com\\\/en\\\/blog\\\/author\\\/branor\\\/\"}]}<\/script>\n<!-- \/ Yoast SEO Premium plugin. -->","yoast_head_json":{"title":"Free Sweet Breakfast at the Relaxation Zone During Art Film Fest &#8226; IFF ART FILM","robots":{"index":"index","follow":"follow","max-snippet":"max-snippet:-1","max-image-preview":"max-image-preview:large","max-video-preview":"max-video-preview:-1"},"canonical":"https:\/\/iffartfilm.com\/en\/blog\/nezaradene\/2009\/06\/free-sweet-breakfast-at-the-relaxation-zone-during-art-film-fest\/","og_locale":"en_US","og_type":"article","og_title":"Free Sweet Breakfast at the Relaxation Zone During Art Film Fest","og_description":"This year, \u017durn\u00e1l weekly is sponsoring the Relaxation Zone. For the entire week, film festival visitors will be able to pleasantly relax right in the","og_url":"https:\/\/iffartfilm.com\/en\/blog\/nezaradene\/2009\/06\/free-sweet-breakfast-at-the-relaxation-zone-during-art-film-fest\/","og_site_name":"IFF ART FILM","article_publisher":"https:\/\/www.facebook.com\/IFFArtFilmKosice","article_published_time":"2009-06-12T19:05:00+00:00","article_modified_time":"2016-02-08T11:38:59+00:00","og_image":[{"width":1200,"height":628,"url":"https:\/\/iffartfilm.com\/wp-content\/uploads\/2023\/12\/MFF_Art_Film_24_FB_IG_1200x628.jpg","type":"image\/jpeg"}],"author":"AFF Admin","twitter_card":"summary_large_image","twitter_creator":"@ArtFilmFestSVK","twitter_site":"@ArtFilmFestSVK","twitter_misc":{"Written by":"AFF Admin","Est. reading time":"3 minutes"},"schema":{"@context":"https:\/\/schema.org","@graph":[{"@type":"Article","@id":"https:\/\/iffartfilm.com\/en\/blog\/nezaradene\/2009\/06\/free-sweet-breakfast-at-the-relaxation-zone-during-art-film-fest\/#article","isPartOf":{"@id":"https:\/\/iffartfilm.com\/en\/blog\/nezaradene\/2009\/06\/free-sweet-breakfast-at-the-relaxation-zone-during-art-film-fest\/"},"author":{"name":"AFF Admin","@id":"https:\/\/iffartfilm.com\/en\/#\/schema\/person\/55a097b32d28a560cbcd295bffd8f266"},"headline":"Free Sweet Breakfast at the Relaxation Zone During Art Film Fest","datePublished":"2009-06-12T19:05:00+00:00","dateModified":"2016-02-08T11:38:59+00:00","mainEntityOfPage":{"@id":"https:\/\/iffartfilm.com\/en\/blog\/nezaradene\/2009\/06\/free-sweet-breakfast-at-the-relaxation-zone-during-art-film-fest\/"},"wordCount":534,"commentCount":0,"publisher":{"@id":"https:\/\/iffartfilm.com\/en\/#organization"},"articleSection":["News","Nezaraden\u00e9"],"inLanguage":"en-US"},{"@type":"WebPage","@id":"https:\/\/iffartfilm.com\/en\/blog\/nezaradene\/2009\/06\/free-sweet-breakfast-at-the-relaxation-zone-during-art-film-fest\/","url":"https:\/\/iffartfilm.com\/en\/blog\/nezaradene\/2009\/06\/free-sweet-breakfast-at-the-relaxation-zone-during-art-film-fest\/","name":"Free Sweet Breakfast at the Relaxation Zone During Art Film Fest &#8226; IFF ART FILM","isPartOf":{"@id":"https:\/\/iffartfilm.com\/en\/#website"},"datePublished":"2009-06-12T19:05:00+00:00","dateModified":"2016-02-08T11:38:59+00:00","breadcrumb":{"@id":"https:\/\/iffartfilm.com\/en\/blog\/nezaradene\/2009\/06\/free-sweet-breakfast-at-the-relaxation-zone-during-art-film-fest\/#breadcrumb"},"inLanguage":"en-US","potentialAction":[{"@type":"ReadAction","target":["https:\/\/iffartfilm.com\/en\/blog\/nezaradene\/2009\/06\/free-sweet-breakfast-at-the-relaxation-zone-during-art-film-fest\/"]}]},{"@type":"BreadcrumbList","@id":"https:\/\/iffartfilm.com\/en\/blog\/nezaradene\/2009\/06\/free-sweet-breakfast-at-the-relaxation-zone-during-art-film-fest\/#breadcrumb","itemListElement":[{"@type":"ListItem","position":1,"name":"Dom\u00e1ca str\u00e1nka","item":"https:\/\/iffartfilm.com\/en\/"},{"@type":"ListItem","position":2,"name":"Free Sweet Breakfast at the Relaxation Zone During Art Film Fest"}]},{"@type":"WebSite","@id":"https:\/\/iffartfilm.com\/en\/#website","url":"https:\/\/iffartfilm.com\/en\/","name":"IFF ART FILM","description":"Medzin\u00e1rodn\u00fd filmov\u00fd festival","publisher":{"@id":"https:\/\/iffartfilm.com\/en\/#organization"},"alternateName":"Art Film","potentialAction":[{"@type":"SearchAction","target":{"@type":"EntryPoint","urlTemplate":"https:\/\/iffartfilm.com\/en\/?s={search_term_string}"},"query-input":{"@type":"PropertyValueSpecification","valueRequired":true,"valueName":"search_term_string"}}],"inLanguage":"en-US"},{"@type":"Organization","@id":"https:\/\/iffartfilm.com\/en\/#organization","name":"ART FILM FEST, s.r.o.","url":"https:\/\/iffartfilm.com\/en\/","logo":{"@type":"ImageObject","inLanguage":"en-US","@id":"https:\/\/iffartfilm.com\/en\/#\/schema\/logo\/image\/","url":"https:\/\/iffartfilm.com\/wp-content\/uploads\/2024\/11\/aff-cinepass-2025.png","contentUrl":"https:\/\/iffartfilm.com\/wp-content\/uploads\/2024\/11\/aff-cinepass-2025.png","width":486,"height":215,"caption":"ART FILM FEST, s.r.o."},"image":{"@id":"https:\/\/iffartfilm.com\/en\/#\/schema\/logo\/image\/"},"sameAs":["https:\/\/www.facebook.com\/IFFArtFilmKosice","https:\/\/x.com\/ArtFilmFestSVK","https:\/\/www.instagram.com\/iffartfilmkosice\/","https:\/\/www.youtube.com\/user\/artfilmfest81\/","https:\/\/www.linkedin.com\/company\/international-film-festival-art-film"]},{"@type":"Person","@id":"https:\/\/iffartfilm.com\/en\/#\/schema\/person\/55a097b32d28a560cbcd295bffd8f266","name":"AFF Admin","image":{"@type":"ImageObject","inLanguage":"en-US","@id":"https:\/\/secure.gravatar.com\/avatar\/5db5d37617da01600ba354e911ea20846b0b249da42f7c6e2aa10bdd0adaa7dc?s=96&d=mm&r=g","url":"https:\/\/secure.gravatar.com\/avatar\/5db5d37617da01600ba354e911ea20846b0b249da42f7c6e2aa10bdd0adaa7dc?s=96&d=mm&r=g","contentUrl":"https:\/\/secure.gravatar.com\/avatar\/5db5d37617da01600ba354e911ea20846b0b249da42f7c6e2aa10bdd0adaa7dc?s=96&d=mm&r=g","caption":"AFF Admin"},"url":"https:\/\/iffartfilm.com\/en\/blog\/author\/branor\/"}]}},"_links":{"self":[{"href":"https:\/\/iffartfilm.com\/en\/wp-json\/wp\/v2\/posts\/2698","targetHints":{"allow":["GET"]}}],"collection":[{"href":"https:\/\/iffartfilm.com\/en\/wp-json\/wp\/v2\/posts"}],"about":[{"href":"https:\/\/iffartfilm.com\/en\/wp-json\/wp\/v2\/types\/post"}],"author":[{"embeddable":true,"href":"https:\/\/iffartfilm.com\/en\/wp-json\/wp\/v2\/users\/2"}],"replies":[{"embeddable":true,"href":"https:\/\/iffartfilm.com\/en\/wp-json\/wp\/v2\/comments?post=2698"}],"version-history":[{"count":0,"href":"https:\/\/iffartfilm.com\/en\/wp-json\/wp\/v2\/posts\/2698\/revisions"}],"wp:attachment":[{"href":"https:\/\/iffartfilm.com\/en\/wp-json\/wp\/v2\/media?parent=2698"}],"wp:term":[{"taxonomy":"category","embeddable":true,"href":"https:\/\/iffartfilm.com\/en\/wp-json\/wp\/v2\/categories?post=2698"},{"taxonomy":"post_tag","embeddable":true,"href":"https:\/\/iffartfilm.com\/en\/wp-json\/wp\/v2\/tags?post=2698"}],"curies":[{"name":"wp","href":"https:\/\/api.w.org\/{rel}","templated":true}]}}