{"id":2688,"date":"2009-06-18T13:32:00","date_gmt":"2009-06-18T12:32:00","guid":{"rendered":"https:\/\/www.artfilmfest.sk\/en\/blog\/uncategorized\/2009\/06\/art-film-fest-to-begin-on-saturday\/"},"modified":"2016-02-08T12:38:54","modified_gmt":"2016-02-08T11:38:54","slug":"art-film-fest-to-begin-on-saturday","status":"publish","type":"post","link":"https:\/\/iffartfilm.com\/en\/blog\/news\/2009\/06\/art-film-fest-to-begin-on-saturday\/","title":{"rendered":"Art Film Fest to Begin on Saturday"},"content":{"rendered":"<p class=\"align-justify\">Art Film Fest will open with the genius director Pedro Almod\u00f3var\u2019s brand new film, <i>Broken Embraces<\/i>, premiered at this year\u2019s Cannes festival, which concluded just a month ago. It is thus a rarity, in that a picture directed by such a towering figure and starring the Oscar-winning Penelope Cruz comes to our festival in such a short time.<\/p>\n<p class=\"align-justify\">Visitors can look forward to a world-famous star of the silver screen, British actor <b>Jeremy Irons<\/b>, who right at the festival\u2019s opening <b>on Saturday, 20 June at 15:30<\/b>, will personally accept the <b>Actor\u2019s Mission Award<\/b> and fasten a brass plaque bearing his name onto the <b>Bridge of Fame<\/b>, which has been moved closer to the people this year, to Spa Park.<\/p>\n<p class=\"align-justify\">Just one hour after accepting his award, <b>in Tren<\/b><b>\u010dianske Teplice<\/b><b>\u2019s Tatra Banka Tented Cinema, Jeremy Irons will personally introduce his famous film <\/b><i><b>Swann in Love<\/b><\/i> from 1984, in which he played alongside Ornella Muti. Also on Saturday, the festival will feature yet another Irons film, <i>Dead Ringers,<\/i> for which he received a New York Film Critics Circle Award for best actor. In it he plays the double role of two twin-brother gynaecologists. <\/p>\n<p class=\"align-justify\">Right on the first day, the festival will screen the exceptional American documentary <i>Power of the Powerless<\/i>, narrated by Irons himself. The film\u2019s director, Cory Taylor, will personally introduce the documentary at Art Film Fest. The Actor\u2019s Mission Award will also be granted to Czech actor Jarom\u00edr Hanzl\u00edk. He will appear at the Bridge of Fame on Friday, 26 June at 16:00. After accepting the award, he will personally introduce the film <i>Coach to Vienna<\/i> from 1966, in which he played the role of a miserable Nazi soldier.<\/p>\n<p class=\"align-justify\">The Golden Camera will be bestowed to an Italian film icon, director Ettore Scola and the grande dame of Czech cinema V\u011bra Chytilov\u00e1.<\/p>\n<p class=\"align-justify\">This year\u2019s Art Film Fest will feature two competition sections. The International Competition of Feature Films will be judged by a five-member international jury, which will include Hungarian actress and director Eniko Eszenyi, German curator, dramaturge and film festival director Heiko Fischer, American critic and publicist Jay Weissberg, Czech actor and director Jan Ka\u010der and Slovak actress, singer and world traveller Dorota Nvotov\u00e1. The winner will receive the Blue Angel Award and fifteen-thousand euros.<\/p>\n<p class=\"align-justify\">The Competition of Short Films will be judged by a three-member jury composed of: Polish film historian and theorist Jadwiga Glowa, Romanian screenwriter and director Adrian Sitaru and Slovak animator, director and producer Ivana Zajacov\u00e1.<\/p>\n<p class=\"align-justify\">In addition to competition sections, Art Film Fest will also feature informative, non-competitive sections. Slovak Season will feature a selection of current Slovak pictures, including premieres. Audiences await, for example, director Ivan Vojn\u00e1r\u2019s long-anticipated film with the working title \u201cFlowers of Sakura\u201d, which will arrive in cinemas as <i>My Husband\u2019s Women<\/i>. The festival will present films such as <i>Soul at Peace<\/i>, <i>Tango with Mosquitoes<\/i>, <i>Cooking History<\/i>, <i>Heaven, Hell\u2026 Earth<\/i> and <i>Broken Promise<\/i>.<\/p>\n<p class=\"align-justify\">The section Dancing 80\u2019s contains pictures that for over twenty years have reminded multiple generations of their unforgettable dance numbers and hit songs. Audiences can look forward to <i>Fame<\/i> from director Alan Parker and <i>All That Jazz<\/i> from director Bob Fosse. Each dance film will be personally introduced to the audience by well-known Slovak dancer and choreographer J\u00e1n \u010eurov\u010d\u00edk. <\/p>\n<p class=\"align-justify\">Festival president Milan Lasica has hand-picked his favourite comedies for the section Best of Comedy, where he will personally introduce films such as <i>Beauties of the Night <\/i>with the legendary Gina Lollobrigida.<\/p>\n<p class=\"align-justify\">The section Around the World contains true gems of world cinema. Among the confirmed films is winner of the latest festival in Venice and Oscar nominee <i>Wrestler<\/i> from director Darren Aronofsky, featuring the celebrated comeback of Mickey Rourke. We are also anticipating film portraits of George W. Bush, Che Guevara and Mike Tyson.<\/p>\n<p class=\"align-justify\">The section European Corner will bring Art Film Fest the latest adaptation of the legend of Elizabeth Bathory, countess of \u010cachtice. The picture <i>The Countess <\/i>was shot and starred in by renowned French actress and director Julie Delpy. The film had its world premiere at the recent prestigious Berlin festival.<\/p>\n<p class=\"align-justify\">Cult! will present films which have made cinema history. Love &amp; Anarchy surveys the latest trends of European, American and Asian film. Late Night Show will once again feature a selection of shocking and unique works.<\/p>\n<p class=\"align-justify\">Art Film Fest will also commemorate the twentieth anniversary of the November, 1989 revolution. Festival cinemas will screen two pictures dedicated to this extraordinary historical event. The American documentary <i>The Power of the Powerless <\/i>from director Cory Taylor chronologically traces the Velvet Revolution in the streets of Prague and Bratislava and examines the harmful effects of \u201cerasing\u201d history. The film is also unique in being narrated by renowned actor Jeremy Irons, who will himself personally visit Art Film Fest.<\/p>\n<p class=\"align-justify\">The second title will be <i>Citizen Havel Is Rolling Barrels <\/i>from American filmmaker of Czech descent Jan Nov\u00e1k and his son Adam. This documentary collage is a testimony to the absurdities of the normalisation era, illuminating the secret police\u2019s interrogation methods and the phenomenon of \u201chome theatre\u201d.<\/p>\n<p class=\"align-justify\">In addition to films, visitors will be able to attend two major open-air concerts free of charge. On Sunday, 21 June, Tren\u010d\u00edn\u2019s main square will welcome an outstanding band from our western neighbours, the Eben Brothers, led by the famous TV moderator and actor Marek Eben. Art Film Fest\u2019s second major concert will take place on Wednesday, 24 June, when fans can look forward to the popular Czech group Kry\u0161tof with the charismatic Richard Kraj\u010do at the helm.<\/p>\n<p class=\"align-justify\">Art Film Fest attendees will be able to sample concerts every day in Tren\u010dianske Teplice\u2019s festival cafes and Spa Hall. The music series \u201cEvery Evening Live with Oskar R\u00f3zsa\u201d starts off on Saturday, 20 June, when Tom\u00e1\u0161 Sloboda, former frontman of the cult band Le Payaco, will sing with his group Sounds Like This. Up to the festival\u2019s close, concerts will be played by jazz combo Oskar R\u00f3zsa Quartet, the vocal group Fragile \u2013 eight singers without musical instruments, who present well-known international pop and jazz hits \u2013 Radek Pastr\u0148\u00e1k and Pakostra Blues \u2013 a group of first-rate Ostrava blues musicians \u2013 Slovak folk-rock singer So\u0148a Hor\u0148\u00e1kov\u00e1 with her band and popular singer Marcel Palonder with his new project Tango Ultimo.<\/p>\n<p class=\"align-justify\">This year festival screenings will take place at six screening sites: Tren\u010d\u00edn \u2013 ODA Cinema, ArtKino Metro, Cinemax and the open-air Ba\u017eant Cinematograph on \u0160t\u00far Square. Tren\u010dianske Teplice \u2013 Prame\u0148 Cinema and the Tatra Banka Tented Cinema in Spa Park.<\/p>\n<p class=\"align-justify\">&#8212;&#8212;&#8212;&#8212;&#8212;&#8212;&#8212;&#8212;&#8212;&#8212;&#8212;&#8212;&#8212;&#8212;&#8212;&#8212;&#8212;&#8212;&#8212;&#8212;&#8212;&#8212;&#8212;&#8212;&#8212;-<\/p>\n<p class=\"align-justify\">Organizers: ART FILM, n.o., FORZA Production House Co-Organizers: the Town of Tren\u010dianske Teplice, the Town of Tren\u010d\u00edn, Health Spa Tren\u010dianske Teplice<\/p>\n<p class=\"align-justify\">The Festival is made possible through the financial support of the Ministry of Culture of the Slovak Republic.<\/p>\n<p>General Sponsors: AquaCity Poprad, zdravotn\u00e1 pois\u0165ov\u0148a D\u00f4vera<br \/>Main Sponsors: Omnia Holding, Tatra banka, Tauris, the Central European Foundation,&nbsp;Slovnaft Official Transport Provider: Lancia&nbsp; Logistics Sponsor: DHL Sponsors: Provimi Pet Food, Dr. Max,&nbsp; Enagro, Hotel Baske, AVI Studio Official Suppliers: Hubert, Parkhotel na Bara\u010dke, GS design, Segafredo Zanetti SR, Philips, Via France Sponsor of the Slovak Season section: Zlat\u00fd Ba\u017eant<br \/>Main Media Sponsors: Slovak Television, Pravda, Zoznam.sk, Boomerang, \u017durn\u00e1l Media Sponsors: telev\u00edzia Mark\u00edza, FilmBox, Telev\u00edzia Central, R\u00e1dio Okey, R\u00e1dio Hit FM, Mark\u00edza, Pardon, Cinemax,&nbsp;Kam do mesta, port.sk, kedykam.sk, superobed.sk, ISPA, SITA, Q-EX, Tren\u010dianske Echo Partners: Hotel Praha, Hotel Fl\u00f3ra, Hotel Tatra, Slovak Film Institute, Italian Cultural Institute Bratislava, CzechTourism, Intersonic, Tatrafilm, Slovak Film and Television Academy, Esterle &amp; Esterle, lampART, Celtima<\/p>\n","protected":false},"excerpt":{"rendered":"<p>Art Film Fest will open with the genius director Pedro Almod\u00f3var\u2019s brand new film, Broken Embraces, premiered at this","protected":false},"author":2,"featured_media":0,"comment_status":"open","ping_status":"open","sticky":false,"template":"","format":"standard","meta":{"_acf_changed":false,"footnotes":""},"categories":[17],"tags":[],"class_list":["post-2688","post","type-post","status-publish","format-standard","hentry","category-news"],"acf":[],"yoast_head":"<!-- This site is optimized with the Yoast SEO Premium plugin v27.2 (Yoast SEO v27.4) - https:\/\/yoast.com\/product\/yoast-seo-premium-wordpress\/ -->\n<title>Art Film Fest to Begin on Saturday &#8226; IFF ART FILM<\/title>\n<meta name=\"robots\" content=\"index, follow, max-snippet:-1, max-image-preview:large, max-video-preview:-1\" \/>\n<link rel=\"canonical\" href=\"https:\/\/iffartfilm.com\/en\/blog\/news\/2009\/06\/art-film-fest-to-begin-on-saturday\/\" \/>\n<meta property=\"og:locale\" content=\"en_US\" \/>\n<meta property=\"og:type\" content=\"article\" \/>\n<meta property=\"og:title\" content=\"Art Film Fest to Begin on Saturday\" \/>\n<meta property=\"og:description\" content=\"Art Film Fest will open with the genius director Pedro Almod\u00f3var\u2019s brand new film, Broken Embraces, premiered at this year\u2019s Cannes festival, which\" \/>\n<meta property=\"og:url\" content=\"https:\/\/iffartfilm.com\/en\/blog\/news\/2009\/06\/art-film-fest-to-begin-on-saturday\/\" \/>\n<meta property=\"og:site_name\" content=\"IFF ART FILM\" \/>\n<meta property=\"article:publisher\" content=\"https:\/\/www.facebook.com\/IFFArtFilmKosice\" \/>\n<meta property=\"article:published_time\" content=\"2009-06-18T12:32:00+00:00\" \/>\n<meta property=\"article:modified_time\" content=\"2016-02-08T11:38:54+00:00\" \/>\n<meta property=\"og:image\" content=\"https:\/\/iffartfilm.com\/wp-content\/uploads\/2023\/12\/MFF_Art_Film_24_FB_IG_1200x628.jpg\" \/>\n\t<meta property=\"og:image:width\" content=\"1200\" \/>\n\t<meta property=\"og:image:height\" content=\"628\" \/>\n\t<meta property=\"og:image:type\" content=\"image\/jpeg\" \/>\n<meta name=\"author\" content=\"AFF Admin\" \/>\n<meta name=\"twitter:card\" content=\"summary_large_image\" \/>\n<meta name=\"twitter:creator\" content=\"@ArtFilmFestSVK\" \/>\n<meta name=\"twitter:site\" content=\"@ArtFilmFestSVK\" \/>\n<meta name=\"twitter:label1\" content=\"Written by\" \/>\n\t<meta name=\"twitter:data1\" content=\"AFF Admin\" \/>\n\t<meta name=\"twitter:label2\" content=\"Est. reading time\" \/>\n\t<meta name=\"twitter:data2\" content=\"6 minutes\" \/>\n<script type=\"application\/ld+json\" class=\"yoast-schema-graph\">{\"@context\":\"https:\\\/\\\/schema.org\",\"@graph\":[{\"@type\":\"Article\",\"@id\":\"https:\\\/\\\/iffartfilm.com\\\/en\\\/blog\\\/news\\\/2009\\\/06\\\/art-film-fest-to-begin-on-saturday\\\/#article\",\"isPartOf\":{\"@id\":\"https:\\\/\\\/iffartfilm.com\\\/en\\\/blog\\\/news\\\/2009\\\/06\\\/art-film-fest-to-begin-on-saturday\\\/\"},\"author\":{\"name\":\"AFF Admin\",\"@id\":\"https:\\\/\\\/iffartfilm.com\\\/en\\\/#\\\/schema\\\/person\\\/55a097b32d28a560cbcd295bffd8f266\"},\"headline\":\"Art Film Fest to Begin on Saturday\",\"datePublished\":\"2009-06-18T12:32:00+00:00\",\"dateModified\":\"2016-02-08T11:38:54+00:00\",\"mainEntityOfPage\":{\"@id\":\"https:\\\/\\\/iffartfilm.com\\\/en\\\/blog\\\/news\\\/2009\\\/06\\\/art-film-fest-to-begin-on-saturday\\\/\"},\"wordCount\":1292,\"commentCount\":0,\"publisher\":{\"@id\":\"https:\\\/\\\/iffartfilm.com\\\/en\\\/#organization\"},\"articleSection\":[\"News\"],\"inLanguage\":\"en-US\"},{\"@type\":\"WebPage\",\"@id\":\"https:\\\/\\\/iffartfilm.com\\\/en\\\/blog\\\/news\\\/2009\\\/06\\\/art-film-fest-to-begin-on-saturday\\\/\",\"url\":\"https:\\\/\\\/iffartfilm.com\\\/en\\\/blog\\\/news\\\/2009\\\/06\\\/art-film-fest-to-begin-on-saturday\\\/\",\"name\":\"Art Film Fest to Begin on Saturday &#8226; IFF ART FILM\",\"isPartOf\":{\"@id\":\"https:\\\/\\\/iffartfilm.com\\\/en\\\/#website\"},\"datePublished\":\"2009-06-18T12:32:00+00:00\",\"dateModified\":\"2016-02-08T11:38:54+00:00\",\"breadcrumb\":{\"@id\":\"https:\\\/\\\/iffartfilm.com\\\/en\\\/blog\\\/news\\\/2009\\\/06\\\/art-film-fest-to-begin-on-saturday\\\/#breadcrumb\"},\"inLanguage\":\"en-US\",\"potentialAction\":[{\"@type\":\"ReadAction\",\"target\":[\"https:\\\/\\\/iffartfilm.com\\\/en\\\/blog\\\/news\\\/2009\\\/06\\\/art-film-fest-to-begin-on-saturday\\\/\"]}]},{\"@type\":\"BreadcrumbList\",\"@id\":\"https:\\\/\\\/iffartfilm.com\\\/en\\\/blog\\\/news\\\/2009\\\/06\\\/art-film-fest-to-begin-on-saturday\\\/#breadcrumb\",\"itemListElement\":[{\"@type\":\"ListItem\",\"position\":1,\"name\":\"Dom\u00e1ca str\u00e1nka\",\"item\":\"https:\\\/\\\/iffartfilm.com\\\/en\\\/\"},{\"@type\":\"ListItem\",\"position\":2,\"name\":\"Art Film Fest to Begin on Saturday\"}]},{\"@type\":\"WebSite\",\"@id\":\"https:\\\/\\\/iffartfilm.com\\\/en\\\/#website\",\"url\":\"https:\\\/\\\/iffartfilm.com\\\/en\\\/\",\"name\":\"IFF ART FILM\",\"description\":\"Medzin\u00e1rodn\u00fd filmov\u00fd festival\",\"publisher\":{\"@id\":\"https:\\\/\\\/iffartfilm.com\\\/en\\\/#organization\"},\"alternateName\":\"Art Film\",\"potentialAction\":[{\"@type\":\"SearchAction\",\"target\":{\"@type\":\"EntryPoint\",\"urlTemplate\":\"https:\\\/\\\/iffartfilm.com\\\/en\\\/?s={search_term_string}\"},\"query-input\":{\"@type\":\"PropertyValueSpecification\",\"valueRequired\":true,\"valueName\":\"search_term_string\"}}],\"inLanguage\":\"en-US\"},{\"@type\":\"Organization\",\"@id\":\"https:\\\/\\\/iffartfilm.com\\\/en\\\/#organization\",\"name\":\"ART FILM FEST, s.r.o.\",\"url\":\"https:\\\/\\\/iffartfilm.com\\\/en\\\/\",\"logo\":{\"@type\":\"ImageObject\",\"inLanguage\":\"en-US\",\"@id\":\"https:\\\/\\\/iffartfilm.com\\\/en\\\/#\\\/schema\\\/logo\\\/image\\\/\",\"url\":\"https:\\\/\\\/iffartfilm.com\\\/wp-content\\\/uploads\\\/2024\\\/11\\\/aff-cinepass-2025.png\",\"contentUrl\":\"https:\\\/\\\/iffartfilm.com\\\/wp-content\\\/uploads\\\/2024\\\/11\\\/aff-cinepass-2025.png\",\"width\":486,\"height\":215,\"caption\":\"ART FILM FEST, s.r.o.\"},\"image\":{\"@id\":\"https:\\\/\\\/iffartfilm.com\\\/en\\\/#\\\/schema\\\/logo\\\/image\\\/\"},\"sameAs\":[\"https:\\\/\\\/www.facebook.com\\\/IFFArtFilmKosice\",\"https:\\\/\\\/x.com\\\/ArtFilmFestSVK\",\"https:\\\/\\\/www.instagram.com\\\/iffartfilmkosice\\\/\",\"https:\\\/\\\/www.youtube.com\\\/user\\\/artfilmfest81\\\/\",\"https:\\\/\\\/www.linkedin.com\\\/company\\\/international-film-festival-art-film\"]},{\"@type\":\"Person\",\"@id\":\"https:\\\/\\\/iffartfilm.com\\\/en\\\/#\\\/schema\\\/person\\\/55a097b32d28a560cbcd295bffd8f266\",\"name\":\"AFF Admin\",\"image\":{\"@type\":\"ImageObject\",\"inLanguage\":\"en-US\",\"@id\":\"https:\\\/\\\/secure.gravatar.com\\\/avatar\\\/5db5d37617da01600ba354e911ea20846b0b249da42f7c6e2aa10bdd0adaa7dc?s=96&d=mm&r=g\",\"url\":\"https:\\\/\\\/secure.gravatar.com\\\/avatar\\\/5db5d37617da01600ba354e911ea20846b0b249da42f7c6e2aa10bdd0adaa7dc?s=96&d=mm&r=g\",\"contentUrl\":\"https:\\\/\\\/secure.gravatar.com\\\/avatar\\\/5db5d37617da01600ba354e911ea20846b0b249da42f7c6e2aa10bdd0adaa7dc?s=96&d=mm&r=g\",\"caption\":\"AFF Admin\"},\"url\":\"https:\\\/\\\/iffartfilm.com\\\/en\\\/blog\\\/author\\\/branor\\\/\"}]}<\/script>\n<!-- \/ Yoast SEO Premium plugin. -->","yoast_head_json":{"title":"Art Film Fest to Begin on Saturday &#8226; IFF ART FILM","robots":{"index":"index","follow":"follow","max-snippet":"max-snippet:-1","max-image-preview":"max-image-preview:large","max-video-preview":"max-video-preview:-1"},"canonical":"https:\/\/iffartfilm.com\/en\/blog\/news\/2009\/06\/art-film-fest-to-begin-on-saturday\/","og_locale":"en_US","og_type":"article","og_title":"Art Film Fest to Begin on Saturday","og_description":"Art Film Fest will open with the genius director Pedro Almod\u00f3var\u2019s brand new film, Broken Embraces, premiered at this year\u2019s Cannes festival, which","og_url":"https:\/\/iffartfilm.com\/en\/blog\/news\/2009\/06\/art-film-fest-to-begin-on-saturday\/","og_site_name":"IFF ART FILM","article_publisher":"https:\/\/www.facebook.com\/IFFArtFilmKosice","article_published_time":"2009-06-18T12:32:00+00:00","article_modified_time":"2016-02-08T11:38:54+00:00","og_image":[{"width":1200,"height":628,"url":"https:\/\/iffartfilm.com\/wp-content\/uploads\/2023\/12\/MFF_Art_Film_24_FB_IG_1200x628.jpg","type":"image\/jpeg"}],"author":"AFF Admin","twitter_card":"summary_large_image","twitter_creator":"@ArtFilmFestSVK","twitter_site":"@ArtFilmFestSVK","twitter_misc":{"Written by":"AFF Admin","Est. reading time":"6 minutes"},"schema":{"@context":"https:\/\/schema.org","@graph":[{"@type":"Article","@id":"https:\/\/iffartfilm.com\/en\/blog\/news\/2009\/06\/art-film-fest-to-begin-on-saturday\/#article","isPartOf":{"@id":"https:\/\/iffartfilm.com\/en\/blog\/news\/2009\/06\/art-film-fest-to-begin-on-saturday\/"},"author":{"name":"AFF Admin","@id":"https:\/\/iffartfilm.com\/en\/#\/schema\/person\/55a097b32d28a560cbcd295bffd8f266"},"headline":"Art Film Fest to Begin on Saturday","datePublished":"2009-06-18T12:32:00+00:00","dateModified":"2016-02-08T11:38:54+00:00","mainEntityOfPage":{"@id":"https:\/\/iffartfilm.com\/en\/blog\/news\/2009\/06\/art-film-fest-to-begin-on-saturday\/"},"wordCount":1292,"commentCount":0,"publisher":{"@id":"https:\/\/iffartfilm.com\/en\/#organization"},"articleSection":["News"],"inLanguage":"en-US"},{"@type":"WebPage","@id":"https:\/\/iffartfilm.com\/en\/blog\/news\/2009\/06\/art-film-fest-to-begin-on-saturday\/","url":"https:\/\/iffartfilm.com\/en\/blog\/news\/2009\/06\/art-film-fest-to-begin-on-saturday\/","name":"Art Film Fest to Begin on Saturday &#8226; IFF ART FILM","isPartOf":{"@id":"https:\/\/iffartfilm.com\/en\/#website"},"datePublished":"2009-06-18T12:32:00+00:00","dateModified":"2016-02-08T11:38:54+00:00","breadcrumb":{"@id":"https:\/\/iffartfilm.com\/en\/blog\/news\/2009\/06\/art-film-fest-to-begin-on-saturday\/#breadcrumb"},"inLanguage":"en-US","potentialAction":[{"@type":"ReadAction","target":["https:\/\/iffartfilm.com\/en\/blog\/news\/2009\/06\/art-film-fest-to-begin-on-saturday\/"]}]},{"@type":"BreadcrumbList","@id":"https:\/\/iffartfilm.com\/en\/blog\/news\/2009\/06\/art-film-fest-to-begin-on-saturday\/#breadcrumb","itemListElement":[{"@type":"ListItem","position":1,"name":"Dom\u00e1ca str\u00e1nka","item":"https:\/\/iffartfilm.com\/en\/"},{"@type":"ListItem","position":2,"name":"Art Film Fest to Begin on Saturday"}]},{"@type":"WebSite","@id":"https:\/\/iffartfilm.com\/en\/#website","url":"https:\/\/iffartfilm.com\/en\/","name":"IFF ART FILM","description":"Medzin\u00e1rodn\u00fd filmov\u00fd festival","publisher":{"@id":"https:\/\/iffartfilm.com\/en\/#organization"},"alternateName":"Art Film","potentialAction":[{"@type":"SearchAction","target":{"@type":"EntryPoint","urlTemplate":"https:\/\/iffartfilm.com\/en\/?s={search_term_string}"},"query-input":{"@type":"PropertyValueSpecification","valueRequired":true,"valueName":"search_term_string"}}],"inLanguage":"en-US"},{"@type":"Organization","@id":"https:\/\/iffartfilm.com\/en\/#organization","name":"ART FILM FEST, s.r.o.","url":"https:\/\/iffartfilm.com\/en\/","logo":{"@type":"ImageObject","inLanguage":"en-US","@id":"https:\/\/iffartfilm.com\/en\/#\/schema\/logo\/image\/","url":"https:\/\/iffartfilm.com\/wp-content\/uploads\/2024\/11\/aff-cinepass-2025.png","contentUrl":"https:\/\/iffartfilm.com\/wp-content\/uploads\/2024\/11\/aff-cinepass-2025.png","width":486,"height":215,"caption":"ART FILM FEST, s.r.o."},"image":{"@id":"https:\/\/iffartfilm.com\/en\/#\/schema\/logo\/image\/"},"sameAs":["https:\/\/www.facebook.com\/IFFArtFilmKosice","https:\/\/x.com\/ArtFilmFestSVK","https:\/\/www.instagram.com\/iffartfilmkosice\/","https:\/\/www.youtube.com\/user\/artfilmfest81\/","https:\/\/www.linkedin.com\/company\/international-film-festival-art-film"]},{"@type":"Person","@id":"https:\/\/iffartfilm.com\/en\/#\/schema\/person\/55a097b32d28a560cbcd295bffd8f266","name":"AFF Admin","image":{"@type":"ImageObject","inLanguage":"en-US","@id":"https:\/\/secure.gravatar.com\/avatar\/5db5d37617da01600ba354e911ea20846b0b249da42f7c6e2aa10bdd0adaa7dc?s=96&d=mm&r=g","url":"https:\/\/secure.gravatar.com\/avatar\/5db5d37617da01600ba354e911ea20846b0b249da42f7c6e2aa10bdd0adaa7dc?s=96&d=mm&r=g","contentUrl":"https:\/\/secure.gravatar.com\/avatar\/5db5d37617da01600ba354e911ea20846b0b249da42f7c6e2aa10bdd0adaa7dc?s=96&d=mm&r=g","caption":"AFF Admin"},"url":"https:\/\/iffartfilm.com\/en\/blog\/author\/branor\/"}]}},"_links":{"self":[{"href":"https:\/\/iffartfilm.com\/en\/wp-json\/wp\/v2\/posts\/2688","targetHints":{"allow":["GET"]}}],"collection":[{"href":"https:\/\/iffartfilm.com\/en\/wp-json\/wp\/v2\/posts"}],"about":[{"href":"https:\/\/iffartfilm.com\/en\/wp-json\/wp\/v2\/types\/post"}],"author":[{"embeddable":true,"href":"https:\/\/iffartfilm.com\/en\/wp-json\/wp\/v2\/users\/2"}],"replies":[{"embeddable":true,"href":"https:\/\/iffartfilm.com\/en\/wp-json\/wp\/v2\/comments?post=2688"}],"version-history":[{"count":0,"href":"https:\/\/iffartfilm.com\/en\/wp-json\/wp\/v2\/posts\/2688\/revisions"}],"wp:attachment":[{"href":"https:\/\/iffartfilm.com\/en\/wp-json\/wp\/v2\/media?parent=2688"}],"wp:term":[{"taxonomy":"category","embeddable":true,"href":"https:\/\/iffartfilm.com\/en\/wp-json\/wp\/v2\/categories?post=2688"},{"taxonomy":"post_tag","embeddable":true,"href":"https:\/\/iffartfilm.com\/en\/wp-json\/wp\/v2\/tags?post=2688"}],"curies":[{"name":"wp","href":"https:\/\/api.w.org\/{rel}","templated":true}]}}