{"id":2388,"date":"2015-12-09T10:13:00","date_gmt":"2015-12-09T09:13:00","guid":{"rendered":"https:\/\/www.artfilmfest.sk\/en\/blog\/uncategorized\/2015\/12\/art-film-fest-international-film-festival-in-kosice\/"},"modified":"2016-02-27T12:46:43","modified_gmt":"2016-02-27T11:46:43","slug":"art-film-fest-international-film-festival-in-kosice","status":"publish","type":"post","link":"https:\/\/iffartfilm.com\/en\/blog\/highlights\/2015\/12\/art-film-fest-international-film-festival-in-kosice\/","title":{"rendered":"ART FILM FEST International film festival in Ko\u0161ice"},"content":{"rendered":"<p style=\"text-align: justify;\">Ko\u0161ice, the metropolis of eastern Slovakia, is in 2016 becoming a proud host of International Film Festival ART FILM FEST. The 24the anniversary of this acclaimed film festival has been announced today at press conference by representatives of the city of Ko\u0161ice and festival ambassadors. ART FILM FEST 2016 will take place from 17th of June to 25th of June 2016.<\/p>\n<p style=\"text-align: justify;\">There are several reasons why Ko\u0161ice has been chosen as venue for the festival by its organisers. One of the main reasons is the fact that the city has variable and natural cultural and social infrastructure and seven projecting centres with capacity of 20 000 people. This is optimum for creation of international film festival of such significance as Art Film Fest has.<\/p>\n<p style=\"text-align: justify;\">\u201cI am glad that the most acclaimed and most visited film festival in Slovakia is moving to Ko\u0161ice. I believe that organisers, visitors and even movie stars from all over the world will find here everything they need. It is an honour for us to host Art Film Fest and I am sure that we can be great host following years as well.\u201d said Richard Ra\u0161i, Mayor of the city of Ko\u0161ice.<\/p>\n<p style=\"text-align: justify;\">The \u201calive\u201d centre of ART FILM FEST will be, naturally, the historical Main Square and visitors can later move to prepared cinemas, which are going to be in Kunsthalle, Kulturpark, cinema of Historical Town Hall (former Slovan Cinema) cinema \u00dasmev, cinema Taba\u010dka and Amfitheater.<\/p>\n<p style=\"text-align: justify;\">\u201cOver more than 20 years of its existence, the festival has built up the international network of contacts and has proven that it is capable of inviting and hosting significant figures of the world\u02c8s cinematography. We are bringing films from the most prestigious film shows and introduce remarkable film talents again.\u201d said Peter N\u00e1gel, The Art Director of AFF.<\/p>\n<p style=\"text-align: justify;\">Milan Lasica is still The President of the festival and Peter N\u00e1gel is The Art Director. Film producer Rudolf Biermann has become General Manager and with Jan Kov\u00e1\u010dik they are Producers of the festival.<\/p>\n<p style=\"text-align: justify;\">The philosophy of AFF remains the same &#8211; it is spontaneous interest of the audience, high-quality films and great \u201calive\u201d atmosphere of the festival. General Manager, Rudolf Biermann explains \u201cAFF is going to be full of young people who enjoy films and wish to see on the screen also films that are not always available in cinema. Besides that, we offer various forms of art and entertainment. It is going to be a real fiesta in the center of the city lasting for 9 days.\u201d He also announces several news comming up this year \u201cIn few days, we start a big contest for the poster design and jingles of 24th anniversary of festival, in which all Slovak creatives can engage.\u201d<\/p>\n<p style=\"text-align: justify;\">The longest organized Slovak film festival &#8211; ART FILM FEST is a tradition in the best sense of the word, which is still not so usual in Slovakia. The continuous organization of such demanding international event for more than 20 years implies not just confidence and belief in own strengths and capabilities but also courage, patience and interest. Last but not least, it is strengthening respect, seriousness and loyalty.<\/p>\n<p style=\"text-align: justify;\">Art Film Fest, established in 1993, is a competitive international film festival, which is in its programming method oriented on the presentation of the latest works of world cinema, major titles from cinema history and also, it offers the selection of works produced by Slovak audiovisual environment. It is the longest continuously organized film festival in Slovakia. Based on years of tradition it is now profiled as one of the most significant and attended cultural and social events in Slovakia.<\/p>\n","protected":false},"excerpt":{"rendered":"<p>Ko\u0161ice, the metropolis of eastern Slovakia, is in 2016 becoming a proud host of International Film Festival ART FILM","protected":false},"author":2,"featured_media":3269,"comment_status":"open","ping_status":"open","sticky":false,"template":"","format":"standard","meta":{"_acf_changed":false,"footnotes":""},"categories":[16,17],"tags":[],"class_list":["post-2388","post","type-post","status-publish","format-standard","has-post-thumbnail","hentry","category-highlights","category-news"],"acf":[],"yoast_head":"<!-- This site is optimized with the Yoast SEO Premium plugin v27.2 (Yoast SEO v27.5) - https:\/\/yoast.com\/product\/yoast-seo-premium-wordpress\/ -->\n<title>ART FILM FEST International film festival in Ko\u0161ice &#8226; IFF ART FILM<\/title>\n<meta name=\"robots\" content=\"index, follow, max-snippet:-1, max-image-preview:large, max-video-preview:-1\" \/>\n<link rel=\"canonical\" href=\"https:\/\/iffartfilm.com\/en\/blog\/highlights\/2015\/12\/art-film-fest-international-film-festival-in-kosice\/\" \/>\n<meta property=\"og:locale\" content=\"en_US\" \/>\n<meta property=\"og:type\" content=\"article\" \/>\n<meta property=\"og:title\" content=\"ART FILM FEST International film festival in Ko\u0161ice\" \/>\n<meta property=\"og:description\" content=\"Ko\u0161ice, the metropolis of eastern Slovakia, is in 2016 becoming a proud host of International Film Festival ART FILM FEST. The 24the anniversary of this\" \/>\n<meta property=\"og:url\" content=\"https:\/\/iffartfilm.com\/en\/blog\/highlights\/2015\/12\/art-film-fest-international-film-festival-in-kosice\/\" \/>\n<meta property=\"og:site_name\" content=\"IFF ART FILM\" \/>\n<meta property=\"article:publisher\" content=\"https:\/\/www.facebook.com\/IFFArtFilmKosice\" \/>\n<meta property=\"article:published_time\" content=\"2015-12-09T09:13:00+00:00\" \/>\n<meta property=\"article:modified_time\" content=\"2016-02-27T11:46:43+00:00\" \/>\n<meta property=\"og:image\" content=\"https:\/\/iffartfilm.com\/wp-content\/uploads\/2016\/02\/fb-ogimage.jpg\" \/>\n\t<meta property=\"og:image:width\" content=\"1200\" \/>\n\t<meta property=\"og:image:height\" content=\"630\" \/>\n\t<meta property=\"og:image:type\" content=\"image\/jpeg\" \/>\n<meta name=\"author\" content=\"AFF Admin\" \/>\n<meta name=\"twitter:card\" content=\"summary_large_image\" \/>\n<meta name=\"twitter:creator\" content=\"@ArtFilmFestSVK\" \/>\n<meta name=\"twitter:site\" content=\"@ArtFilmFestSVK\" \/>\n<meta name=\"twitter:label1\" content=\"Written by\" \/>\n\t<meta name=\"twitter:data1\" content=\"AFF Admin\" \/>\n\t<meta name=\"twitter:label2\" content=\"Est. reading time\" \/>\n\t<meta name=\"twitter:data2\" content=\"3 minutes\" \/>\n<script type=\"application\/ld+json\" class=\"yoast-schema-graph\">{\"@context\":\"https:\\\/\\\/schema.org\",\"@graph\":[{\"@type\":\"Article\",\"@id\":\"https:\\\/\\\/iffartfilm.com\\\/en\\\/blog\\\/highlights\\\/2015\\\/12\\\/art-film-fest-international-film-festival-in-kosice\\\/#article\",\"isPartOf\":{\"@id\":\"https:\\\/\\\/iffartfilm.com\\\/en\\\/blog\\\/highlights\\\/2015\\\/12\\\/art-film-fest-international-film-festival-in-kosice\\\/\"},\"author\":{\"name\":\"AFF Admin\",\"@id\":\"https:\\\/\\\/iffartfilm.com\\\/en\\\/#\\\/schema\\\/person\\\/55a097b32d28a560cbcd295bffd8f266\"},\"headline\":\"ART FILM FEST International film festival in Ko\u0161ice\",\"datePublished\":\"2015-12-09T09:13:00+00:00\",\"dateModified\":\"2016-02-27T11:46:43+00:00\",\"mainEntityOfPage\":{\"@id\":\"https:\\\/\\\/iffartfilm.com\\\/en\\\/blog\\\/highlights\\\/2015\\\/12\\\/art-film-fest-international-film-festival-in-kosice\\\/\"},\"wordCount\":613,\"commentCount\":0,\"publisher\":{\"@id\":\"https:\\\/\\\/iffartfilm.com\\\/en\\\/#organization\"},\"image\":{\"@id\":\"https:\\\/\\\/iffartfilm.com\\\/en\\\/blog\\\/highlights\\\/2015\\\/12\\\/art-film-fest-international-film-festival-in-kosice\\\/#primaryimage\"},\"thumbnailUrl\":\"https:\\\/\\\/iffartfilm.com\\\/wp-content\\\/uploads\\\/2016\\\/02\\\/fb-ogimage.jpg\",\"articleSection\":[\"Highlights\",\"News\"],\"inLanguage\":\"en-US\"},{\"@type\":\"WebPage\",\"@id\":\"https:\\\/\\\/iffartfilm.com\\\/en\\\/blog\\\/highlights\\\/2015\\\/12\\\/art-film-fest-international-film-festival-in-kosice\\\/\",\"url\":\"https:\\\/\\\/iffartfilm.com\\\/en\\\/blog\\\/highlights\\\/2015\\\/12\\\/art-film-fest-international-film-festival-in-kosice\\\/\",\"name\":\"ART FILM FEST International film festival in Ko\u0161ice &#8226; IFF ART FILM\",\"isPartOf\":{\"@id\":\"https:\\\/\\\/iffartfilm.com\\\/en\\\/#website\"},\"primaryImageOfPage\":{\"@id\":\"https:\\\/\\\/iffartfilm.com\\\/en\\\/blog\\\/highlights\\\/2015\\\/12\\\/art-film-fest-international-film-festival-in-kosice\\\/#primaryimage\"},\"image\":{\"@id\":\"https:\\\/\\\/iffartfilm.com\\\/en\\\/blog\\\/highlights\\\/2015\\\/12\\\/art-film-fest-international-film-festival-in-kosice\\\/#primaryimage\"},\"thumbnailUrl\":\"https:\\\/\\\/iffartfilm.com\\\/wp-content\\\/uploads\\\/2016\\\/02\\\/fb-ogimage.jpg\",\"datePublished\":\"2015-12-09T09:13:00+00:00\",\"dateModified\":\"2016-02-27T11:46:43+00:00\",\"breadcrumb\":{\"@id\":\"https:\\\/\\\/iffartfilm.com\\\/en\\\/blog\\\/highlights\\\/2015\\\/12\\\/art-film-fest-international-film-festival-in-kosice\\\/#breadcrumb\"},\"inLanguage\":\"en-US\",\"potentialAction\":[{\"@type\":\"ReadAction\",\"target\":[\"https:\\\/\\\/iffartfilm.com\\\/en\\\/blog\\\/highlights\\\/2015\\\/12\\\/art-film-fest-international-film-festival-in-kosice\\\/\"]}]},{\"@type\":\"ImageObject\",\"inLanguage\":\"en-US\",\"@id\":\"https:\\\/\\\/iffartfilm.com\\\/en\\\/blog\\\/highlights\\\/2015\\\/12\\\/art-film-fest-international-film-festival-in-kosice\\\/#primaryimage\",\"url\":\"https:\\\/\\\/iffartfilm.com\\\/wp-content\\\/uploads\\\/2016\\\/02\\\/fb-ogimage.jpg\",\"contentUrl\":\"https:\\\/\\\/iffartfilm.com\\\/wp-content\\\/uploads\\\/2016\\\/02\\\/fb-ogimage.jpg\",\"width\":1200,\"height\":630},{\"@type\":\"BreadcrumbList\",\"@id\":\"https:\\\/\\\/iffartfilm.com\\\/en\\\/blog\\\/highlights\\\/2015\\\/12\\\/art-film-fest-international-film-festival-in-kosice\\\/#breadcrumb\",\"itemListElement\":[{\"@type\":\"ListItem\",\"position\":1,\"name\":\"Dom\u00e1ca str\u00e1nka\",\"item\":\"https:\\\/\\\/iffartfilm.com\\\/en\\\/\"},{\"@type\":\"ListItem\",\"position\":2,\"name\":\"ART FILM FEST International film festival in Ko\u0161ice\"}]},{\"@type\":\"WebSite\",\"@id\":\"https:\\\/\\\/iffartfilm.com\\\/en\\\/#website\",\"url\":\"https:\\\/\\\/iffartfilm.com\\\/en\\\/\",\"name\":\"IFF ART FILM\",\"description\":\"Medzin\u00e1rodn\u00fd filmov\u00fd festival\",\"publisher\":{\"@id\":\"https:\\\/\\\/iffartfilm.com\\\/en\\\/#organization\"},\"alternateName\":\"Art Film\",\"potentialAction\":[{\"@type\":\"SearchAction\",\"target\":{\"@type\":\"EntryPoint\",\"urlTemplate\":\"https:\\\/\\\/iffartfilm.com\\\/en\\\/?s={search_term_string}\"},\"query-input\":{\"@type\":\"PropertyValueSpecification\",\"valueRequired\":true,\"valueName\":\"search_term_string\"}}],\"inLanguage\":\"en-US\"},{\"@type\":\"Organization\",\"@id\":\"https:\\\/\\\/iffartfilm.com\\\/en\\\/#organization\",\"name\":\"ART FILM FEST, s.r.o.\",\"url\":\"https:\\\/\\\/iffartfilm.com\\\/en\\\/\",\"logo\":{\"@type\":\"ImageObject\",\"inLanguage\":\"en-US\",\"@id\":\"https:\\\/\\\/iffartfilm.com\\\/en\\\/#\\\/schema\\\/logo\\\/image\\\/\",\"url\":\"https:\\\/\\\/iffartfilm.com\\\/wp-content\\\/uploads\\\/2024\\\/11\\\/aff-cinepass-2025.png\",\"contentUrl\":\"https:\\\/\\\/iffartfilm.com\\\/wp-content\\\/uploads\\\/2024\\\/11\\\/aff-cinepass-2025.png\",\"width\":486,\"height\":215,\"caption\":\"ART FILM FEST, s.r.o.\"},\"image\":{\"@id\":\"https:\\\/\\\/iffartfilm.com\\\/en\\\/#\\\/schema\\\/logo\\\/image\\\/\"},\"sameAs\":[\"https:\\\/\\\/www.facebook.com\\\/IFFArtFilmKosice\",\"https:\\\/\\\/x.com\\\/ArtFilmFestSVK\",\"https:\\\/\\\/www.instagram.com\\\/iffartfilmkosice\\\/\",\"https:\\\/\\\/www.youtube.com\\\/user\\\/artfilmfest81\\\/\",\"https:\\\/\\\/www.linkedin.com\\\/company\\\/international-film-festival-art-film\"]},{\"@type\":\"Person\",\"@id\":\"https:\\\/\\\/iffartfilm.com\\\/en\\\/#\\\/schema\\\/person\\\/55a097b32d28a560cbcd295bffd8f266\",\"name\":\"AFF Admin\",\"image\":{\"@type\":\"ImageObject\",\"inLanguage\":\"en-US\",\"@id\":\"https:\\\/\\\/secure.gravatar.com\\\/avatar\\\/5db5d37617da01600ba354e911ea20846b0b249da42f7c6e2aa10bdd0adaa7dc?s=96&d=mm&r=g\",\"url\":\"https:\\\/\\\/secure.gravatar.com\\\/avatar\\\/5db5d37617da01600ba354e911ea20846b0b249da42f7c6e2aa10bdd0adaa7dc?s=96&d=mm&r=g\",\"contentUrl\":\"https:\\\/\\\/secure.gravatar.com\\\/avatar\\\/5db5d37617da01600ba354e911ea20846b0b249da42f7c6e2aa10bdd0adaa7dc?s=96&d=mm&r=g\",\"caption\":\"AFF Admin\"},\"url\":\"https:\\\/\\\/iffartfilm.com\\\/en\\\/blog\\\/author\\\/branor\\\/\"}]}<\/script>\n<!-- \/ Yoast SEO Premium plugin. -->","yoast_head_json":{"title":"ART FILM FEST International film festival in Ko\u0161ice &#8226; IFF ART FILM","robots":{"index":"index","follow":"follow","max-snippet":"max-snippet:-1","max-image-preview":"max-image-preview:large","max-video-preview":"max-video-preview:-1"},"canonical":"https:\/\/iffartfilm.com\/en\/blog\/highlights\/2015\/12\/art-film-fest-international-film-festival-in-kosice\/","og_locale":"en_US","og_type":"article","og_title":"ART FILM FEST International film festival in Ko\u0161ice","og_description":"Ko\u0161ice, the metropolis of eastern Slovakia, is in 2016 becoming a proud host of International Film Festival ART FILM FEST. The 24the anniversary of this","og_url":"https:\/\/iffartfilm.com\/en\/blog\/highlights\/2015\/12\/art-film-fest-international-film-festival-in-kosice\/","og_site_name":"IFF ART FILM","article_publisher":"https:\/\/www.facebook.com\/IFFArtFilmKosice","article_published_time":"2015-12-09T09:13:00+00:00","article_modified_time":"2016-02-27T11:46:43+00:00","og_image":[{"width":1200,"height":630,"url":"https:\/\/iffartfilm.com\/wp-content\/uploads\/2016\/02\/fb-ogimage.jpg","type":"image\/jpeg"}],"author":"AFF Admin","twitter_card":"summary_large_image","twitter_creator":"@ArtFilmFestSVK","twitter_site":"@ArtFilmFestSVK","twitter_misc":{"Written by":"AFF Admin","Est. reading time":"3 minutes"},"schema":{"@context":"https:\/\/schema.org","@graph":[{"@type":"Article","@id":"https:\/\/iffartfilm.com\/en\/blog\/highlights\/2015\/12\/art-film-fest-international-film-festival-in-kosice\/#article","isPartOf":{"@id":"https:\/\/iffartfilm.com\/en\/blog\/highlights\/2015\/12\/art-film-fest-international-film-festival-in-kosice\/"},"author":{"name":"AFF Admin","@id":"https:\/\/iffartfilm.com\/en\/#\/schema\/person\/55a097b32d28a560cbcd295bffd8f266"},"headline":"ART FILM FEST International film festival in Ko\u0161ice","datePublished":"2015-12-09T09:13:00+00:00","dateModified":"2016-02-27T11:46:43+00:00","mainEntityOfPage":{"@id":"https:\/\/iffartfilm.com\/en\/blog\/highlights\/2015\/12\/art-film-fest-international-film-festival-in-kosice\/"},"wordCount":613,"commentCount":0,"publisher":{"@id":"https:\/\/iffartfilm.com\/en\/#organization"},"image":{"@id":"https:\/\/iffartfilm.com\/en\/blog\/highlights\/2015\/12\/art-film-fest-international-film-festival-in-kosice\/#primaryimage"},"thumbnailUrl":"https:\/\/iffartfilm.com\/wp-content\/uploads\/2016\/02\/fb-ogimage.jpg","articleSection":["Highlights","News"],"inLanguage":"en-US"},{"@type":"WebPage","@id":"https:\/\/iffartfilm.com\/en\/blog\/highlights\/2015\/12\/art-film-fest-international-film-festival-in-kosice\/","url":"https:\/\/iffartfilm.com\/en\/blog\/highlights\/2015\/12\/art-film-fest-international-film-festival-in-kosice\/","name":"ART FILM FEST International film festival in Ko\u0161ice &#8226; IFF ART FILM","isPartOf":{"@id":"https:\/\/iffartfilm.com\/en\/#website"},"primaryImageOfPage":{"@id":"https:\/\/iffartfilm.com\/en\/blog\/highlights\/2015\/12\/art-film-fest-international-film-festival-in-kosice\/#primaryimage"},"image":{"@id":"https:\/\/iffartfilm.com\/en\/blog\/highlights\/2015\/12\/art-film-fest-international-film-festival-in-kosice\/#primaryimage"},"thumbnailUrl":"https:\/\/iffartfilm.com\/wp-content\/uploads\/2016\/02\/fb-ogimage.jpg","datePublished":"2015-12-09T09:13:00+00:00","dateModified":"2016-02-27T11:46:43+00:00","breadcrumb":{"@id":"https:\/\/iffartfilm.com\/en\/blog\/highlights\/2015\/12\/art-film-fest-international-film-festival-in-kosice\/#breadcrumb"},"inLanguage":"en-US","potentialAction":[{"@type":"ReadAction","target":["https:\/\/iffartfilm.com\/en\/blog\/highlights\/2015\/12\/art-film-fest-international-film-festival-in-kosice\/"]}]},{"@type":"ImageObject","inLanguage":"en-US","@id":"https:\/\/iffartfilm.com\/en\/blog\/highlights\/2015\/12\/art-film-fest-international-film-festival-in-kosice\/#primaryimage","url":"https:\/\/iffartfilm.com\/wp-content\/uploads\/2016\/02\/fb-ogimage.jpg","contentUrl":"https:\/\/iffartfilm.com\/wp-content\/uploads\/2016\/02\/fb-ogimage.jpg","width":1200,"height":630},{"@type":"BreadcrumbList","@id":"https:\/\/iffartfilm.com\/en\/blog\/highlights\/2015\/12\/art-film-fest-international-film-festival-in-kosice\/#breadcrumb","itemListElement":[{"@type":"ListItem","position":1,"name":"Dom\u00e1ca str\u00e1nka","item":"https:\/\/iffartfilm.com\/en\/"},{"@type":"ListItem","position":2,"name":"ART FILM FEST International film festival in Ko\u0161ice"}]},{"@type":"WebSite","@id":"https:\/\/iffartfilm.com\/en\/#website","url":"https:\/\/iffartfilm.com\/en\/","name":"IFF ART FILM","description":"Medzin\u00e1rodn\u00fd filmov\u00fd festival","publisher":{"@id":"https:\/\/iffartfilm.com\/en\/#organization"},"alternateName":"Art Film","potentialAction":[{"@type":"SearchAction","target":{"@type":"EntryPoint","urlTemplate":"https:\/\/iffartfilm.com\/en\/?s={search_term_string}"},"query-input":{"@type":"PropertyValueSpecification","valueRequired":true,"valueName":"search_term_string"}}],"inLanguage":"en-US"},{"@type":"Organization","@id":"https:\/\/iffartfilm.com\/en\/#organization","name":"ART FILM FEST, s.r.o.","url":"https:\/\/iffartfilm.com\/en\/","logo":{"@type":"ImageObject","inLanguage":"en-US","@id":"https:\/\/iffartfilm.com\/en\/#\/schema\/logo\/image\/","url":"https:\/\/iffartfilm.com\/wp-content\/uploads\/2024\/11\/aff-cinepass-2025.png","contentUrl":"https:\/\/iffartfilm.com\/wp-content\/uploads\/2024\/11\/aff-cinepass-2025.png","width":486,"height":215,"caption":"ART FILM FEST, s.r.o."},"image":{"@id":"https:\/\/iffartfilm.com\/en\/#\/schema\/logo\/image\/"},"sameAs":["https:\/\/www.facebook.com\/IFFArtFilmKosice","https:\/\/x.com\/ArtFilmFestSVK","https:\/\/www.instagram.com\/iffartfilmkosice\/","https:\/\/www.youtube.com\/user\/artfilmfest81\/","https:\/\/www.linkedin.com\/company\/international-film-festival-art-film"]},{"@type":"Person","@id":"https:\/\/iffartfilm.com\/en\/#\/schema\/person\/55a097b32d28a560cbcd295bffd8f266","name":"AFF Admin","image":{"@type":"ImageObject","inLanguage":"en-US","@id":"https:\/\/secure.gravatar.com\/avatar\/5db5d37617da01600ba354e911ea20846b0b249da42f7c6e2aa10bdd0adaa7dc?s=96&d=mm&r=g","url":"https:\/\/secure.gravatar.com\/avatar\/5db5d37617da01600ba354e911ea20846b0b249da42f7c6e2aa10bdd0adaa7dc?s=96&d=mm&r=g","contentUrl":"https:\/\/secure.gravatar.com\/avatar\/5db5d37617da01600ba354e911ea20846b0b249da42f7c6e2aa10bdd0adaa7dc?s=96&d=mm&r=g","caption":"AFF Admin"},"url":"https:\/\/iffartfilm.com\/en\/blog\/author\/branor\/"}]}},"_links":{"self":[{"href":"https:\/\/iffartfilm.com\/en\/wp-json\/wp\/v2\/posts\/2388","targetHints":{"allow":["GET"]}}],"collection":[{"href":"https:\/\/iffartfilm.com\/en\/wp-json\/wp\/v2\/posts"}],"about":[{"href":"https:\/\/iffartfilm.com\/en\/wp-json\/wp\/v2\/types\/post"}],"author":[{"embeddable":true,"href":"https:\/\/iffartfilm.com\/en\/wp-json\/wp\/v2\/users\/2"}],"replies":[{"embeddable":true,"href":"https:\/\/iffartfilm.com\/en\/wp-json\/wp\/v2\/comments?post=2388"}],"version-history":[{"count":0,"href":"https:\/\/iffartfilm.com\/en\/wp-json\/wp\/v2\/posts\/2388\/revisions"}],"wp:featuredmedia":[{"embeddable":true,"href":"https:\/\/iffartfilm.com\/en\/wp-json\/wp\/v2\/media\/3269"}],"wp:attachment":[{"href":"https:\/\/iffartfilm.com\/en\/wp-json\/wp\/v2\/media?parent=2388"}],"wp:term":[{"taxonomy":"category","embeddable":true,"href":"https:\/\/iffartfilm.com\/en\/wp-json\/wp\/v2\/categories?post=2388"},{"taxonomy":"post_tag","embeddable":true,"href":"https:\/\/iffartfilm.com\/en\/wp-json\/wp\/v2\/tags?post=2388"}],"curies":[{"name":"wp","href":"https:\/\/api.w.org\/{rel}","templated":true}]}}