{"id":14102,"date":"2019-06-20T16:49:58","date_gmt":"2019-06-20T14:49:58","guid":{"rendered":"https:\/\/www.artfilmfest.sk\/?p=14102"},"modified":"2019-06-20T16:49:58","modified_gmt":"2019-06-20T14:49:58","slug":"tefan-kvietik-slovak-icon-of-the-screen-and-stage-has-been-chosen-to-receive-the-art-film-fest-iff-festival-presidents-award-from-milan-lasica","status":"publish","type":"post","link":"https:\/\/iffartfilm.com\/en\/blog\/news\/2019\/06\/tefan-kvietik-slovak-icon-of-the-screen-and-stage-has-been-chosen-to-receive-the-art-film-fest-iff-festival-presidents-award-from-milan-lasica\/","title":{"rendered":"tefan Kvietik, Slovak icon of the screen and stage, has been chosen to receive the Art Film Fest IFF Festival President\u2019s Award from Milan Lasica."},"content":{"rendered":"<p><strong>An actor who needs no introduction.The obstinate Pirin from <em>The Copper Tower<\/em>, Samo Pichanda from <em>Millennial Bee<\/em>, the industrious Urban Habd\u017ea of <em>Red Wine<\/em>, the conflicted prisoner Kom\u00ednek\u2026\u0160tefan Kvietik rightfully belongs among Slovakia\u2019s acting legends.<em>\u201cEvery character enriched me, not just professionally, but as a person,\u201d <\/em>he says.<\/strong><\/p>\n<p><strong>\u00a0<\/strong><\/p>\n<p><strong>25 years ago, you decided to hang up your acting hat and leave the Slovak National Theatre. Despite that, you continue to be seen on television in numerous iconic films.If one happens to be on, do you still watch it?<\/strong><\/p>\n<p>Of course I do.Not out of vanity, but to relive the experience of all the people I met and worked with on a particular project.That is and will always be the greatest treasure in my repository of acting memories.<\/p>\n<p>&nbsp;<\/p>\n<p><strong>You first major role was the prisoner Kom\u00ednek in Peter Solan\u2019s drama <em>The Boxer and Death<\/em>.How do you rate that experience in hindsight?What was it like to work with director Peter Solan?<\/strong><\/p>\n<p>It isn\u2019t the first time that I think back on Peter Solan with esteem and gratitude.For me at the time, his invitation to play Kom\u00ednek was an extraordinary acting opportunity.And what\u2019s more, portraying this dramatic character placed me in several interesting circumstances.Those who have seen the film know that a significant portion of his story plays out in the ring.That demanded, above all, a certain physical preparedness.And so, under the guidance of my coach, Velick\u00fd, I trained for several hours daily.That was just one of the circumstances, albeit a significant one.No less important to me was the fact that some of my acting colleagues were from abroad. And the circumstances under which I had to gain weight during the shoot, my dietary regimen? That I won\u2019t reveal.But I can tell you that no chemicals were involved.<\/p>\n<p>&nbsp;<\/p>\n<p><strong>Characters like Pirin from <em>The Copper Tower<\/em>, Samo Pichanda from <em>Millennial Bee <\/em>and Urban Habd\u017ea of <em>Red Wine<\/em>are as legendary as the films themselves.Which of your films holds a special place in your memories, and why?<\/strong><\/p>\n<p>Selecting from among them in any way is very difficult for me, since each has its own unique qualities, whether it be the original idea, the story, the setting, the director or the cast.I can only say that it was thanks to this rich variety of films that I was offered such a diversity of film roles.<\/p>\n<p>&nbsp;<\/p>\n<p><strong>You describe collaborations with great performers as one of the \u201csteps of happiness\u201d in your lovely, fortunate life.What was the greatest part about acting for you?<\/strong><\/p>\n<p>The chance to live so many lives.After all, each role is a different character, destiny, life story.This has enriched me, not just professionally, but as a person.<\/p>\n<p>&nbsp;<\/p>\n<p><strong>This year you\u2019re set to become a laureate of Milan Lasica\u2019s AFF Festival President\u2019s Award.How do you feel about the award?<\/strong><\/p>\n<p>If you receive and accept an act of kindness from someone, let\u2019s say a friendly smile, an affectionate caress, a warm hug, a trusting handshake or a verbal expression of praise and gratitude, you should appreciate the gesture and be thankful for it.Provided that it\u2019s sincere, of course.<\/p>\n<p>&nbsp;<\/p>\n<p><strong>The festival regularly awards and spotlights illustrious actors.What in your opinion distinguishes an average actor from a true luminary?<\/strong><\/p>\n<p>The depth of their talent and their ability to empathize with every situation and circumstance that their roles may present them with during the creative process.<\/p>\n<p>&nbsp;<\/p>\n<p><strong>M\u00e1ria Galajdov\u00e1<\/strong><\/p>\n<p>&nbsp;<\/p>\n<p>The film <strong>The Boxer and Death <\/strong>from the Art Film Fest IFF Festival President\u2019s Award section is playing on:<\/p>\n<p><strong>22 June | 4:15 pm<\/strong><\/p>\n<p>Kulturpark 2 JOJ Cinema<\/p>\n<p>&nbsp;<\/p>\n<p>&nbsp;<\/p>\n<p>&nbsp;<\/p>\n","protected":false},"excerpt":{"rendered":"<p>An actor who needs no introduction.The obstinate Pirin from The Copper Tower, Samo Pichanda from Millennial Bee, the industrious","protected":false},"author":2,"featured_media":13267,"comment_status":"closed","ping_status":"closed","sticky":false,"template":"","format":"standard","meta":{"_acf_changed":false,"footnotes":""},"categories":[17],"tags":[],"class_list":["post-14102","post","type-post","status-publish","format-standard","has-post-thumbnail","hentry","category-news"],"acf":[],"yoast_head":"<!-- This site is optimized with the Yoast SEO Premium plugin v27.2 (Yoast SEO v27.4) - https:\/\/yoast.com\/product\/yoast-seo-premium-wordpress\/ -->\n<title>tefan Kvietik, Slovak icon of the screen and stage, has been chosen to receive the Art Film Fest IFF Festival President\u2019s Award from Milan Lasica. &#8226; IFF ART FILM<\/title>\n<meta name=\"robots\" content=\"index, follow, max-snippet:-1, max-image-preview:large, max-video-preview:-1\" \/>\n<link rel=\"canonical\" href=\"https:\/\/iffartfilm.com\/en\/blog\/news\/2019\/06\/tefan-kvietik-slovak-icon-of-the-screen-and-stage-has-been-chosen-to-receive-the-art-film-fest-iff-festival-presidents-award-from-milan-lasica\/\" \/>\n<meta property=\"og:locale\" content=\"en_US\" \/>\n<meta property=\"og:type\" content=\"article\" \/>\n<meta property=\"og:title\" content=\"tefan Kvietik, Slovak icon of the screen and stage, has been chosen to receive the Art Film Fest IFF Festival President\u2019s Award from Milan Lasica.\" \/>\n<meta property=\"og:description\" content=\"An actor who needs no introduction.The obstinate Pirin from The Copper Tower, Samo Pichanda from Millennial Bee, the industrious Urban Habd\u017ea of Red Wine,\" \/>\n<meta property=\"og:url\" content=\"https:\/\/iffartfilm.com\/en\/blog\/news\/2019\/06\/tefan-kvietik-slovak-icon-of-the-screen-and-stage-has-been-chosen-to-receive-the-art-film-fest-iff-festival-presidents-award-from-milan-lasica\/\" \/>\n<meta property=\"og:site_name\" content=\"IFF ART FILM\" \/>\n<meta property=\"article:publisher\" content=\"https:\/\/www.facebook.com\/IFFArtFilmKosice\" \/>\n<meta property=\"article:published_time\" content=\"2019-06-20T14:49:58+00:00\" \/>\n<meta property=\"og:image\" content=\"https:\/\/iffartfilm.com\/wp-content\/uploads\/2019\/06\/TS_13_\u0160tefan_Kvietik_foto_Miro_N\u00f4ta.jpg\" \/>\n\t<meta property=\"og:image:width\" content=\"800\" \/>\n\t<meta property=\"og:image:height\" content=\"1200\" \/>\n\t<meta property=\"og:image:type\" content=\"image\/jpeg\" \/>\n<meta name=\"author\" content=\"AFF Admin\" \/>\n<meta name=\"twitter:card\" content=\"summary_large_image\" \/>\n<meta name=\"twitter:creator\" content=\"@ArtFilmFestSVK\" \/>\n<meta name=\"twitter:site\" content=\"@ArtFilmFestSVK\" \/>\n<meta name=\"twitter:label1\" content=\"Written by\" \/>\n\t<meta name=\"twitter:data1\" content=\"AFF Admin\" \/>\n\t<meta name=\"twitter:label2\" content=\"Est. reading time\" \/>\n\t<meta name=\"twitter:data2\" content=\"3 minutes\" \/>\n<script type=\"application\/ld+json\" class=\"yoast-schema-graph\">{\"@context\":\"https:\\\/\\\/schema.org\",\"@graph\":[{\"@type\":\"Article\",\"@id\":\"https:\\\/\\\/iffartfilm.com\\\/en\\\/blog\\\/news\\\/2019\\\/06\\\/tefan-kvietik-slovak-icon-of-the-screen-and-stage-has-been-chosen-to-receive-the-art-film-fest-iff-festival-presidents-award-from-milan-lasica\\\/#article\",\"isPartOf\":{\"@id\":\"https:\\\/\\\/iffartfilm.com\\\/en\\\/blog\\\/news\\\/2019\\\/06\\\/tefan-kvietik-slovak-icon-of-the-screen-and-stage-has-been-chosen-to-receive-the-art-film-fest-iff-festival-presidents-award-from-milan-lasica\\\/\"},\"author\":{\"name\":\"AFF Admin\",\"@id\":\"https:\\\/\\\/iffartfilm.com\\\/en\\\/#\\\/schema\\\/person\\\/55a097b32d28a560cbcd295bffd8f266\"},\"headline\":\"tefan Kvietik, Slovak icon of the screen and stage, has been chosen to receive the Art Film Fest IFF Festival President\u2019s Award from Milan Lasica.\",\"datePublished\":\"2019-06-20T14:49:58+00:00\",\"mainEntityOfPage\":{\"@id\":\"https:\\\/\\\/iffartfilm.com\\\/en\\\/blog\\\/news\\\/2019\\\/06\\\/tefan-kvietik-slovak-icon-of-the-screen-and-stage-has-been-chosen-to-receive-the-art-film-fest-iff-festival-presidents-award-from-milan-lasica\\\/\"},\"wordCount\":656,\"publisher\":{\"@id\":\"https:\\\/\\\/iffartfilm.com\\\/en\\\/#organization\"},\"image\":{\"@id\":\"https:\\\/\\\/iffartfilm.com\\\/en\\\/blog\\\/news\\\/2019\\\/06\\\/tefan-kvietik-slovak-icon-of-the-screen-and-stage-has-been-chosen-to-receive-the-art-film-fest-iff-festival-presidents-award-from-milan-lasica\\\/#primaryimage\"},\"thumbnailUrl\":\"https:\\\/\\\/iffartfilm.com\\\/wp-content\\\/uploads\\\/2019\\\/06\\\/TS_13_\u0160tefan_Kvietik_foto_Miro_N\u00f4ta.jpg\",\"articleSection\":[\"News\"],\"inLanguage\":\"en-US\"},{\"@type\":\"WebPage\",\"@id\":\"https:\\\/\\\/iffartfilm.com\\\/en\\\/blog\\\/news\\\/2019\\\/06\\\/tefan-kvietik-slovak-icon-of-the-screen-and-stage-has-been-chosen-to-receive-the-art-film-fest-iff-festival-presidents-award-from-milan-lasica\\\/\",\"url\":\"https:\\\/\\\/iffartfilm.com\\\/en\\\/blog\\\/news\\\/2019\\\/06\\\/tefan-kvietik-slovak-icon-of-the-screen-and-stage-has-been-chosen-to-receive-the-art-film-fest-iff-festival-presidents-award-from-milan-lasica\\\/\",\"name\":\"tefan Kvietik, Slovak icon of the screen and stage, has been chosen to receive the Art Film Fest IFF Festival President\u2019s Award from Milan Lasica. &#8226; IFF ART FILM\",\"isPartOf\":{\"@id\":\"https:\\\/\\\/iffartfilm.com\\\/en\\\/#website\"},\"primaryImageOfPage\":{\"@id\":\"https:\\\/\\\/iffartfilm.com\\\/en\\\/blog\\\/news\\\/2019\\\/06\\\/tefan-kvietik-slovak-icon-of-the-screen-and-stage-has-been-chosen-to-receive-the-art-film-fest-iff-festival-presidents-award-from-milan-lasica\\\/#primaryimage\"},\"image\":{\"@id\":\"https:\\\/\\\/iffartfilm.com\\\/en\\\/blog\\\/news\\\/2019\\\/06\\\/tefan-kvietik-slovak-icon-of-the-screen-and-stage-has-been-chosen-to-receive-the-art-film-fest-iff-festival-presidents-award-from-milan-lasica\\\/#primaryimage\"},\"thumbnailUrl\":\"https:\\\/\\\/iffartfilm.com\\\/wp-content\\\/uploads\\\/2019\\\/06\\\/TS_13_\u0160tefan_Kvietik_foto_Miro_N\u00f4ta.jpg\",\"datePublished\":\"2019-06-20T14:49:58+00:00\",\"breadcrumb\":{\"@id\":\"https:\\\/\\\/iffartfilm.com\\\/en\\\/blog\\\/news\\\/2019\\\/06\\\/tefan-kvietik-slovak-icon-of-the-screen-and-stage-has-been-chosen-to-receive-the-art-film-fest-iff-festival-presidents-award-from-milan-lasica\\\/#breadcrumb\"},\"inLanguage\":\"en-US\",\"potentialAction\":[{\"@type\":\"ReadAction\",\"target\":[\"https:\\\/\\\/iffartfilm.com\\\/en\\\/blog\\\/news\\\/2019\\\/06\\\/tefan-kvietik-slovak-icon-of-the-screen-and-stage-has-been-chosen-to-receive-the-art-film-fest-iff-festival-presidents-award-from-milan-lasica\\\/\"]}]},{\"@type\":\"ImageObject\",\"inLanguage\":\"en-US\",\"@id\":\"https:\\\/\\\/iffartfilm.com\\\/en\\\/blog\\\/news\\\/2019\\\/06\\\/tefan-kvietik-slovak-icon-of-the-screen-and-stage-has-been-chosen-to-receive-the-art-film-fest-iff-festival-presidents-award-from-milan-lasica\\\/#primaryimage\",\"url\":\"https:\\\/\\\/iffartfilm.com\\\/wp-content\\\/uploads\\\/2019\\\/06\\\/TS_13_\u0160tefan_Kvietik_foto_Miro_N\u00f4ta.jpg\",\"contentUrl\":\"https:\\\/\\\/iffartfilm.com\\\/wp-content\\\/uploads\\\/2019\\\/06\\\/TS_13_\u0160tefan_Kvietik_foto_Miro_N\u00f4ta.jpg\",\"width\":800,\"height\":1200,\"caption\":\"\u0160tefan Kvietik\"},{\"@type\":\"BreadcrumbList\",\"@id\":\"https:\\\/\\\/iffartfilm.com\\\/en\\\/blog\\\/news\\\/2019\\\/06\\\/tefan-kvietik-slovak-icon-of-the-screen-and-stage-has-been-chosen-to-receive-the-art-film-fest-iff-festival-presidents-award-from-milan-lasica\\\/#breadcrumb\",\"itemListElement\":[{\"@type\":\"ListItem\",\"position\":1,\"name\":\"Dom\u00e1ca str\u00e1nka\",\"item\":\"https:\\\/\\\/iffartfilm.com\\\/en\\\/\"},{\"@type\":\"ListItem\",\"position\":2,\"name\":\"tefan Kvietik, Slovak icon of the screen and stage, has been chosen to receive the Art Film Fest IFF Festival President\u2019s Award from Milan Lasica.\"}]},{\"@type\":\"WebSite\",\"@id\":\"https:\\\/\\\/iffartfilm.com\\\/en\\\/#website\",\"url\":\"https:\\\/\\\/iffartfilm.com\\\/en\\\/\",\"name\":\"IFF ART FILM\",\"description\":\"Medzin\u00e1rodn\u00fd filmov\u00fd festival\",\"publisher\":{\"@id\":\"https:\\\/\\\/iffartfilm.com\\\/en\\\/#organization\"},\"alternateName\":\"Art Film\",\"potentialAction\":[{\"@type\":\"SearchAction\",\"target\":{\"@type\":\"EntryPoint\",\"urlTemplate\":\"https:\\\/\\\/iffartfilm.com\\\/en\\\/?s={search_term_string}\"},\"query-input\":{\"@type\":\"PropertyValueSpecification\",\"valueRequired\":true,\"valueName\":\"search_term_string\"}}],\"inLanguage\":\"en-US\"},{\"@type\":\"Organization\",\"@id\":\"https:\\\/\\\/iffartfilm.com\\\/en\\\/#organization\",\"name\":\"ART FILM FEST, s.r.o.\",\"url\":\"https:\\\/\\\/iffartfilm.com\\\/en\\\/\",\"logo\":{\"@type\":\"ImageObject\",\"inLanguage\":\"en-US\",\"@id\":\"https:\\\/\\\/iffartfilm.com\\\/en\\\/#\\\/schema\\\/logo\\\/image\\\/\",\"url\":\"https:\\\/\\\/iffartfilm.com\\\/wp-content\\\/uploads\\\/2024\\\/11\\\/aff-cinepass-2025.png\",\"contentUrl\":\"https:\\\/\\\/iffartfilm.com\\\/wp-content\\\/uploads\\\/2024\\\/11\\\/aff-cinepass-2025.png\",\"width\":486,\"height\":215,\"caption\":\"ART FILM FEST, s.r.o.\"},\"image\":{\"@id\":\"https:\\\/\\\/iffartfilm.com\\\/en\\\/#\\\/schema\\\/logo\\\/image\\\/\"},\"sameAs\":[\"https:\\\/\\\/www.facebook.com\\\/IFFArtFilmKosice\",\"https:\\\/\\\/x.com\\\/ArtFilmFestSVK\",\"https:\\\/\\\/www.instagram.com\\\/iffartfilmkosice\\\/\",\"https:\\\/\\\/www.youtube.com\\\/user\\\/artfilmfest81\\\/\",\"https:\\\/\\\/www.linkedin.com\\\/company\\\/international-film-festival-art-film\"]},{\"@type\":\"Person\",\"@id\":\"https:\\\/\\\/iffartfilm.com\\\/en\\\/#\\\/schema\\\/person\\\/55a097b32d28a560cbcd295bffd8f266\",\"name\":\"AFF Admin\",\"image\":{\"@type\":\"ImageObject\",\"inLanguage\":\"en-US\",\"@id\":\"https:\\\/\\\/secure.gravatar.com\\\/avatar\\\/5db5d37617da01600ba354e911ea20846b0b249da42f7c6e2aa10bdd0adaa7dc?s=96&d=mm&r=g\",\"url\":\"https:\\\/\\\/secure.gravatar.com\\\/avatar\\\/5db5d37617da01600ba354e911ea20846b0b249da42f7c6e2aa10bdd0adaa7dc?s=96&d=mm&r=g\",\"contentUrl\":\"https:\\\/\\\/secure.gravatar.com\\\/avatar\\\/5db5d37617da01600ba354e911ea20846b0b249da42f7c6e2aa10bdd0adaa7dc?s=96&d=mm&r=g\",\"caption\":\"AFF Admin\"},\"url\":\"https:\\\/\\\/iffartfilm.com\\\/en\\\/blog\\\/author\\\/branor\\\/\"}]}<\/script>\n<!-- \/ Yoast SEO Premium plugin. -->","yoast_head_json":{"title":"tefan Kvietik, Slovak icon of the screen and stage, has been chosen to receive the Art Film Fest IFF Festival President\u2019s Award from Milan Lasica. &#8226; IFF ART FILM","robots":{"index":"index","follow":"follow","max-snippet":"max-snippet:-1","max-image-preview":"max-image-preview:large","max-video-preview":"max-video-preview:-1"},"canonical":"https:\/\/iffartfilm.com\/en\/blog\/news\/2019\/06\/tefan-kvietik-slovak-icon-of-the-screen-and-stage-has-been-chosen-to-receive-the-art-film-fest-iff-festival-presidents-award-from-milan-lasica\/","og_locale":"en_US","og_type":"article","og_title":"tefan Kvietik, Slovak icon of the screen and stage, has been chosen to receive the Art Film Fest IFF Festival President\u2019s Award from Milan Lasica.","og_description":"An actor who needs no introduction.The obstinate Pirin from The Copper Tower, Samo Pichanda from Millennial Bee, the industrious Urban Habd\u017ea of Red Wine,","og_url":"https:\/\/iffartfilm.com\/en\/blog\/news\/2019\/06\/tefan-kvietik-slovak-icon-of-the-screen-and-stage-has-been-chosen-to-receive-the-art-film-fest-iff-festival-presidents-award-from-milan-lasica\/","og_site_name":"IFF ART FILM","article_publisher":"https:\/\/www.facebook.com\/IFFArtFilmKosice","article_published_time":"2019-06-20T14:49:58+00:00","og_image":[{"width":800,"height":1200,"url":"https:\/\/iffartfilm.com\/wp-content\/uploads\/2019\/06\/TS_13_\u0160tefan_Kvietik_foto_Miro_N\u00f4ta.jpg","type":"image\/jpeg"}],"author":"AFF Admin","twitter_card":"summary_large_image","twitter_creator":"@ArtFilmFestSVK","twitter_site":"@ArtFilmFestSVK","twitter_misc":{"Written by":"AFF Admin","Est. reading time":"3 minutes"},"schema":{"@context":"https:\/\/schema.org","@graph":[{"@type":"Article","@id":"https:\/\/iffartfilm.com\/en\/blog\/news\/2019\/06\/tefan-kvietik-slovak-icon-of-the-screen-and-stage-has-been-chosen-to-receive-the-art-film-fest-iff-festival-presidents-award-from-milan-lasica\/#article","isPartOf":{"@id":"https:\/\/iffartfilm.com\/en\/blog\/news\/2019\/06\/tefan-kvietik-slovak-icon-of-the-screen-and-stage-has-been-chosen-to-receive-the-art-film-fest-iff-festival-presidents-award-from-milan-lasica\/"},"author":{"name":"AFF Admin","@id":"https:\/\/iffartfilm.com\/en\/#\/schema\/person\/55a097b32d28a560cbcd295bffd8f266"},"headline":"tefan Kvietik, Slovak icon of the screen and stage, has been chosen to receive the Art Film Fest IFF Festival President\u2019s Award from Milan Lasica.","datePublished":"2019-06-20T14:49:58+00:00","mainEntityOfPage":{"@id":"https:\/\/iffartfilm.com\/en\/blog\/news\/2019\/06\/tefan-kvietik-slovak-icon-of-the-screen-and-stage-has-been-chosen-to-receive-the-art-film-fest-iff-festival-presidents-award-from-milan-lasica\/"},"wordCount":656,"publisher":{"@id":"https:\/\/iffartfilm.com\/en\/#organization"},"image":{"@id":"https:\/\/iffartfilm.com\/en\/blog\/news\/2019\/06\/tefan-kvietik-slovak-icon-of-the-screen-and-stage-has-been-chosen-to-receive-the-art-film-fest-iff-festival-presidents-award-from-milan-lasica\/#primaryimage"},"thumbnailUrl":"https:\/\/iffartfilm.com\/wp-content\/uploads\/2019\/06\/TS_13_\u0160tefan_Kvietik_foto_Miro_N\u00f4ta.jpg","articleSection":["News"],"inLanguage":"en-US"},{"@type":"WebPage","@id":"https:\/\/iffartfilm.com\/en\/blog\/news\/2019\/06\/tefan-kvietik-slovak-icon-of-the-screen-and-stage-has-been-chosen-to-receive-the-art-film-fest-iff-festival-presidents-award-from-milan-lasica\/","url":"https:\/\/iffartfilm.com\/en\/blog\/news\/2019\/06\/tefan-kvietik-slovak-icon-of-the-screen-and-stage-has-been-chosen-to-receive-the-art-film-fest-iff-festival-presidents-award-from-milan-lasica\/","name":"tefan Kvietik, Slovak icon of the screen and stage, has been chosen to receive the Art Film Fest IFF Festival President\u2019s Award from Milan Lasica. &#8226; IFF ART FILM","isPartOf":{"@id":"https:\/\/iffartfilm.com\/en\/#website"},"primaryImageOfPage":{"@id":"https:\/\/iffartfilm.com\/en\/blog\/news\/2019\/06\/tefan-kvietik-slovak-icon-of-the-screen-and-stage-has-been-chosen-to-receive-the-art-film-fest-iff-festival-presidents-award-from-milan-lasica\/#primaryimage"},"image":{"@id":"https:\/\/iffartfilm.com\/en\/blog\/news\/2019\/06\/tefan-kvietik-slovak-icon-of-the-screen-and-stage-has-been-chosen-to-receive-the-art-film-fest-iff-festival-presidents-award-from-milan-lasica\/#primaryimage"},"thumbnailUrl":"https:\/\/iffartfilm.com\/wp-content\/uploads\/2019\/06\/TS_13_\u0160tefan_Kvietik_foto_Miro_N\u00f4ta.jpg","datePublished":"2019-06-20T14:49:58+00:00","breadcrumb":{"@id":"https:\/\/iffartfilm.com\/en\/blog\/news\/2019\/06\/tefan-kvietik-slovak-icon-of-the-screen-and-stage-has-been-chosen-to-receive-the-art-film-fest-iff-festival-presidents-award-from-milan-lasica\/#breadcrumb"},"inLanguage":"en-US","potentialAction":[{"@type":"ReadAction","target":["https:\/\/iffartfilm.com\/en\/blog\/news\/2019\/06\/tefan-kvietik-slovak-icon-of-the-screen-and-stage-has-been-chosen-to-receive-the-art-film-fest-iff-festival-presidents-award-from-milan-lasica\/"]}]},{"@type":"ImageObject","inLanguage":"en-US","@id":"https:\/\/iffartfilm.com\/en\/blog\/news\/2019\/06\/tefan-kvietik-slovak-icon-of-the-screen-and-stage-has-been-chosen-to-receive-the-art-film-fest-iff-festival-presidents-award-from-milan-lasica\/#primaryimage","url":"https:\/\/iffartfilm.com\/wp-content\/uploads\/2019\/06\/TS_13_\u0160tefan_Kvietik_foto_Miro_N\u00f4ta.jpg","contentUrl":"https:\/\/iffartfilm.com\/wp-content\/uploads\/2019\/06\/TS_13_\u0160tefan_Kvietik_foto_Miro_N\u00f4ta.jpg","width":800,"height":1200,"caption":"\u0160tefan Kvietik"},{"@type":"BreadcrumbList","@id":"https:\/\/iffartfilm.com\/en\/blog\/news\/2019\/06\/tefan-kvietik-slovak-icon-of-the-screen-and-stage-has-been-chosen-to-receive-the-art-film-fest-iff-festival-presidents-award-from-milan-lasica\/#breadcrumb","itemListElement":[{"@type":"ListItem","position":1,"name":"Dom\u00e1ca str\u00e1nka","item":"https:\/\/iffartfilm.com\/en\/"},{"@type":"ListItem","position":2,"name":"tefan Kvietik, Slovak icon of the screen and stage, has been chosen to receive the Art Film Fest IFF Festival President\u2019s Award from Milan Lasica."}]},{"@type":"WebSite","@id":"https:\/\/iffartfilm.com\/en\/#website","url":"https:\/\/iffartfilm.com\/en\/","name":"IFF ART FILM","description":"Medzin\u00e1rodn\u00fd filmov\u00fd festival","publisher":{"@id":"https:\/\/iffartfilm.com\/en\/#organization"},"alternateName":"Art Film","potentialAction":[{"@type":"SearchAction","target":{"@type":"EntryPoint","urlTemplate":"https:\/\/iffartfilm.com\/en\/?s={search_term_string}"},"query-input":{"@type":"PropertyValueSpecification","valueRequired":true,"valueName":"search_term_string"}}],"inLanguage":"en-US"},{"@type":"Organization","@id":"https:\/\/iffartfilm.com\/en\/#organization","name":"ART FILM FEST, s.r.o.","url":"https:\/\/iffartfilm.com\/en\/","logo":{"@type":"ImageObject","inLanguage":"en-US","@id":"https:\/\/iffartfilm.com\/en\/#\/schema\/logo\/image\/","url":"https:\/\/iffartfilm.com\/wp-content\/uploads\/2024\/11\/aff-cinepass-2025.png","contentUrl":"https:\/\/iffartfilm.com\/wp-content\/uploads\/2024\/11\/aff-cinepass-2025.png","width":486,"height":215,"caption":"ART FILM FEST, s.r.o."},"image":{"@id":"https:\/\/iffartfilm.com\/en\/#\/schema\/logo\/image\/"},"sameAs":["https:\/\/www.facebook.com\/IFFArtFilmKosice","https:\/\/x.com\/ArtFilmFestSVK","https:\/\/www.instagram.com\/iffartfilmkosice\/","https:\/\/www.youtube.com\/user\/artfilmfest81\/","https:\/\/www.linkedin.com\/company\/international-film-festival-art-film"]},{"@type":"Person","@id":"https:\/\/iffartfilm.com\/en\/#\/schema\/person\/55a097b32d28a560cbcd295bffd8f266","name":"AFF Admin","image":{"@type":"ImageObject","inLanguage":"en-US","@id":"https:\/\/secure.gravatar.com\/avatar\/5db5d37617da01600ba354e911ea20846b0b249da42f7c6e2aa10bdd0adaa7dc?s=96&d=mm&r=g","url":"https:\/\/secure.gravatar.com\/avatar\/5db5d37617da01600ba354e911ea20846b0b249da42f7c6e2aa10bdd0adaa7dc?s=96&d=mm&r=g","contentUrl":"https:\/\/secure.gravatar.com\/avatar\/5db5d37617da01600ba354e911ea20846b0b249da42f7c6e2aa10bdd0adaa7dc?s=96&d=mm&r=g","caption":"AFF Admin"},"url":"https:\/\/iffartfilm.com\/en\/blog\/author\/branor\/"}]}},"_links":{"self":[{"href":"https:\/\/iffartfilm.com\/en\/wp-json\/wp\/v2\/posts\/14102","targetHints":{"allow":["GET"]}}],"collection":[{"href":"https:\/\/iffartfilm.com\/en\/wp-json\/wp\/v2\/posts"}],"about":[{"href":"https:\/\/iffartfilm.com\/en\/wp-json\/wp\/v2\/types\/post"}],"author":[{"embeddable":true,"href":"https:\/\/iffartfilm.com\/en\/wp-json\/wp\/v2\/users\/2"}],"replies":[{"embeddable":true,"href":"https:\/\/iffartfilm.com\/en\/wp-json\/wp\/v2\/comments?post=14102"}],"version-history":[{"count":0,"href":"https:\/\/iffartfilm.com\/en\/wp-json\/wp\/v2\/posts\/14102\/revisions"}],"wp:featuredmedia":[{"embeddable":true,"href":"https:\/\/iffartfilm.com\/en\/wp-json\/wp\/v2\/media\/13267"}],"wp:attachment":[{"href":"https:\/\/iffartfilm.com\/en\/wp-json\/wp\/v2\/media?parent=14102"}],"wp:term":[{"taxonomy":"category","embeddable":true,"href":"https:\/\/iffartfilm.com\/en\/wp-json\/wp\/v2\/categories?post=14102"},{"taxonomy":"post_tag","embeddable":true,"href":"https:\/\/iffartfilm.com\/en\/wp-json\/wp\/v2\/tags?post=14102"}],"curies":[{"name":"wp","href":"https:\/\/api.w.org\/{rel}","templated":true}]}}